{"id":1949,"date":"2011-10-11T00:07:45","date_gmt":"2011-10-11T00:07:45","guid":{"rendered":"http:\/\/pcb.org.br\/portal2\/?p=1949"},"modified":"2011-10-11T00:07:45","modified_gmt":"2011-10-11T00:07:45","slug":"envolva-se-junte-se-aos-amigos-de-ahmad-saadat","status":"publish","type":"post","link":"https:\/\/pcb.org.br\/portal2\/1949","title":{"rendered":"ENVOLVA-SE: Junte-se aos amigos de Ahmad Sa&#8217;adat!"},"content":{"rendered":"\n<p><a href=\"http:\/\/www.fightbacknews.org\/phpPETITION\/index.php\">Nova Peti\u00e7\u00e3o pela liberdade de Ahmad Sa&#8217;adat <\/a><\/p>\n<p>A campanha de liberta\u00e7\u00e3o de Ahmad Sa&#8217;adat est\u00e1 chamando todos os apoiadores da luta dos prisioneiros Palestinos e do povo Palestino, pela justi\u00e7a e liberdade, para se juntar, na rede, e coordenar, com o intuito de coordenar e mobilizar as popula\u00e7\u00f5es ao redor do mundo, o trabalho de liberta\u00e7\u00e3o de Ahmad Sa&#8217;adat e todos os Palestinos prisioneiros pol\u00edticos.<\/p>\n<p>O Amigos de Ahmad Sa&#8217;adat \u00e9 uma nova rede internacional de coordena\u00e7\u00e3o de apoio e solidariedade a ativistas de eventos na Palestina e no mundo \u00c1rabe, Europa, Am\u00e9rica do Norte, Am\u00e9rica Latina, Austr\u00e1lia, \u00c1sia, \u00c1frica. Essa rede coordenar\u00e1, internacionalmente, atrav\u00e9s de comunica\u00e7\u00e3o por email \u2013 exclusivamente para os prop\u00f3sitos do Amigos de Ahmad Sa&#8217;adat \u2013 eventos, atividades, distribui\u00e7\u00e3o liter\u00e1ria e outras coisas.<\/p>\n<p>Necessidades imediatas e atividados do Amigos de Ahmad Sa&#8217;adat incluem:<\/p>\n<p>TRADU\u00c7\u00c2O. Diversos materiais est\u00e3o dispon\u00edveis em \u00c1rabe e Ingl\u00eas, mas poucos, se tiver, em outro idioma. Comit\u00eas locais e apoiadores do Amigos de Ahmad Sa&#8217;adat podem desemprenhar um papel cr\u00edtico na tradu\u00e7\u00e3o de material de campanha em seus pa\u00edses e locais de comunica\u00e7\u00e3o no mesmo idioma. Essas tradu\u00e7\u00f5es podem, portanto, ser disponibilizadas para todos na campanha do site <a href=\"about:blank\">http:\/\/www.freeahmadsaadat.org<\/a>, assim como distribuir, para amigos, atrav\u00e9s de uma linha de comunica\u00e7\u00e3o por correio eletr\u00f4nico.<\/p>\n<p>EDUCA\u00c7\u00c2O LOCAL. Comit\u00eas locais do Amigos de Ahmad Sa&#8217;adat, subcomit\u00eas de organiza\u00e7\u00f5es existentes e redes podem desempenhar um papel importante na educa\u00e7\u00e3o do p\u00fablico: realizando eventos, distribuindo, eletronicamente, informa\u00e7\u00e3o de campanha, em eventos, na sua comunidade. Amigos europeus de Ahmad Sa&#8217;adat podem realizar reuni\u00f5es com Membros do Parlamento Europeu para encoraj\u00e1-los a tomar uma posi\u00e7\u00e3o forte no apoio \u00e0 liberdade de Ahmad Sa&#8217;adat e todos os Palestinos presos pol\u00edticos.<\/p>\n<p>DIA INTERNACIONAL DE A\u00c7\u00c3O. Apoiadores e comit\u00eas dos Amigos de Ahmad Sa&#8217;adat coordenar\u00e3o o planejamento de um dia internacional de a\u00e7\u00e3o em apoio \u00e0 liberdade de Ahmad Sa&#8217;adat \u2013 incluindo an\u00fancio, distribui\u00e7\u00e3o liter\u00e1ria, eventos locais e nacionais e muitos outros planos.<\/p>\n<p>Seu envolvimento ativo \u00e9 muito importante. Envolva-se com os Amigos de Ahmad Sa&#8217;adat \u2013 junte-se \u00e0 rede internacional, forme um grupo ou comit\u00ea local ou aja como apoiador com outros grupos na sua \u00e1rea \u2013 e ajude a sensibilizar e trabalhar pela liberta\u00e7\u00e3o de Ahmad Sa&#8217;adat e todos os Palestinos presos pol\u00edticos.<\/p>\n<p>Para se juntar aos Amigos de Ahmad Sa&#8217;adat, para discuss\u00e3o e planejamento de a\u00e7\u00f5es locais, nacionais e internacionais, por favor, adicione o seu endere\u00e7o eletr\u00f4nico no <a href=\"mailto:friendsofahmadsaadat-subscribe@yahoogroups.com\">friendsofahmadsaadat-subscribe@yahoogroups.com<\/a>.<\/p>\n<p>Fonte:\u00a0<a href=\"http:\/\/www.freeahmadsaadat.org\/arabicfriends.html\">http:\/\/www.freeahmadsaadat.org\/arabicfriends.html<\/a><\/p>\n","protected":false},"excerpt":{"rendered":"\n\n\nCr\u00e9dito: Free Ahmad Sa&#8217;adat\n\n\n\n\n\n\n\n\nChamado \u00c1rabe \n<a class=\"moretag\" href=\"https:\/\/pcb.org.br\/portal2\/1949\"> <\/a>","protected":false},"author":1,"featured_media":0,"comment_status":"open","ping_status":"open","sticky":false,"template":"","format":"standard","meta":{"jetpack_post_was_ever_published":false,"_jetpack_newsletter_access":"","_jetpack_dont_email_post_to_subs":false,"_jetpack_newsletter_tier_id":0,"_jetpack_memberships_contains_paywalled_content":false,"_jetpack_memberships_contains_paid_content":false,"footnotes":"","jetpack_publicize_message":"","jetpack_publicize_feature_enabled":true,"jetpack_social_post_already_shared":false,"jetpack_social_options":{"image_generator_settings":{"template":"highway","default_image_id":0,"font":"","enabled":false},"version":2}},"categories":[71],"tags":[],"class_list":["post-1949","post","type-post","status-publish","format-standard","hentry","category-c84-solidariedade"],"jetpack_publicize_connections":[],"jetpack_featured_media_url":"","jetpack_shortlink":"https:\/\/wp.me\/p659gw-vr","jetpack-related-posts":[],"jetpack_likes_enabled":true,"jetpack_sharing_enabled":true,"_links":{"self":[{"href":"https:\/\/pcb.org.br\/portal2\/wp-json\/wp\/v2\/posts\/1949","targetHints":{"allow":["GET"]}}],"collection":[{"href":"https:\/\/pcb.org.br\/portal2\/wp-json\/wp\/v2\/posts"}],"about":[{"href":"https:\/\/pcb.org.br\/portal2\/wp-json\/wp\/v2\/types\/post"}],"author":[{"embeddable":true,"href":"https:\/\/pcb.org.br\/portal2\/wp-json\/wp\/v2\/users\/1"}],"replies":[{"embeddable":true,"href":"https:\/\/pcb.org.br\/portal2\/wp-json\/wp\/v2\/comments?post=1949"}],"version-history":[{"count":0,"href":"https:\/\/pcb.org.br\/portal2\/wp-json\/wp\/v2\/posts\/1949\/revisions"}],"wp:attachment":[{"href":"https:\/\/pcb.org.br\/portal2\/wp-json\/wp\/v2\/media?parent=1949"}],"wp:term":[{"taxonomy":"category","embeddable":true,"href":"https:\/\/pcb.org.br\/portal2\/wp-json\/wp\/v2\/categories?post=1949"},{"taxonomy":"post_tag","embeddable":true,"href":"https:\/\/pcb.org.br\/portal2\/wp-json\/wp\/v2\/tags?post=1949"}],"curies":[{"name":"wp","href":"https:\/\/api.w.org\/{rel}","templated":true}]}}