{"id":19559,"date":"2018-05-06T14:33:39","date_gmt":"2018-05-06T17:33:39","guid":{"rendered":"https:\/\/pcb.org.br\/portal2\/?p=19559"},"modified":"2018-05-06T14:33:39","modified_gmt":"2018-05-06T17:33:39","slug":"karl-marx-completa-200-anos","status":"publish","type":"post","link":"https:\/\/pcb.org.br\/portal2\/19559","title":{"rendered":"Karl Marx completa 200 anos"},"content":{"rendered":"<p><img data-recalc-dims=\"1\" decoding=\"async\" class=\"imagem\" src=\"https:\/\/i0.wp.com\/marxismo21.org\/wp-content\/uploads\/2018\/05\/marx200-a.jpg?w=747&#038;ssl=1\" \/><!--more-->Dossi\u00ea marxismo21<\/p>\n<p><a href=\"https:\/\/marxismo21.org\/wp-content\/uploads\/2018\/05\/200-ANOS-KARL-MARX.pdf\">Nota editorial de marxismo21<\/a><\/p>\n<p>Em 5 de maio de 1818, nascia Karl Marx na cidade de Tr\u00e9veris (Trier) na Alemanha. Apesar de todas as dificuldades que teve de enfrentar em vida \u2013 falta de recursos para a sobreviv\u00eancia familiar nos diferentes pa\u00edses em que viveu, constante persegui\u00e7\u00e3o estatal-policial em diversos pa\u00edses, morte de v\u00e1rios filhos etc. \u2013, Marx produziu uma vasta, diversificada e criativa obra que abrangeu a filosofia, a economia, a pol\u00edtica, a hist\u00f3ria. \u00a0Nem mesmo seus advers\u00e1rios deixam de reconhecer que foi ele um dos maiores pensadores de toda a humanidade; ineg\u00e1vel tamb\u00e9m reconhecer que sua obra influenciou de maneira at\u00e9 ent\u00e3o desconhecida alguns dos mais importantes acontecimentos hist\u00f3ricos posteriores ao seu falecimento em 1883. Friedrich Engels, fiel amigo e companheiro d\u00b4armas, no dia do enterro de Marx, certeiramente, previu: \u201c<em>O seu nome continuar\u00e1 a viver pelos s\u00e9culos, e a sua obra tamb\u00e9m<\/em>!\u201d<\/p>\n<p>As formula\u00e7\u00f5es te\u00f3ricas de Marx adquiriram for\u00e7a material ao longo de todo o s\u00e9culo XX, inspirando diretamente o movimento oper\u00e1rio e socialista na Revolu\u00e7\u00e3o Sovi\u00e9tica de 1917 e outras revolu\u00e7\u00f5es em todo o mundo. Suas ideias conseguiram ultrapassar a derrota hist\u00f3rica dessas experi\u00eancias no final do s\u00e9culo passado, pois fornecem elementos te\u00f3ricos indispens\u00e1veis para a sua pr\u00f3pria compreens\u00e3o; entre elas, a tese da luta de classes e \u00a0a tese do desenvolvimento das for\u00e7as produtivas em contradi\u00e7\u00e3o com as rela\u00e7\u00f5es de produ\u00e7\u00e3o. De forma sint\u00e9tica, sua obra ajuda a explicar tanto as revolu\u00e7\u00f5es, como tamb\u00e9m as contrarrevolu\u00e7\u00f5es e os processos regressivos como o fascismo e o nazismo.\u00a0E hoje?<a href=\"https:\/\/marxismo21.org\/wp-content\/uploads\/2018\/05\/200-ANOS-KARL-MARX.pdf\">\u00a0ler mais<\/a><\/p>\n<p>I.\u00a0<a href=\"https:\/\/ayrtonbecalle.files.wordpress.com\/2015\/07\/marx-_-engels-histc3b3ria-org-florestan-fernandes-colec3a7c3a3o-grandes-cientistas-sociais.pdf\">Breve apresenta\u00e7\u00e3o de teses centrais do materialismo hist\u00f3rico<\/a>,\u00a0 Florestan Fernandes<\/p>\n<p>II. Eventos<\/p>\n<p><strong>Nacionais<\/strong><\/p>\n<p><a href=\"https:\/\/www.ifch.unicamp.br\/cemarx\/site\/coloquio-marxengels-cemarx\">IX Col\u00f3quio Internacional Marx e Engels,<\/a>\u00a0Unicamp \u2013 Campinas<\/p>\n<p><a href=\"http:\/\/www.marilia.unesp.br\/#!\/noticia\/2232\/bicentenario-de-karl-marx-e-tema-de-debate-cedem\/\">Bicenten\u00e1rio de Karl Marx<\/a>, Unesp, campus Mar\u00edlia<\/p>\n<p><a href=\"https:\/\/marxismo21.org\/wp-content\/uploads\/2018\/05\/PUC-MG.pdf\">200 anos de Marx,<\/a>\u00a0PUC \u2013 MG<\/p>\n<p><a href=\"http:\/\/www.marxhoje.com.br\/\">Marx Hoje<\/a>, Natal, UFRN<\/p>\n<p><a href=\"https:\/\/www3.unicentro.br\/eventos\/marx-200-anos\/\">Marx 200 anos<\/a>, Irati \u2013 Rio de Janeiro<\/p>\n<p><a href=\"https:\/\/www.sympla.com.br\/karl-marx---200-anos__267690\">Karl Marx 200 anos<\/a>, Joinville \u2013 Santa Catarina<\/p>\n<p><a href=\"http:\/\/nossaciencia.com.br\/oportunidades\/seminario-marx-200-anos\/\">Semin\u00e1rio Marx 200 anos<\/a>, Fortaleza \u2013 Cear\u00e1<\/p>\n<p><a href=\"http:\/\/nossaciencia.com.br\/oportunidades\/seminario-marx-200-anos\">Karl Marx e o direito<\/a>, Fortaleza \u2013 Cear\u00e1<\/p>\n<p><a href=\"https:\/\/ufersa.edu.br\/evento\/iii-seminario-internacional-direito-e-marxismo-200-anos-do-nascimento-de-karl-marx-a-contribuicao-marxiana-para-a-teoria-constitucional-e-politica-em-tempos-de-regresso-politico\/\">III Semin\u00e1rio Internacional Direito e Marxismo: 200 anos de Karl Marx<\/a>, Mossor\u00f3 \u2013 RG Norte<\/p>\n<p><a href=\"http:\/\/www.evento.br.com\/eventos\/3329109\/karl-marx-200-anos-depois\">Karl Marx 200 anos depois<\/a>, UF Campina Grande \u2013 Para\u00edba.<\/p>\n<p><img data-recalc-dims=\"1\" decoding=\"async\" class=\"imagem\" src=\"https:\/\/i0.wp.com\/marxismo21.org\/wp-content\/uploads\/2018\/05\/marx200-2.jpg?w=747&#038;ssl=1\" \/><\/p>\n<p><strong>Internacionais<\/strong><\/p>\n<p><a href=\"https:\/\/marx200.org\/\">Principal s\u00edtio internacional dedicado aos 200 anos de Karl Marx<\/a>\u00a0(textos, v\u00eddeos, atividades, s\u00edtios de pesquisa e v\u00e1rias outras informa\u00e7\u00f5es \u2013 em alem\u00e3o e ingl\u00eas)<\/p>\n<p><a href=\"https:\/\/marx200.org\/en\/termine\">Celebra\u00e7\u00f5es em diferentes pa\u00edses<\/a><\/p>\n<p><a href=\"https:\/\/www.esquerda.net\/topics\/200-anos-de-karl-marx\">Karl Marx: 200 anos,\u00a0<\/a>Confer\u00eancia em Lisboa \u2013 Portugal<\/p>\n<p><a href=\"http:\/\/www.letras.ulisboa.pt\/pt\/agenda\/jornada-de-reflexao-critica-uma-tarde-com-karl-marx-nos-200-anos-do-seu-nascimento\">Karl Marx nos seus 200 anos,<\/a>\u00a0Universidade de Lisboa \u2013 Portugal<\/p>\n<p><a href=\"https:\/\/marxdialecticalstudies.blogspot.com.br\/\">A 200 anni dalla nascita<\/a>, Ragusa, It\u00e1lia<\/p>\n<p><strong>III. Dossi\u00eas<\/strong><\/p>\n<p><strong>\u00a0<\/strong>Nacionais<\/p>\n<p><a href=\"https:\/\/esquerdaonline.com.br\/2018\/04\/24\/marx-200-carney-bowles-varoufakis\/\">Esquerda online<\/a><\/p>\n<p><a href=\"http:\/\/averdade.org.br\/2018\/02\/especial-karl-marx-200-anos\/\">A verdade<\/a><\/p>\n<p><a href=\"http:\/\/www.ihu.unisinos.br\/578599-marx\">Marx no bicenten\u00e1rio<\/a><\/p>\n<p><strong>Internacionais<\/strong><\/p>\n<p><a href=\"https:\/\/www.esquerda.net\/dossier\/bicentenario-de-karl-marx\/54639\">Bicenten\u00e1rio de Karl Marx, esquerda.net<\/a>\u00a0\u2013 Portugal<\/p>\n<p><a href=\"http:\/\/www.elcultural.com\/revista\/especial\/200-anos-de-Karl-Marx\/40895\">El cultural<\/a>, Madri \u2013 Espanha<\/p>\n<p><a href=\"http:\/\/marxiststudent.com\/200-years-since-the-birth-of-karl-marx-the-importance-of-marxist-theory\/\">Marxist Student Federation<\/a>, Londres \u2013 Inglaterra<\/p>\n<p><a href=\"http:\/\/www.culturematters.org.uk\/index.php\/marx200\">Culture Matters,<\/a>\u00a0Gr\u00e3-Bretanha<\/p>\n<p><a href=\"https:\/\/www.gettyimages.com\/event\/years-since-birth-of-karl-marx-775059991#\/karl-marx-the-founder-of-communism-and-author-of-das-kapital-and-picture-id515383828\">Gettyimages<\/a>, Estados Unidos<\/p>\n<p><a href=\"https:\/\/socialistworker.co.uk\/art\/46512\/Making+a+Marx+on+history+celebrating+200+years+since+Karl+Marxs+birth\">Socialist Worker<\/a>, Gr\u00e3-Bretanha<\/p>\n<p><a href=\"http:\/\/actuelmarx.parisnanterre.fr\/indexm.htm\">Actuel Marx,<\/a>\u00a0Paris \u2013 Fran\u00e7a<\/p>\n<p><a href=\"http:\/\/www.rifondazione.it\/primapagina\/?p=33627\"><u>\u00a0<\/u>Leggete Karl Marx!<\/a>\u00a0Marcello Musto e Immanuel Wallerstein<\/p>\n<p><strong>IV. V\u00eddeos<\/strong><\/p>\n<p><strong><a href=\"https:\/\/www.lahaine.org\/mundo.php\/video-karl-marx-200-anos\">Video Karl Marx<\/a>,\u00a0\u00a0<\/strong>N\u00e9stor Kohan<\/p>\n<hr \/>\n<p><a href=\"https:\/\/marxismo21.org\/marx-200-anos\/\" target=\"_blank\" rel=\"noopener\">https:\/\/marxismo21.org\/marx-<wbr \/>200-anos\/<\/a><\/p>\n<p><a href=\"https:\/\/marxismo21.org\/category\/dossies\/\" target=\"_blank\" rel=\"noopener\">https:\/\/marxismo21.org\/<wbr \/>category\/dossies\/<\/a><\/p>\n","protected":false},"excerpt":{"rendered":"<a class=\"moretag\" href=\"https:\/\/pcb.org.br\/portal2\/19559\"> <\/a>","protected":false},"author":1,"featured_media":0,"comment_status":"closed","ping_status":"closed","sticky":false,"template":"","format":"standard","meta":{"jetpack_post_was_ever_published":false,"_jetpack_newsletter_access":"","_jetpack_dont_email_post_to_subs":false,"_jetpack_newsletter_tier_id":0,"_jetpack_memberships_contains_paywalled_content":false,"_jetpack_memberships_contains_paid_content":false,"footnotes":"","jetpack_publicize_message":"","jetpack_publicize_feature_enabled":true,"jetpack_social_post_already_shared":true,"jetpack_social_options":{"image_generator_settings":{"template":"highway","default_image_id":0,"font":"","enabled":false},"version":2}},"categories":[50,33],"tags":[224],"class_list":["post-19559","post","type-post","status-publish","format-standard","hentry","category-c61-cultura-revolucionaria","category-c34-marxismo","tag-3b"],"jetpack_publicize_connections":[],"jetpack_featured_media_url":"","jetpack_shortlink":"https:\/\/wp.me\/p659gw-55t","jetpack-related-posts":[],"jetpack_likes_enabled":true,"jetpack_sharing_enabled":true,"_links":{"self":[{"href":"https:\/\/pcb.org.br\/portal2\/wp-json\/wp\/v2\/posts\/19559","targetHints":{"allow":["GET"]}}],"collection":[{"href":"https:\/\/pcb.org.br\/portal2\/wp-json\/wp\/v2\/posts"}],"about":[{"href":"https:\/\/pcb.org.br\/portal2\/wp-json\/wp\/v2\/types\/post"}],"author":[{"embeddable":true,"href":"https:\/\/pcb.org.br\/portal2\/wp-json\/wp\/v2\/users\/1"}],"replies":[{"embeddable":true,"href":"https:\/\/pcb.org.br\/portal2\/wp-json\/wp\/v2\/comments?post=19559"}],"version-history":[{"count":0,"href":"https:\/\/pcb.org.br\/portal2\/wp-json\/wp\/v2\/posts\/19559\/revisions"}],"wp:attachment":[{"href":"https:\/\/pcb.org.br\/portal2\/wp-json\/wp\/v2\/media?parent=19559"}],"wp:term":[{"taxonomy":"category","embeddable":true,"href":"https:\/\/pcb.org.br\/portal2\/wp-json\/wp\/v2\/categories?post=19559"},{"taxonomy":"post_tag","embeddable":true,"href":"https:\/\/pcb.org.br\/portal2\/wp-json\/wp\/v2\/tags?post=19559"}],"curies":[{"name":"wp","href":"https:\/\/api.w.org\/{rel}","templated":true}]}}