{"id":19587,"date":"2018-05-09T18:38:55","date_gmt":"2018-05-09T21:38:55","guid":{"rendered":"https:\/\/pcb.org.br\/portal2\/?p=19587"},"modified":"2018-05-09T18:38:55","modified_gmt":"2018-05-09T21:38:55","slug":"boulos-no-roda-viva-um-bom-inicio-para-a-reorganizacao-da-esquerda-socialista","status":"publish","type":"post","link":"https:\/\/pcb.org.br\/portal2\/19587","title":{"rendered":"Boulos no Roda Viva: um bom in\u00edcio para a reorganiza\u00e7\u00e3o da esquerda socialista"},"content":{"rendered":"<p><img decoding=\"async\" class=\"imagem\" title=\"imagem\" src=\"https:\/\/i0.wp.com\/www.psol50.org.br\/wp-content\/uploads\/2018\/05\/BoulosRodaViva.jpg\" alt=\"imagem\" \/><!--more-->Jornal O Poder Popular<\/p>\n<p>Nesta segunda-feira (07), presenciamos um marco na televis\u00e3o brasileira: a primeira entrevista em rede nacional da pr\u00e9-candidatura de Guilherme Boulos, coordenador do Movimento dos Trabalhadores Sem Teto (MTST), \u00e0 presid\u00eancia da Rep\u00fablica. A entrevista foi concedida ao vivo no programa Roda Viva, da TV Cultura.<\/p>\n<p>Com transmiss\u00e3o online, a entrevista do pr\u00e9 candidato da Frente de Esquerda Socialista, que engloba o Partido Socialismo e Liberdade (PSOL), o Partido Comunista Brasileiro (PCB), a Articula\u00e7\u00e3o dos Povos Ind\u00edgenas do Brasil (APIB), o MTST e diversos movimentos sociais, foi um momento \u00edmpar para o per\u00edodo pr\u00e9-eleitoral que vivemos. Rodeada de jornalistas e \u201cespecialistas\u201d, aquilo que deveria ser uma entrevista com o pr\u00e9-candidato \u00e0 presid\u00eancia mostrou na verdade o car\u00e1ter da imprensa burguesa: a todo momento, Guilherme Boulos recebia \u201ccascas de bananas\u201d, com perguntas que n\u00e3o buscavam questionar sua proposta de governo, mas sim associar sua imagem a uma esquerda que estaria ultrapassada, sem propostas &#8220;fact\u00edveis&#8221; para a pol\u00edtica brasileira.<\/p>\n<p>De forma qualificada, Boulos respondeu a todas as provoca\u00e7\u00f5es, mostrando sua capacidade pol\u00edtica e seu conhecimento nos mais diversos assuntos. Com uma excelente ret\u00f3rica, Boulos aceitou o desafio e enfrentou a bancada de desqualificados que nada aprenderam sobre como fazer uma entrevista digna. Cientistas pol\u00edticos que mal sabiam diferenciar o conceito de ideologia da caracteriza\u00e7\u00e3o das classes sociais receberam uma aula de sociologia, pol\u00edtica e direitos sociais. Para al\u00e9m da entrevista em si, que mostrou a clara tend\u00eancia de parcela consider\u00e1vel do jornalismo brasileiro em fabricar opini\u00f5es no interesse das classes dominantes, foi apresentada a qualidade pol\u00edtica de uma pr\u00e9-candidatura detentora de um programa anticapitalista, disposto a avan\u00e7ar na reorganiza\u00e7\u00e3o da esquerda socialista.<\/p>\n<p>O programa da plataforma Vamos, que \u00e9 a base de sustenta\u00e7\u00e3o pol\u00edtica da pr\u00e9 candidatura de Boulos e S\u00f4nia Guajajara, \u00e9 reflexo do contexto em que est\u00e1 hoje inserida a esquerda socialista: com muito pouco espa\u00e7o de afirma\u00e7\u00e3o de suas ideias no per\u00edodo da concilia\u00e7\u00e3o de classes desenvolvida pelos governos petistas, h\u00e1 uma conjuntura adversa de ataques aos direitos da classe trabalhadora, com uma popula\u00e7\u00e3o profundamente desacreditada no sistema pol\u00edtico burgu\u00eas, ao mesmo tempo em que abrem-se possibilidades para a retomada da organiza\u00e7\u00e3o popular, para o que \u00e9 preciso apresentar um discurso voltado \u00e0s lutas imediatas, sem descolar da necessidade de romper com o capitalismo e construir uma plataforma pol\u00edtica de acordo com os interesses e necessidades gerais dos trabalhadores e setores populares.<\/p>\n<p>Ao falar de taxa\u00e7\u00e3o das grandes fortunas, pol\u00edtica de habita\u00e7\u00e3o e reformas sociais de base, Boulos apresentou um programa que est\u00e1 ligado aos interesses da ampla maioria da popula\u00e7\u00e3o, n\u00e3o para agradar a imprensa e os setores que historicamente controlam a pol\u00edtica no pa\u00eds. Foi insistente no ataque aos privil\u00e9gios dos banqueiros e na necessidade de realizar reformas tribut\u00e1rias e plebiscitos que incentivem a participa\u00e7\u00e3o popular nos rumos do Brasil. Isto porque a candidatura de Boulos tem um car\u00e1ter essencial de reorganiza\u00e7\u00e3o dos movimentos populares, para que haja a possibilidade real de um resultado pol\u00edtico ap\u00f3s outubro, contribuindo para o fortalecimento das e dos muitos enfrentamentos aos governos que vir\u00e3o.<\/p>\n<p>Al\u00e9m disso, o discurso de Boulos mostrou sua diferen\u00e7a com outras pr\u00e9-candidaturas de vi\u00e9s progressista, mas que vacilam em colocar o dedo na ferida do capitalismo. Enquanto as candidaturas do PT, PCdoB e PDT j\u00e1 mostram suas aberturas para alian\u00e7as com setores que h\u00e1 muito governam o pa\u00eds, respons\u00e1veis pelo golpe parlamentar-midi\u00e1tico de 2016 e pelos retrocessos pol\u00edticos e sociais em curso, Boulos apresenta a proposta de coliga\u00e7\u00e3o com o PCB e tem como vice a l\u00edder ind\u00edgena S\u00f4nia Guajajara, comprovando o compromisso pol\u00edtico com os povos oprimidos e com a constru\u00e7\u00e3o do poder popular.<\/p>\n<p>Setores descontentes com os rumos de partidos da esquerda que continuam com o projeto de concilia\u00e7\u00e3o podem aproximar-se da candidatura de Boulos, o que \u00e9 favor\u00e1vel para o movimento de reorganiza\u00e7\u00e3o da esquerda socialista, que dever\u00e1 firmar-se no trabalho de base e no enfrentamento aos ataques da burguesia e aos muitos pacotes de maldades que ainda est\u00e3o sendo gestados contra os trabalhadores. Por isso, \u00e9 fundamental que a milit\u00e2ncia comunista e socialista esteja preparada para o embate pol\u00edtico de uma campanha que ser\u00e1 bastante ideol\u00f3gica, enfrentando as candidaturas mais reacion\u00e1rias e aquelas que ainda apostam na concilia\u00e7\u00e3o de classes e na continuidade da pol\u00edtica neoliberal. A entrevista de Boulos no Roda Viva foi o pontap\u00e9 inicial para hastear a bandeira de \u201cVamos com Boulos!\u201d e que \u00e9 poss\u00edvel apresentar um programa pol\u00edtico de governo elaborado com e em favor dos trabalhadores, no rumo da constru\u00e7\u00e3o do poder popular e do socialismo.<\/p>\n<p>Por Ant\u00f4nio Lima J\u00fanior e Ricardo Costa (militantes do PCB e colaboradores do Jornal O Poder Popular)<\/p>\n<p>Assista abaixo os melhores momentos da entrevista e a fala de Boulos ao final do programa:<\/p>\n<blockquote class=\"wp-embedded-content\" data-secret=\"3m927xESjC\"><p><a href=\"http:\/\/www.psol50.org.br\/5-grandes-momentos-de-guilherme-boulos-no-roda-viva\/\">5 grandes momentos de Guilherme Boulos no Roda Viva<\/a><\/p><\/blockquote>\n<p><iframe loading=\"lazy\" class=\"wp-embedded-content\" sandbox=\"allow-scripts\" security=\"restricted\" style=\"position: absolute; clip: rect(1px, 1px, 1px, 1px);\" src=\"http:\/\/www.psol50.org.br\/5-grandes-momentos-de-guilherme-boulos-no-roda-viva\/embed\/#?secret=3m927xESjC\" data-secret=\"3m927xESjC\" width=\"600\" height=\"338\" title=\"&#8220;5 grandes momentos de Guilherme Boulos no Roda Viva&#8221; &#8212; PSOL\" frameborder=\"0\" marginwidth=\"0\" marginheight=\"0\" scrolling=\"no\"><\/iframe><\/p>\n<div class=\"fb-video\" data-allowfullscreen=\"true\" data-href=\"https:\/\/www.facebook.com\/guilhermeboulos.oficial\/videos\/1030451353772082\/\" style=\"background-color: #fff; display: inline-block;\"><\/div>\n","protected":false},"excerpt":{"rendered":"<a class=\"moretag\" href=\"https:\/\/pcb.org.br\/portal2\/19587\"> <\/a>","protected":false},"author":1,"featured_media":0,"comment_status":"closed","ping_status":"closed","sticky":false,"template":"","format":"standard","meta":{"jetpack_post_was_ever_published":false,"_jetpack_newsletter_access":"","_jetpack_dont_email_post_to_subs":false,"_jetpack_newsletter_tier_id":0,"_jetpack_memberships_contains_paywalled_content":false,"_jetpack_memberships_contains_paid_content":false,"footnotes":"","jetpack_publicize_message":"","jetpack_publicize_feature_enabled":true,"jetpack_social_post_already_shared":true,"jetpack_social_options":{"image_generator_settings":{"template":"highway","default_image_id":0,"font":"","enabled":false},"version":2}},"categories":[7],"tags":[234],"class_list":["post-19587","post","type-post","status-publish","format-standard","hentry","category-s8-brasil","tag-6b"],"jetpack_publicize_connections":[],"jetpack_featured_media_url":"","jetpack_shortlink":"https:\/\/wp.me\/p659gw-55V","jetpack-related-posts":[],"jetpack_likes_enabled":true,"jetpack_sharing_enabled":true,"_links":{"self":[{"href":"https:\/\/pcb.org.br\/portal2\/wp-json\/wp\/v2\/posts\/19587","targetHints":{"allow":["GET"]}}],"collection":[{"href":"https:\/\/pcb.org.br\/portal2\/wp-json\/wp\/v2\/posts"}],"about":[{"href":"https:\/\/pcb.org.br\/portal2\/wp-json\/wp\/v2\/types\/post"}],"author":[{"embeddable":true,"href":"https:\/\/pcb.org.br\/portal2\/wp-json\/wp\/v2\/users\/1"}],"replies":[{"embeddable":true,"href":"https:\/\/pcb.org.br\/portal2\/wp-json\/wp\/v2\/comments?post=19587"}],"version-history":[{"count":0,"href":"https:\/\/pcb.org.br\/portal2\/wp-json\/wp\/v2\/posts\/19587\/revisions"}],"wp:attachment":[{"href":"https:\/\/pcb.org.br\/portal2\/wp-json\/wp\/v2\/media?parent=19587"}],"wp:term":[{"taxonomy":"category","embeddable":true,"href":"https:\/\/pcb.org.br\/portal2\/wp-json\/wp\/v2\/categories?post=19587"},{"taxonomy":"post_tag","embeddable":true,"href":"https:\/\/pcb.org.br\/portal2\/wp-json\/wp\/v2\/tags?post=19587"}],"curies":[{"name":"wp","href":"https:\/\/api.w.org\/{rel}","templated":true}]}}