{"id":19637,"date":"2018-05-13T22:04:29","date_gmt":"2018-05-14T01:04:29","guid":{"rendered":"https:\/\/pcb.org.br\/portal2\/?p=19637"},"modified":"2018-05-14T20:20:20","modified_gmt":"2018-05-14T23:20:20","slug":"querido-amigo-e-camarada-jesus-santrich","status":"publish","type":"post","link":"https:\/\/pcb.org.br\/portal2\/19637","title":{"rendered":"Querido amigo e camarada Jesus Santrich"},"content":{"rendered":"<p><img decoding=\"async\" class=\"imagem\" title=\"imagem\" src=\"https:\/\/lh3.googleusercontent.com\/51PQbY489w1bYpqPgaVcxJBi_VRnIYz9quuX6fg9RY0b-xj07OBnoM1TXENvI1BMjGuhYUdEjWz5367R_yN2NEV0CDoM4lgo6RwcCVxUdmWoJln1MlGv-6vgx85pI-uQi2ZCgZ2gTmHxyh5IjotUkkByX7vQMhL2la4cf0AmmydG4asdTdjjl4ZiTaKdh98e8HSPhpvr2AEsiL4LdrDtCZJEjBsBYz6cX1681JcshxGJuBtVsHxpCezak8L1vxATmbeljbWbJZaIQC-0XNj-0fAslIewiEecCBQpHN90lHgVkMcUKgHTMNt3BeZrmgAJi8a70_-LFbczaEPxtUzozdBO0oNadtBYKGAEyfYrr3kmaoPnLzErR5ARSB9AqDsG8uFMy6Jq-kJh9cccdoHGoscZH6gtEvjlVUoNjuBCg5WWFuWmsBPVL5qtjecklhI3HHl7N0KydtWI6_BfO0k1xsaFh-Lz89SYDuy0qKO92aCZkzadOQs7d8Pmstxil_geuvpbPBdjFgTESYwP-skh0PM_DeaVCe5Yo0qAPjrBLV1kwQ38EnyEXBqiK60yJQfv3pCJ8Uvm3WCZzdA1xz37HHVcl-oisqaMy5Z2A-g=w1470-h1626-no\" alt=\"imagem\" \/><!--more-->Esta fotografia que guardo com carinho \u2013 tomada enquanto voc\u00ea me entrevistava para a r\u00e1dio guerrilheira \u2013 \u00e9 de 2006, quando de minha estada num acampamento das FARC-EP, em companhia de Oscar Figuera\u00b9 e de Patr\u00edcio Etchegaray\u00b2 (que nos deixou h\u00e1 um ano), em um encontro com uma delega\u00e7\u00e3o do Secretariado, incluindo voc\u00ea e o tamb\u00e9m amigo e camarada Iv\u00e1n M\u00e1rquez, para passarmos em revista a situa\u00e7\u00e3o da Col\u00f4mbia, da Venezuela e da Am\u00e9rica Latina em geral, com o objetivo de fortalecer a solidariedade \u00e0 insurg\u00eancia fariana e contribuir, em nossos pa\u00edses, para uma poss\u00edvel solu\u00e7\u00e3o pol\u00edtica para o conflito colombiano.<\/p>\n<p>Tendo tocado a voc\u00ea a tarefa de me dar assist\u00eancia nos intervalos do encontro, nasceu ali, al\u00e9m da nossa amizade, uma grande admira\u00e7\u00e3o minha pelo j\u00e1 ent\u00e3o lend\u00e1rio Jesus Santrich, tradu\u00e7\u00e3o perfeita do homem novo de que falava Lenin e da c\u00e9lebre frase do Ch\u00ea, da forma como entendemos os revolucion\u00e1rios, ou seja, endurecer sempre com os inimigos de classe, sem perder a ternura com nossos camaradas e amigos e com os explorados e oprimidos.<\/p>\n<p><img decoding=\"async\" class=\"imagem\" title=\"imagem\" src=\"https:\/\/lh3.googleusercontent.com\/k_HYDsuDwwtGd2a8Lr9ksl7W7ECyz2pFvGLKy1dmGGsI39975V92Evqgt1WI9lUjerQsIRy4UzA-tqcX9ZpW9SgOuzRLCxijizPeptSqXvVyC_kxI73ynI-IaXB6Ux4tchbB3zR6TZAWX8-YFsaYv1CzeGe9O6ICeN2WtccWtAe4v__qDU471YAVB06ewCtcRspIotrtdbW1Vkg9PVmEmY9FKvrvRd_YiZYTuf41hJl1_xTcgdfIvhKgoIaAhREojFNkmUqlJ_IYkVnHt59RNsCx380y0cz2aAC5xFObKgSERfJq3grHLXZqAiY1LPKESvOXVveIcbVjYvr4Jjp9EbGvnxwavOAdJ2CC3UyTs_UK2ZORLUsn0uHzwxsNFzq235jUCh9NtDF5h9KYAWkHWULolFWdOhmjGccXTjc47Bwo1ahVwomIB1GUEiJFTTRiFmiLKhHMBli7ZlXAla08FULPKcAZ03UVI6EoCRWAiviAJBFrygFwBkzFR1yOMDu4LB65WRa3PfmEuj2ZEoMOiBrecRceY2JRz65znDlmc7b-XioS_lIk3MCQP0nt8UFiFEenIubI5KGPnxCyPEAxbAxwUIQqWjzhjn72rMY=w1470-h1626-no\" alt=\"imagem\" \/>Depois disso, nos vimos mais tr\u00eas vezes em Cuba, entre os amigos que acompanh\u00e1vamos de perto os Di\u00e1logos de Havana, quando estreitamos nossa amizade e pude conhecer melhor seu bom humor constante e suas brincadeiras carinhosas com os companheiros, seu preparo te\u00f3rico e firmeza ideol\u00f3gica, sua sensibilidade art\u00edstica como poeta, m\u00fasico e como o pintor que me emocionou com o quadro a mim dedicado, que reina absoluto no espa\u00e7o de onde lhe escrevo.<\/p>\n<p>Desde que come\u00e7ou sua greve de fome, entendi perfeitamente que voc\u00ea fez dessa decis\u00e3o extrema e corajosa uma forma de luta e de indigna\u00e7\u00e3o, talvez a \u00fanica ao seu alcance, frente \u00e0 absurda e repugnante farsa judicial que lhe move o conluio do estado terrorista colombiano com o imperialismo norte-americano. Voc\u00ea n\u00e3o foi escolhido v\u00edtima dessa montagem por sorteio, mas para calarem a voz mais inc\u00f4moda, qualificada e estridente na den\u00fancia do novo genoc\u00eddio pol\u00edtico que vem sendo promovido pelo estado colombiano, sob a falsa bandeira do paramilitarismo, e suas transgress\u00f5es ao chamado acordo de paz, sobretudo a n\u00e3o aplica\u00e7\u00e3o da anistia aos ex-guerrilheiros presos.<\/p>\n<p>Mas sua \u00e9pica greve de fome, camarada Santrich, j\u00e1 \u00e9 vitoriosa. A ampla solidariedade que vem recebendo e a den\u00fancia da arbitrariedade de que \u00e9 v\u00edtima vem se espalhando pelo mundo, desmoralizando a farsa judicial, as palavras e a\u00e7\u00f5es do estado terrorista colombiano.<\/p>\n<p>Diante das not\u00edcias que recebo, dando conta do agravamento do seu estado de sa\u00fade, t\u00eam raz\u00e3o todos os in\u00fameros amigos, camaradas e simpatizantes que voc\u00ea conquistou em todas as partes: \u00e9 hora de cessar sua greve de fome, camarada!<\/p>\n<p>Precisamos de suas ideias, atitudes e propostas, seus poemas, m\u00fasicas e pinturas.<\/p>\n<p>N\u00e3o deixe que calem sua voz!<\/p>\n<p>Precisamos de voc\u00ea vivo, camarada Jesus Santrich!<\/p>\n<p><strong><em>Ivan Pinheiro<\/em><\/strong><\/p>\n<p>(Membro do Comit\u00ea Central do PCB &#8211; Partido Comunista Brasileiro)<\/p>\n<p>1. Secret\u00e1rio Geral do PCV (Partido Comunista de Venezuela)<\/p>\n<p>2. ex-Secret\u00e1rio Geral do PCA (Partido Comunista Argentino)<\/p>\n","protected":false},"excerpt":{"rendered":"<a class=\"moretag\" href=\"https:\/\/pcb.org.br\/portal2\/19637\"> <\/a>","protected":false},"author":1,"featured_media":0,"comment_status":"closed","ping_status":"closed","sticky":false,"template":"","format":"standard","meta":{"jetpack_post_was_ever_published":false,"_jetpack_newsletter_access":"","_jetpack_dont_email_post_to_subs":false,"_jetpack_newsletter_tier_id":0,"_jetpack_memberships_contains_paywalled_content":false,"_jetpack_memberships_contains_paid_content":false,"footnotes":"","jetpack_publicize_message":"","jetpack_publicize_feature_enabled":true,"jetpack_social_post_already_shared":true,"jetpack_social_options":{"image_generator_settings":{"template":"highway","default_image_id":0,"font":"","enabled":false},"version":2}},"categories":[34,71],"tags":[234],"class_list":["post-19637","post","type-post","status-publish","format-standard","hentry","category-c39-colombia","category-c84-solidariedade","tag-6b"],"jetpack_publicize_connections":[],"jetpack_featured_media_url":"","jetpack_shortlink":"https:\/\/wp.me\/p659gw-56J","jetpack-related-posts":[],"jetpack_likes_enabled":true,"jetpack_sharing_enabled":true,"_links":{"self":[{"href":"https:\/\/pcb.org.br\/portal2\/wp-json\/wp\/v2\/posts\/19637","targetHints":{"allow":["GET"]}}],"collection":[{"href":"https:\/\/pcb.org.br\/portal2\/wp-json\/wp\/v2\/posts"}],"about":[{"href":"https:\/\/pcb.org.br\/portal2\/wp-json\/wp\/v2\/types\/post"}],"author":[{"embeddable":true,"href":"https:\/\/pcb.org.br\/portal2\/wp-json\/wp\/v2\/users\/1"}],"replies":[{"embeddable":true,"href":"https:\/\/pcb.org.br\/portal2\/wp-json\/wp\/v2\/comments?post=19637"}],"version-history":[{"count":0,"href":"https:\/\/pcb.org.br\/portal2\/wp-json\/wp\/v2\/posts\/19637\/revisions"}],"wp:attachment":[{"href":"https:\/\/pcb.org.br\/portal2\/wp-json\/wp\/v2\/media?parent=19637"}],"wp:term":[{"taxonomy":"category","embeddable":true,"href":"https:\/\/pcb.org.br\/portal2\/wp-json\/wp\/v2\/categories?post=19637"},{"taxonomy":"post_tag","embeddable":true,"href":"https:\/\/pcb.org.br\/portal2\/wp-json\/wp\/v2\/tags?post=19637"}],"curies":[{"name":"wp","href":"https:\/\/api.w.org\/{rel}","templated":true}]}}