{"id":19671,"date":"2018-05-15T17:56:25","date_gmt":"2018-05-15T20:56:25","guid":{"rendered":"https:\/\/pcb.org.br\/portal2\/?p=19671"},"modified":"2018-05-18T20:21:45","modified_gmt":"2018-05-18T23:21:45","slug":"pcb-repudia-massacre-de-palestinos-pelo-exercito-sionista-de-israel","status":"publish","type":"post","link":"https:\/\/pcb.org.br\/portal2\/19671","title":{"rendered":"PCB repudia massacre de palestinos pelo ex\u00e9rcito sionista de Israel"},"content":{"rendered":"<p><img decoding=\"async\" class=\"imagem\" title=\"imagem\" src=\"https:\/\/i1.wp.com\/m-es.almayadeen.net\/archive\/image\/2018\/5\/14\/d689353c-ba3d-410b-a991-fd9c961c0f45.jpg?width=626\" alt=\"imagem\" \/><!--more-->O Partido Comunista Brasileiro (PCB) manifesta seu rep\u00fadio e indigna\u00e7\u00e3o diante de um novo massacre do povo palestino promovido pelo Estado de Israel, quando os palestinos manifestavam seu protesto contra o translado da embaixada dos Estados Unidos de Tel Aviv para Jerusal\u00e9m e tamb\u00e9m lembravam a expuls\u00e3o de mais de 700 mil palestinos de sua terra natal, epis\u00f3dio conhecido como Nakba. O ex\u00e9rcito sionista abriu fogo contra civis desarmados na Faixa de Gaza, resultando em 58 mortos e mais de 2 mil feridos. Ao mesmo tempo em que repudia energicamente esse ato b\u00e1rbaro, o PCB expressa sua irrestrita solidariedade ao povo palestino e suas organiza\u00e7\u00f5es nessa jornada de lutas contra a opress\u00e3o sionista e seu aliado, o imperialismo norte-americano.<\/p>\n<p>Como todos sabem, Jerusal\u00e9m \u00e9 a capital hist\u00f3rica da Palestina, hoje ocupada pelo ex\u00e9rcito israelense. A transfer\u00eancia da embaixada \u00e9 um ato de provoca\u00e7\u00e3o que demonstra o apoio dos Estados Unidos \u00e0 pol\u00edtica de guerra de exterm\u00ednio promovida por Israel contra o povo palestino. \u00c9 tamb\u00e9m mais uma demonstra\u00e7\u00e3o da manuten\u00e7\u00e3o e do recrudescimento da pol\u00edtica belicista norte-americana que, no Oriente M\u00e9dio e em outras partes do mundo, n\u00e3o hesita em financiar e armar mercen\u00e1rios, invadir e bombardear na\u00e7\u00f5es para combater governos que n\u00e3o se submetem a seus interesses.<\/p>\n<p>A pol\u00edtica de exterm\u00ednio do povo palestino, exercitada ao longo dos \u00faltimos 70 anos, n\u00e3o pode ser tolerada. Exigimos que o governo brasileiro se pronuncie denunciando o massacre e conclamamos governos e organiza\u00e7\u00f5es sociais e pol\u00edticas de todo o mundo a se manifestar contra essa barb\u00e1rie, a reconhecer Jerusal\u00e9m como capital palestina e a isolar Israel e Estados Unidos na esfera pol\u00edtica internacional.<\/p>\n<p><strong>Comiss\u00e3o Pol\u00edtica Nacional do PCB<\/strong><\/p>\n<hr \/>\n<p>Seguem abaixo outras not\u00edcias sobre o massacre, postadas no Blog SOMOS TODOS PALESTINOS<\/p>\n<p>http:\/\/somostodospalestinos.blogspot.com\/2018\/05\/israel-massacra-o-povo-palestino-nos-70.html<\/p>\n<p><img decoding=\"async\" class=\"imagem\" title=\"imagem\" src=\"https:\/\/i1.wp.com\/cdn.hispantv.com\/hispanmedia\/files\/images\/thumbnail\/20180514\/15170732_xl.jpg\" alt=\"imagem\" \/><strong>Israel massacra o povo palestino nos 70 anos de ocupa\u00e7\u00e3o militar da Palestina!<\/strong><\/p>\n<p>Os Estados Unidos transferiram sua embaixada de Tel Aviv para Jerusal\u00e9m na segunda-feira, em meio a protestos registrados em toda a Faixa de Gaza durante a chamada &#8220;Grande Marcha de Retorno&#8221;.<\/p>\n<p>Manifestantes palestinos protestam contra as for\u00e7as israelenses na fronteira da Faixa de Gaza e dos territ\u00f3rios ocupados, em 14 de maio de 2018.<\/p>\n<p>Wasel Abu Yusef, um membro do comit\u00ea executivo da OLP, cham\u200bou na segunda-feira os palestinos a fazer\u200bem\u200b uma greve geral na Cisjord\u00e2nia e \u200ba \u200bocupada Faixa de Gaza para lamentar o mart\u00edrio de v\u00edtimas palestinas em virtude da repress\u00e3o violenta de \u200bfor\u00e7as israelenses em Gaza.<\/p>\n<p>Em um dia sangrento, as for\u00e7as de guerra \u200bde Israel mataram segunda-feira dezenas de palestinos e feri\u200bram milhares durante as manifesta\u00e7\u00f5es de massa contra a abertura da embaixada dos Estados Unidos na cidade palestina de Al-Quds (Jerusal\u00e9m).<\/p>\n<p>Segundo dados oficiais, mais de 106 palestinos foram mortos at\u00e9 agora pelo disparo das for\u00e7as israelenses desde o in\u00edcio das marchas, em 30 de mar\u00e7o, por ocasi\u00e3o do Dia da Terra na Palestina. Desde ent\u00e3o, quase dez mil pessoas ficaram feridas.<\/p>\n<p>https:\/\/www.hispantv.com\/noticias<\/p>\n<p><img data-recalc-dims=\"1\" decoding=\"async\" class=\"imagem\" title=\"imagem\" src=\"https:\/\/i0.wp.com\/cdn.hispantv.com\/hispanmedia\/files\/images\/thumbnail\/20180514\/14002469_xl.jpg?w=747&#038;ssl=1\" alt=\"imagem\" \/><strong>Israel perpetra &#8220;um genoc\u00eddio&#8221; em Gaza<\/strong><\/p>\n<p>Os palestinos carregam o corpo de um jovem ferido por tiros israelenses na fronteira de Gaza e nos territ\u00f3rios ocupados, em 14 de maio de 2018.<\/p>\n<p>O Governo da Autoridade Nacional Palestina (ANP) acusou o governo de Israel de cometer &#8220;um massacre horr\u00edvel&#8221; no territ\u00f3rio de Gaza, onde dezenas de palestinos foram mortos pelo fogo das for\u00e7as israelenses em protestos na fronteira entre Gaza e os territ\u00f3rios ocupados.<\/p>\n<p>O porta-voz do governo palestino, Yusuf al-Mahmud, exigiu nesta segunda-feira &#8220;uma interven\u00e7\u00e3o internacional imediata para impedir o massacre horr\u00edvel em Gaza, cometido pelas for\u00e7as da ocupa\u00e7\u00e3o israelense&#8221;.<\/p>\n<p>Em um dia sangrento, as for\u00e7as de guerra de Israel mataram dezenas de palestinos e feriram milhares no vale da fronteira de Gaza, em meio \u00e0s marchas maci\u00e7as contra a abertura da embaixada dos EUA na cidade palestina de Al-Quds (Jerusal\u00e9m).<\/p>\n<p>Da mesma forma, a Organiza\u00e7\u00e3o para a Liberta\u00e7\u00e3o da Palestina (OLP), liderada por Mahmoud Abbas, denunciou \u200bque \u200bos Estados Unidos, \u200bpela transfer\u00eancia da embaixada para Al-Quds, apoia e legitima pol\u00edticas israelenses ilegais e suas medidas, que prejudicam os direitos fundamentais dos palestinos e evidenciam as graves viola\u00e7\u00f5es do direito internacional.<\/p>\n<p>O Minist\u00e9rio da Sa\u00fade de Gaza informou que cerca de 12 rep\u00f3rteres ficaram feridos durante os protestos, disseram as fontes.<\/p>\n<p>Na opini\u00e3o do presidente turco, Recep Tayyip Erdogan, Washington perdeu seu poder de mediar no Oriente M\u00e9dio ao tomar a decis\u00e3o de mudar sua embaixada em Israel de Tel Aviv para Al-Quds. Enquanto isso, o Egito condena o assassinato de palestinos pelo regime israelense.<\/p>\n<p>Tamb\u00e9m o embaixador da Palestina na Espanha, Musa Amer Odeh, acusou os EUA\u200b por manter pol\u00edticas destrutivas na regi\u00e3o e enfatizou que a decis\u00e3o de Washington de reconhecer o Al-Quds como capital e movimentar sua embaixada &#8220;p\u00f5e em perigo a estabilidade, a paz e a seguran\u00e7a no mundo&#8221;.<\/p>\n<p>https:\/\/www.hispantv.com\/noticias<\/p>\n<p><img decoding=\"async\" class=\"imagem\" title=\"imagem\" src=\"https:\/\/i1.wp.com\/cdn.hispantv.com\/hispanmedia\/files\/images\/thumbnail\/20180514\/11100576_xl.jpg\" alt=\"imagem\" \/><strong>Crian\u00e7as s\u00e3o alvos militares do Ex\u00e9rcito sionista!<\/strong><\/p>\n<p>Mohammed Ayoub, um menino de 15 anos, foi morto em Gaza por um tiro na cabe\u00e7a lan\u00e7ado por for\u00e7as israelenses muito pr\u00f3ximas \u00e0 fronteira. Com ele, dezenas de pessoas foram mortas, quatro delas menores de idade, enquanto participavam dos protestos pac\u00edficos exigindo da Faixa de Gaza o direito de retorno dos refugiados da Palestina.<\/p>\n<p>\u00c9 intoler\u00e1vel, todos os mortos s\u00e3o v\u00edtimas de uma repress\u00e3o violenta e injustificada. N\u00e3o podemos permitir que milhares de manifestantes pac\u00edficos continuem a receber tiros injustificados, n\u00e3o podemos permitir que crian\u00e7as inocentes morram desta maneira. As crian\u00e7as devem ser protegidas da viol\u00eancia, n\u00e3o expostas a ela. As crian\u00e7as n\u00e3o podem ser um objetivo militar.<\/p>\n<p>Entre as v\u00edtimas, al\u00e9m de um jornalista que cobre as manifesta\u00e7\u00f5es, quatro crian\u00e7as j\u00e1 foram mortas. Desde o in\u00edcio dos protestos \u200bno \u200b\u00faltimo 30 de mar\u00e7o, al\u00e9m de mortos, milhares de pessoas foram feridas pelo uso injustificado de muni\u00e7\u00e3o real pelo ex\u00e9rcito israelense como um meio para dispersar os manifestantes que se aproximavam da fronteira. Mais de cem dos feridos est\u00e3o em estado grave. Al\u00e9m disso, como consequ\u00eancia do bloqueio de mais de 10 anos, os hospitais da Faixa est\u00e3o no limite de suas possibilidades de atender a todas as v\u00edtimas.<\/p>\n<p>http:\/\/www.palestinalibre.org\/articulo.php?a=68499<\/p>\n<p><img decoding=\"async\" class=\"imagem\" title=\"imagem\" src=\"https:\/\/i0.wp.com\/www.palestinalibre.org\/upload\/images\/68499.jpg\" alt=\"imagem\" \/><strong>Ir\u00e3 condena o assassinato de palestinos &#8216;a sangue frio&#8217; por Israel<\/strong><\/p>\n<p>Um palestino carrega um manifestante ferido durante protestos na Faixa de Gaza, reprimido pelas for\u00c3\u00a7as israelenses, 14 de maio de 2018.<\/p>\n<p>O ministro do Exterior do Ir\u00e3, Mohammad Javad Zarif, denunciou o massacre &#8216;a sangue frio&#8217; dos palestinos pelo regime israelense na Faixa de Gaza, onde \u200bse \u200bintensificou a repress\u00e3o de protestos antes da abertura formal da embaixada \u200ba\u200bmerican\u200ba em Al-Quds (Jerusal\u00e9m).<\/p>\n<p>Atrav\u00e9s de sua conta no Twitter, Zarif criticou a brutalidade das for\u00e7as israelenses contra os milhares de palestinos que se tornaram \u200balvo &#8220;na maior pris\u00e3o a c\u00e9u aberto no mundo&#8221;, referindo-se \u00e0 Faixa de Gaza, que vive de 2007 submetido a um bloqueio de ferro pelo regime de Tel Aviv.<\/p>\n<p>&#8220;O regime israelense massacra muitos palestinos a sangue frio enquanto eles protestam na maior pris\u00e3o ao ar livre do mundo. Enquanto isso, (o presidente dos EUA, Donald) Trump celebra a mudan\u00e7a da embaixada ilegal dos EUA, e seus colaboradores \u00e1rabes tentam desviar a aten\u00e7\u00e3o. Um dia de grande vergonha &#8220;, twittou o ministro do Exterior iraniano.<\/p>\n<p>Apesar dos protestos internacionais e marchas em massa na Palestina, o governo dos EUA anunciou oficialmente a abertura nesta segunda-feira de sua embaixada controversa no Al-Quds, previamente declarado pelo governo dos EUA, como a capital do regime Israel.<\/p>\n<p>Dezenas de palestinos foram mortos e centenas ficaram feridas segunda-feira p\u200bor tiros de soldados israelenses na fronteira entre a Faixa de Gaza durante protestos contra a transfer\u00eancia dos territ\u00f3rios palestinos Embaixada dos EUA.<\/p>\n<p>https:\/\/www.hispantv.com\/noticias\/politica\/377062\/zarif-masacre-palestinos-israel-gaza-eeuu-jerusalen<\/p>\n","protected":false},"excerpt":{"rendered":"<a class=\"moretag\" href=\"https:\/\/pcb.org.br\/portal2\/19671\"> <\/a>","protected":false},"author":1,"featured_media":0,"comment_status":"closed","ping_status":"closed","sticky":false,"template":"","format":"standard","meta":{"jetpack_post_was_ever_published":false,"_jetpack_newsletter_access":"","_jetpack_dont_email_post_to_subs":false,"_jetpack_newsletter_tier_id":0,"_jetpack_memberships_contains_paywalled_content":false,"_jetpack_memberships_contains_paid_content":false,"footnotes":"","jetpack_publicize_message":"","jetpack_publicize_feature_enabled":true,"jetpack_social_post_already_shared":true,"jetpack_social_options":{"image_generator_settings":{"template":"highway","default_image_id":0,"font":"","enabled":false},"version":2}},"categories":[26,78],"tags":[222,246],"class_list":["post-19671","post","type-post","status-publish","format-standard","hentry","category-c25-notas-politicas-do-pcb","category-c91-solidariedade-a-palestina","tag-2b","tag-np"],"jetpack_publicize_connections":[],"jetpack_featured_media_url":"","jetpack_shortlink":"https:\/\/wp.me\/p659gw-57h","jetpack-related-posts":[],"jetpack_likes_enabled":true,"jetpack_sharing_enabled":true,"_links":{"self":[{"href":"https:\/\/pcb.org.br\/portal2\/wp-json\/wp\/v2\/posts\/19671","targetHints":{"allow":["GET"]}}],"collection":[{"href":"https:\/\/pcb.org.br\/portal2\/wp-json\/wp\/v2\/posts"}],"about":[{"href":"https:\/\/pcb.org.br\/portal2\/wp-json\/wp\/v2\/types\/post"}],"author":[{"embeddable":true,"href":"https:\/\/pcb.org.br\/portal2\/wp-json\/wp\/v2\/users\/1"}],"replies":[{"embeddable":true,"href":"https:\/\/pcb.org.br\/portal2\/wp-json\/wp\/v2\/comments?post=19671"}],"version-history":[{"count":0,"href":"https:\/\/pcb.org.br\/portal2\/wp-json\/wp\/v2\/posts\/19671\/revisions"}],"wp:attachment":[{"href":"https:\/\/pcb.org.br\/portal2\/wp-json\/wp\/v2\/media?parent=19671"}],"wp:term":[{"taxonomy":"category","embeddable":true,"href":"https:\/\/pcb.org.br\/portal2\/wp-json\/wp\/v2\/categories?post=19671"},{"taxonomy":"post_tag","embeddable":true,"href":"https:\/\/pcb.org.br\/portal2\/wp-json\/wp\/v2\/tags?post=19671"}],"curies":[{"name":"wp","href":"https:\/\/api.w.org\/{rel}","templated":true}]}}