{"id":1972,"date":"2011-10-19T20:20:29","date_gmt":"2011-10-19T20:20:29","guid":{"rendered":"http:\/\/pcb.org.br\/portal2\/?p=1972"},"modified":"2011-10-19T20:20:29","modified_gmt":"2011-10-19T20:20:29","slug":"escalada-de-greves-na-grecia","status":"publish","type":"post","link":"https:\/\/pcb.org.br\/portal2\/1972","title":{"rendered":"Escalada de greves na Gr\u00e9cia"},"content":{"rendered":"\n<p><strong>Anunciada greve geral de 48 horas em todo o pa\u00eds dias 18-19 de Outubro<\/strong><\/p>\n<p>A resposta dos trabalhadores gregos contra as infind\u00e1veis medidas anti-povo continua a fortalecer-se.<\/p>\n<p>O rendimento dos trabalhadores no sector privado e p\u00fablico receber\u00e1 um golpe brutal com as novas medidas tomadas. O objectivo do governo, da plutocracia e da Troika \u00e9 a redu\u00e7\u00e3o dram\u00e1tica dos sal\u00e1rios. As novas medidas cortar\u00e3o ainda mais os sal\u00e1rios dos empregados do sector p\u00fablico, os quais j\u00e1 perderam o valor de 5 meses de sal\u00e1rio. Ao mesmo tempo, com base no plano para a nova estrutura salarial, o sal\u00e1rio dos trabalhadores do sector p\u00fablico ser\u00e1 reduzido em montantes que variam de 20% a 50% ou mais! Ainda que modelado sobre o miser\u00e1vel contrato na empresa de telecomunica\u00e7\u00f5es OTE, os sal\u00e1rios no sector privado ser\u00e3o cortado ainda mais uma vez. Eles aboliram os Acordos de Negocia\u00e7\u00e3o Colectiva de modo que pressionar\u00e3o para uma baixa de sal\u00e1rios no sector privado bem inferior ao vergonhoso Acordo de Pagamento Nacional, o qual juntamente com os cortes em benef\u00edcios imp\u00f5e sal\u00e1rios de pobreza.<\/p>\n<p><strong>GREVE GERAL DE 48 HORAS \u00c0 ESCALA NACIONAL <\/strong><\/p>\n<p>A necessidade da imediata escalda da luta n\u00e3o s\u00f3 com a greve do dia 19 de Outubro com uma greve geral de 48 horas \u00e0 escala nacional nos dias 19 e 20 de Outubro foi decidida pelo PAME para a classe trabalhadora do pa\u00eds dar uma resposta decisiva \u00e0s medidas do governo que enterram os seus direitos e as suas vidas.<\/p>\n<p>As greve estiveram no auge durante toda a semana contra as medidas do governo, plutocracia-Troika, em todo o sistema de transporte p\u00fablico urbano, paralisando os transportes p\u00fablicos dentro de Atenas. Os trabalhadores municipais est\u00e3o em greve, o que est\u00e1 a exercer press\u00e3o por meio da n\u00e3o colecta de lixo em muitas municipalidades, inclusive Atenas, durante uma semana. Trabalhadores da DEH (empresa de electricidade) j\u00e1 ocuparam durante dois dias o edif\u00edcio onde est\u00e3o as m\u00e1quinas que imprimem as contas de electricidade, de modo que na pr\u00e1tica bloquearam a impress\u00e3o e envio aos trabalhadores de ainda outro imposto, um imposto sobre a propriedade que o governo anunciou que enviaria com a conta da electricidade. A situa\u00e7\u00e3o no sector da sa\u00fade \u00e9 explosiva, pois o governo al\u00e9m da fus\u00e3o de hospitais anunciou o encerramento de 50% das camas em hospitais p\u00fablicos e a transfer\u00eancia de centenas de camas hospitalares para companhias privadas. Ocupa\u00e7\u00f5es e paragens de trabalho verificaram-se nos maiores hospitais centrais tais como o Hospital Geral do Estado, Ag. Savvas, contra estes planos do governo. Os trabalhadores mar\u00edtimos est\u00e3o a organizar uma greve de 48 horas na segunda e ter\u00e7a-feira. Os empregados em reparti\u00e7\u00f5es de finan\u00e7as, tal como na maior parte dos minist\u00e9rios e de institui\u00e7\u00f5es p\u00fablicas, tamb\u00e9m est\u00e3o em greve e ocuparam os edif\u00edcios de v\u00e1rios minist\u00e9rios. V\u00e1rias sec\u00e7\u00f5es dos auto-empregados, como taxistas e advogados, tamb\u00e9m est\u00e3o em greve. Escolares, estudantes e professores tamb\u00e9m fizeram manifesta\u00e7\u00f5es e ocupa\u00e7\u00f5es no \u00faltimo m\u00eas e meio devido \u00e0 inaceit\u00e1vel situa\u00e7\u00e3o que pais e professores (estavam em greve esta semana) enfrentam quando as escolas n\u00e3o t\u00eam livros e o Minist\u00e9rio entrega-lhes fotoc\u00f3pias em substitui\u00e7\u00e3o. Ao mesmo tempo as leis recentes para escolas e universidades promovem e refor\u00e7am a mercantiliza\u00e7\u00e3o do ensino e for\u00e7am os pais a pagar ainda mais.<\/p>\n<p>Um exemplo significativo da actividade do PAME neste per\u00edodo foi a readmiss\u00e3o de um trabalhador demitido numa das tr\u00eas maiores ind\u00fastrias de lactic\u00ednios. A demiss\u00e3o do trabalhador pelos patr\u00f5es da ind\u00fastria de lactic\u00ednios MEVGAL deparou-se durante tr\u00eas dias com a resposta dos trabalhadores que entraram em greve nas duas f\u00e1bricas principais em Atenas e Sal\u00f3nica. Deste modo os trabalhadores revelaram os planos dos empregadores n\u00e3o simplesmente referentes a esta demiss\u00e3o mas sim a centenas de demiss\u00f5es atrav\u00e9s da fus\u00e3o da companhia com outro grupo da ind\u00fastria de lactic\u00ednios. A readmiss\u00e3o do trabalhador mostra o caminho, mostra que a luta decisiva pode impedir os planos anti-povo nos lugares de trabalho onde tudo \u00e9 determinado.<\/p>\n<p>Esta actividade que enfrenta a intimida\u00e7\u00e3o do governo e dos empregadores, ao declararem as greves como ilegais e abusivas, ser\u00e1 escalada atrav\u00e9s das manifesta\u00e7\u00f5es grevistas do PAME em 19-20 de Outubro, a greve geral.<\/p>\n<p>Sec\u00e7\u00e3o Internacional do CC do KKE<\/p>\n<p>14\/Outubro\/2011 <strong>O original encontra-se em\u00a0<a href=\"http:\/\/inter.kke.gr\/News\/news2011\/2011-10-14-info\" target=\"_blank\">http:\/\/inter.kke.gr\/News\/news2011\/2011-10-14-info<\/a> <\/strong><\/p>\n<p><strong>Esta not\u00edcia encontra-se em\u00a0<a href=\"http:\/\/resistir.info\/\" target=\"_blank\">http:\/\/resistir.info\/<\/a> .<\/strong><\/p>\n","protected":false},"excerpt":{"rendered":"\n\n\nCr\u00e9dito: Resistir.info\n\n\n\n\n\n\n\n\npor KKE\n<a class=\"moretag\" href=\"https:\/\/pcb.org.br\/portal2\/1972\"> <\/a>","protected":false},"author":1,"featured_media":0,"comment_status":"open","ping_status":"open","sticky":false,"template":"","format":"standard","meta":{"jetpack_post_was_ever_published":false,"_jetpack_newsletter_access":"","_jetpack_dont_email_post_to_subs":false,"_jetpack_newsletter_tier_id":0,"_jetpack_memberships_contains_paywalled_content":false,"_jetpack_memberships_contains_paid_content":false,"footnotes":"","jetpack_publicize_message":"","jetpack_publicize_feature_enabled":true,"jetpack_social_post_already_shared":false,"jetpack_social_options":{"image_generator_settings":{"template":"highway","default_image_id":0,"font":"","enabled":false},"version":2}},"categories":[71],"tags":[],"class_list":["post-1972","post","type-post","status-publish","format-standard","hentry","category-c84-solidariedade"],"jetpack_publicize_connections":[],"jetpack_featured_media_url":"","jetpack_shortlink":"https:\/\/wp.me\/p659gw-vO","jetpack-related-posts":[],"jetpack_likes_enabled":true,"jetpack_sharing_enabled":true,"_links":{"self":[{"href":"https:\/\/pcb.org.br\/portal2\/wp-json\/wp\/v2\/posts\/1972","targetHints":{"allow":["GET"]}}],"collection":[{"href":"https:\/\/pcb.org.br\/portal2\/wp-json\/wp\/v2\/posts"}],"about":[{"href":"https:\/\/pcb.org.br\/portal2\/wp-json\/wp\/v2\/types\/post"}],"author":[{"embeddable":true,"href":"https:\/\/pcb.org.br\/portal2\/wp-json\/wp\/v2\/users\/1"}],"replies":[{"embeddable":true,"href":"https:\/\/pcb.org.br\/portal2\/wp-json\/wp\/v2\/comments?post=1972"}],"version-history":[{"count":0,"href":"https:\/\/pcb.org.br\/portal2\/wp-json\/wp\/v2\/posts\/1972\/revisions"}],"wp:attachment":[{"href":"https:\/\/pcb.org.br\/portal2\/wp-json\/wp\/v2\/media?parent=1972"}],"wp:term":[{"taxonomy":"category","embeddable":true,"href":"https:\/\/pcb.org.br\/portal2\/wp-json\/wp\/v2\/categories?post=1972"},{"taxonomy":"post_tag","embeddable":true,"href":"https:\/\/pcb.org.br\/portal2\/wp-json\/wp\/v2\/tags?post=1972"}],"curies":[{"name":"wp","href":"https:\/\/api.w.org\/{rel}","templated":true}]}}