{"id":19722,"date":"2018-05-21T21:32:45","date_gmt":"2018-05-22T00:32:45","guid":{"rendered":"https:\/\/pcb.org.br\/portal2\/?p=19722"},"modified":"2018-05-21T21:53:40","modified_gmt":"2018-05-22T00:53:40","slug":"maduro-vence-eleicoes-com-quase-6-milhoes-de-votos","status":"publish","type":"post","link":"https:\/\/pcb.org.br\/portal2\/19722","title":{"rendered":"Maduro vence elei\u00e7\u00f5es com quase 6 milh\u00f5es de votos"},"content":{"rendered":"<p><img decoding=\"async\" class=\"imagem\" title=\"imagem\" src=\"https:\/\/lh3.googleusercontent.com\/5fYsYks-CvWJcNrRo-Vc5Zqhy44ENvbmBRyOtGIFx3DM-sZbq7CjWEC-TxGZ6NcWPpXGlcfe384-dCCzUzTJHiqZOtOCMQYlC6p7csiP0Olr88wuaf0BxxB4K2a2Z4HhwAS8SxMyKZhc487aB-qf-sDkOn6nQ8zqHEtCwCEIpAQDtLha2KLcYBn74g7oJmLuEDtGonRJprDtnUQdx-00-1Aut5axA5LfVnJ6GGRbNtfpDAfnK9_d78fR_hfccYRTo0q4WPYH1RL7i-ezNxZekIrVjKNgFZDm9adRyPDhgemB7WXGBfCTonYLVvFAfW10zHh-46QyAW6JroPb95Q6LYFWoSX1cpLLiiL88gcm1ws9Ddwl1YJvt7i17FpIoSiX-0YZLe8AQuZRZOu579h6TTy8b7q19bzX0KTW2ZIVceOqQCtdSNTXtQFGJP_XZAqM3dfNsnpEAHyCz8_vlOJ9MFj-yHECwxiYn6y0uOc2e6fGnvPCVJ885gHr_QtmQLx5QdPG3P7UPnrkbvhkLOKhiiYTic0dosCWXu7JMA10lYZkGZZUiatMcH8nONRREL8WgG3V9PnYYpOrzc8yhKzUjwxFgUsrIj8fchqttzw=w419-h236-no\" alt=\"imagem\" \/><!--more-->Resumen Latino-americano &#8211; 21\/05\/2018<\/p>\n<p>O candidato Nicol\u00e1s Maduro ter\u00e1 seu segundo mandato depois de vencer a elei\u00e7\u00e3o presidencial neste domingo na Venezuela, com mais de 5.823.728 milh\u00f5es de votos. Com um percentual de participa\u00e7\u00e3o previsto de 48%, o candidato do Partido Socialista Unido da Venezuela (PSUV) permanecer\u00e1 por mais seis anos no Pal\u00e1cio de Miraflores.<\/p>\n<p>O candidato da oposi\u00e7\u00e3o Henri Falc\u00f3n ficou em segundo lugar na corrida presidencial, com mais de 1,8 milh\u00f5es de votos. Antes de conhecer o resultado, o candidato da Alliance Progresista (AP) ignorou os resultados.<\/p>\n<p>O pastor evang\u00e9lico Javier Bertucci obteve pouco mais de 900.000 votos e, minutos antes do primeiro boletim oficial do Poder Eleitoral, assegurou que reconheceria os resultados se a vantagem em rela\u00e7\u00e3o ao candidato pr\u00f3-governo fosse ampla o suficiente.<\/p>\n<p>Nas proximidades do Pal\u00e1cio do Governo, partid\u00e1rios do presidente Maduro sa\u00edram para celebrar o triunfo eleitoral.<\/p>\n<p>Eles me subestimaram<\/p>\n<p>&#8220;Quanto eles subestimaram o povo venezuelano, quanto me subestimaram. Mas aqui estamos n\u00f3s: triunfando! (&#8230;) \u00c9 a quarta vit\u00f3ria consecutiva &#8220;, afirmou o presidente reeleito, que destacou que teve 47 pontos de diferen\u00e7a em rela\u00e7\u00e3o ao candidato Henri Falc\u00f3n.<\/p>\n<p>Da mesma forma, ele se recusou a aceitar que Falc\u00f3n ignorasse os resultados da elei\u00e7\u00e3o, antes do primeiro boletim ser lan\u00e7ado: &#8220;N\u00e3o devemos procurar muita honra ou moralidade na oposi\u00e7\u00e3o, porque no come\u00e7o ou no fim eles sempre quebram diante da amea\u00e7a imperial. &#8221;<\/p>\n<p>&#8220;\u00c9 uma pena, realmente lament\u00e1vel, porque a vontade do povo da Venezuela deve ser respeitada&#8221;, afirmou o Chefe de Estado, que ressaltou que os venezuelanos foram \u00e0s urnas &#8220;de forma livre e soberana&#8221;.<\/p>\n<p>Di\u00e1logo<\/p>\n<p>Maduro tamb\u00e9m confirmou que a primeira coisa que far\u00e1 em seu segundo mandato \u00e9 convocar uma nova rodada de di\u00e1logo com a oposi\u00e7\u00e3o e com todos os setores do pa\u00eds. Al\u00e9m disso, ele prometeu assumir a quest\u00e3o econ\u00f4mica com prioridade.<\/p>\n<p>&#8220;Voc\u00ea vai me ver em todo o pa\u00eds para ativar os motores da economia&#8221;, acrescentou. &#8220;N\u00e3o \u00e9 f\u00e1cil, n\u00e3o \u00e9 pouca coisa falar sobre a guerra que eles fizeram contra o povo para que n\u00e3o votassem nessas elei\u00e7\u00f5es&#8221;, denunciou o presidente, que prometeu &#8220;justi\u00e7a&#8221; frente \u00e0queles que tentaram boicotar a elei\u00e7\u00e3o.<\/p>\n<p>&#8220;Acredito em um novo come\u00e7o, acredito na paz e na conviv\u00eancia para seguir em frente&#8221;, disse ele.<\/p>\n<p>http:\/\/resumenlatinoamericano.org<\/p>\n","protected":false},"excerpt":{"rendered":"<a class=\"moretag\" href=\"https:\/\/pcb.org.br\/portal2\/19722\"> <\/a>","protected":false},"author":1,"featured_media":0,"comment_status":"closed","ping_status":"closed","sticky":false,"template":"","format":"standard","meta":{"jetpack_post_was_ever_published":false,"_jetpack_newsletter_access":"","_jetpack_dont_email_post_to_subs":false,"_jetpack_newsletter_tier_id":0,"_jetpack_memberships_contains_paywalled_content":false,"_jetpack_memberships_contains_paid_content":false,"footnotes":"","jetpack_publicize_message":"","jetpack_publicize_feature_enabled":true,"jetpack_social_post_already_shared":true,"jetpack_social_options":{"image_generator_settings":{"template":"highway","default_image_id":0,"font":"","enabled":false},"version":2}},"categories":[45],"tags":[223],"class_list":["post-19722","post","type-post","status-publish","format-standard","hentry","category-c54-venezuela","tag-3a"],"jetpack_publicize_connections":[],"jetpack_featured_media_url":"","jetpack_shortlink":"https:\/\/wp.me\/p659gw-586","jetpack-related-posts":[],"jetpack_likes_enabled":true,"jetpack_sharing_enabled":true,"_links":{"self":[{"href":"https:\/\/pcb.org.br\/portal2\/wp-json\/wp\/v2\/posts\/19722","targetHints":{"allow":["GET"]}}],"collection":[{"href":"https:\/\/pcb.org.br\/portal2\/wp-json\/wp\/v2\/posts"}],"about":[{"href":"https:\/\/pcb.org.br\/portal2\/wp-json\/wp\/v2\/types\/post"}],"author":[{"embeddable":true,"href":"https:\/\/pcb.org.br\/portal2\/wp-json\/wp\/v2\/users\/1"}],"replies":[{"embeddable":true,"href":"https:\/\/pcb.org.br\/portal2\/wp-json\/wp\/v2\/comments?post=19722"}],"version-history":[{"count":0,"href":"https:\/\/pcb.org.br\/portal2\/wp-json\/wp\/v2\/posts\/19722\/revisions"}],"wp:attachment":[{"href":"https:\/\/pcb.org.br\/portal2\/wp-json\/wp\/v2\/media?parent=19722"}],"wp:term":[{"taxonomy":"category","embeddable":true,"href":"https:\/\/pcb.org.br\/portal2\/wp-json\/wp\/v2\/categories?post=19722"},{"taxonomy":"post_tag","embeddable":true,"href":"https:\/\/pcb.org.br\/portal2\/wp-json\/wp\/v2\/tags?post=19722"}],"curies":[{"name":"wp","href":"https:\/\/api.w.org\/{rel}","templated":true}]}}