{"id":19801,"date":"2018-05-29T19:12:18","date_gmt":"2018-05-29T22:12:18","guid":{"rendered":"https:\/\/pcb.org.br\/portal2\/?p=19801"},"modified":"2018-05-29T19:13:09","modified_gmt":"2018-05-29T22:13:09","slug":"pcv-unir-o-povo-na-defesa-da-patria","status":"publish","type":"post","link":"https:\/\/pcb.org.br\/portal2\/19801","title":{"rendered":"PCV: unir o povo na defesa da p\u00e1tria"},"content":{"rendered":"<p><img decoding=\"async\" class=\"imagem\" title=\"imagem\" src=\"https:\/\/i0.wp.com\/prensapcv.files.wordpress.com\/2018\/05\/web-tp-nac-firmeza-revolucionaria-imag.jpg\" alt=\"imagem\" \/><!--more-->TRIBUNA POPULAR\u00a0\u2013 \u00d3RG\u00c3O OFICIAL DO PARTIDO COMUNISTA DA VENEZUELA<\/p>\n<p><strong>O PCV insiste nas suas propostas de medidas revolucion\u00e1rias diante da crise capitalista<\/strong><\/p>\n<p>O hist\u00f3rico \u00abAcordo unit\u00e1rio marco PSUV-PCV\u00bb, subscrito pelo pr\u00f3prio presidente Nicol\u00e1s Maduro no passado 26 de fevereiro, na sess\u00e3o concluinte da 14\u00aa Confer\u00eancia Nacional do Partido Comunista da Venezuela (PCV), se constituiu numa refer\u00eancia de luta para o processo de acumula\u00e7\u00e3o das for\u00e7as revolucion\u00e1rias oper\u00e1rio-camponesas, comunit\u00e1rias e populares.<\/p>\n<p>As elei\u00e7\u00f5es de 20 de maio \u2013 nas quais se elegeram o Presidente da Rep\u00fablica e os Conselhos Legislativos estaduais \u2013, representam um fato pol\u00edtico de monta, que ningu\u00e9m pode desprezar, especialmente por causa da escalada agressiva do imperialismo contra a p\u00e1tria e o povo venezuelano, diante da necessidade urgente de superar revolucionariamente a crise do capitalismo dependente e rentista em nosso pa\u00eds.<\/p>\n<p>Os princ\u00edpios expressados naquele ato por Oscar Figuera, secret\u00e1rio geral do PCV, constituem uma declara\u00e7\u00e3o de princ\u00edpios das e dos comunistas no presente momento hist\u00f3rico, raz\u00e3o pela qual transcrevemos fragmentos de seu discurso para an\u00e1lise do movimento revolucion\u00e1rio:<\/p>\n<p>[\u2026] Temos que dizer que recebemos o compatriota Nicol\u00e1s Maduro Moros com esta consigna, quando estava firmando o acordo PSUV-PCV, \u00ab<em>\u00a1La patria no se vende, la patria se defiende!<\/em>\u00bb, porque estamos convencidos de que na presid\u00eancia de Nicol\u00e1s Maduro n\u00e3o se entregar\u00e3o os interesses da p\u00e1tria venezuelana e do povo venezuelano, frente \u00e0 agress\u00e3o do imperialismo estadunidense e seus aliados europeus. [\u2026]<\/p>\n<p>Camaradas, [\u2026] o \u00abAcordo unit\u00e1rio marco PSUV-PCV\u00bb foi uma das proposi\u00e7\u00f5es que se debateram nas sess\u00f5es de 17 e 18 de fevereiro na 14\u00aa Confer\u00eancia Nacional do nosso Partido. Um processo que se desenvolveu com uma comiss\u00e3o do Partido Socialista Unido da Venezuela \u2013 designada pelo presidente deste partido, tamb\u00e9m presidente da Rep\u00fablica e candidato da revolu\u00e7\u00e3o bolivariana e do povo venezuelano \u2013, e uma comiss\u00e3o designada por nosso Bir\u00f4 Pol\u00edtico. Comiss\u00f5es que trabalharam [\u2026] num ambiente impregnado de vontade pol\u00edtica de construir um acordo que sirva \u00e0s lutas do povo venezuelano, que sirva \u00e0 liberta\u00e7\u00e3o da p\u00e1tria venezuelana, que sirva \u00e0 unidade do nosso povo frente \u00e0 agress\u00e3o do imperialismo. Este \u00e9 o sentido do acordo que acabamos de subscrever no dia de hoje. Um acordo que, ademais, implica num salto qualitativo nas rela\u00e7\u00f5es pol\u00edticas nestes tempos de amea\u00e7a intervencionista e de agress\u00e3o permanente do imperialismo.<\/p>\n<p><strong>Decis\u00e3o correta<\/strong><\/p>\n<p>Acabamos de realizar uma reuni\u00e3o frut\u00edfera [\u2026], com o compatriota presidente da Rep\u00fablica e companheiro de distintos momentos da luta popular e da luta oper\u00e1ria, Nicol\u00e1s Maduro; uma reuni\u00e3o que nos deixa claro que, para al\u00e9m do que subscrevemos no dia de hoje, h\u00e1 compromissos estrat\u00e9gicos [\u2026]<\/p>\n<p>Como todos sabem, h\u00e1 momentos em que a estrat\u00e9gia n\u00e3o pode colocar-se sobre a mesa em toda a sua plenitude, que n\u00e3o \u00e9 poss\u00edvel entregar ao inimigo todos os caminhos pelos quais nos propomos transitar [\u2026]. Por\u00e9m, devemos afirmar que sa\u00edmos desta reuni\u00e3o persuadidas e persuadidos de que estamos adotando uma decis\u00e3o correta, que estamos adotando uma decis\u00e3o que sirva para galvanizar nosso povo na unidade em defesa da p\u00e1tria, em defesa da soberania, que sirva para unir nosso povo na defesa das conquistas deste processo hist\u00f3rico, que sirva para aprofundar as mudan\u00e7as na dire\u00e7\u00e3o da transforma\u00e7\u00e3o revolucion\u00e1ria da sociedade venezuelana.<\/p>\n<p>A vida nos dir\u00e1 se transitaremos de forma consequente ou n\u00e3o por esse caminho que tra\u00e7amos, se cada qual assumir\u00e1 ou n\u00e3o as tarefas e as responsabilidades que o momento hist\u00f3rico nos demanda. Um momento hist\u00f3rico que est\u00e1 sendo atravessado por uma agudiza\u00e7\u00e3o das contradi\u00e7\u00f5es em n\u00edvel mundial e em n\u00edvel nacional, as contradi\u00e7\u00f5es de classe, em meio ao processo cada vez mais crescente de acumula\u00e7\u00e3o capitalista e da explora\u00e7\u00e3o dos povos, dos trabalhadores e das trabalhadoras e de seus recursos naturais. \u00c9 um momento de aprofundamento da luta dos povos, da classe oper\u00e1ria, dos trabalhadores e das trabalhadoras da cidade e do campo, buscando avan\u00e7ar no caminho da liberta\u00e7\u00e3o nacional e na perspectiva da constru\u00e7\u00e3o do socialismo.<\/p>\n<p>[\u2026] no contexto dessa grande contradi\u00e7\u00e3o intercapitalista e interimperialista, a Venezuela cumpre um papel fundamental. A Venezuela \u00e9 um objetivo fundamental, porque a possibilidade de que o imperialismo estadunidense de novo recolonize o continente latino-americano e se reposicione no controle do territ\u00f3rio, das riquezas e das institui\u00e7\u00f5es do Estado venezuelano significaria uma mudan\u00e7a estrat\u00e9gica na correla\u00e7\u00e3o de for\u00e7as [\u2026] contra os povos e a favor do imperialismo.<\/p>\n<p>Esta for\u00e7a que est\u00e1 aqui, o Partido Comunista da Venezuela, como sempre fez ao longo de seus 86 anos de vida, n\u00e3o \u00e9 ignorante a respeito desta realidade, pelo contr\u00e1rio, estamos conscientes dela e dispostos a colocar em jogo a vida, a nossa pr\u00f3pria exist\u00eancia, para defender os interesses da classe oper\u00e1ria, do povo trabalhador e da na\u00e7\u00e3o venezuelana [\u2026]<\/p>\n<p><strong>Bandeiras de luta<\/strong><\/p>\n<p>Consideramos, ent\u00e3o, que essa crise do modelo capitalista dependente e rentista venezuelano somente pode ser superada com medidas revolucion\u00e1rias, conforme falamos com o camarada, com o compatriota Nicol\u00e1s Maduro; [\u2026] e, em geral, coincidimos, como atesta o documento, de que as sa\u00eddas precisam ser revolucion\u00e1rias.<\/p>\n<p>E como tamb\u00e9m afirma o documento, o Partido Comunista seguir\u00e1 insistindo com suas propostas program\u00e1ticas, [\u2026] de que, entre as sa\u00eddas revolucion\u00e1rias frente \u00e0 crise venezuelana, [\u2026] est\u00e1 a nacionaliza\u00e7\u00e3o do setor financeiro e banc\u00e1rio; est\u00e1 que n\u00e3o seja entregue um d\u00f3lar mais aos capitalistas; est\u00e1 a nacionaliza\u00e7\u00e3o dos setores de com\u00e9rcio e da ind\u00fastria que monopolizam a economia e que, na medida em que se fortalecem, se convertem num instrumento contra os interesses do povo e suas conquistas.<\/p>\n<p>[\u2026] a luta contra a corrup\u00e7\u00e3o deve ser uma bandeira fundamental, em que o controle oper\u00e1rio-campon\u00eas, comunit\u00e1rio e popular deve ser uma das ferramentas que utilizaremos para promover o desenvolvimento das for\u00e7as produtivas e para golpear os setores da burguesia, os setores corrompidos [\u2026] corruptos na cadeia, estejam onde estiverem!<\/p>\n<p>Bem, camaradas, [\u2026] estamos prestando contas corretas, contas que sirvam ao movimento comunista, ao movimento oper\u00e1rio, ao movimento comunit\u00e1rio, ao movimento revolucion\u00e1rio, para avan\u00e7ar na luta. Hoje nos cabe tamb\u00e9m entregar ao cidad\u00e3o compatriota, camarada, Nicol\u00e1s Maduro, a bandeira de nosso Partido [\u2026]. Este gesto significa que [\u2026] estamos dizendo ao compatriota Nicol\u00e1s Maduro: voc\u00ea \u00e9 e ser\u00e1 portador das consignas, das aspira\u00e7\u00f5es, das propostas que o Partido Comunista e a Juventude Comunista levantamos para impulsar os processos de mudan\u00e7a at\u00e9 a liberta\u00e7\u00e3o nacional, capazes de avan\u00e7ar na perspectiva do socialismo em nosso pa\u00eds, fazendo da classe oper\u00e1ria e do povo trabalhador a vanguarda da revolu\u00e7\u00e3o venezuelana.<\/p>\n<p>Aqui temos a bandeira do Partido Comunista da Venezuela, a bandeira do Partido da classe oper\u00e1ria e do povo trabalhador venezuelano. Compatriota, camarada Nicol\u00e1s Maduro, receba em suas m\u00e3os esta bandeira como compromisso de unidade anti-imperialista, de unidade em defesa da p\u00e1tria, de unidade em defesa dos direitos dos trabalhadores e do povo venezuelano.<\/p>\n<p><a href=\"https:\/\/prensapcv.wordpress.com\/2018\/05\/25\/unir-al-pueblo-en-defensa-de-la-patria\/\">Unir al pueblo en defensa de la&nbsp;patria<\/a><\/p>\n","protected":false},"excerpt":{"rendered":"<a class=\"moretag\" href=\"https:\/\/pcb.org.br\/portal2\/19801\"> <\/a>","protected":false},"author":1,"featured_media":0,"comment_status":"closed","ping_status":"closed","sticky":false,"template":"","format":"standard","meta":{"jetpack_post_was_ever_published":false,"_jetpack_newsletter_access":"","_jetpack_dont_email_post_to_subs":false,"_jetpack_newsletter_tier_id":0,"_jetpack_memberships_contains_paywalled_content":false,"_jetpack_memberships_contains_paid_content":false,"footnotes":"","jetpack_publicize_message":"","jetpack_publicize_feature_enabled":true,"jetpack_social_post_already_shared":true,"jetpack_social_options":{"image_generator_settings":{"template":"highway","default_image_id":0,"font":"","enabled":false},"version":2}},"categories":[45],"tags":[233],"class_list":["post-19801","post","type-post","status-publish","format-standard","hentry","category-c54-venezuela","tag-6a"],"jetpack_publicize_connections":[],"jetpack_featured_media_url":"","jetpack_shortlink":"https:\/\/wp.me\/p659gw-59n","jetpack-related-posts":[],"jetpack_likes_enabled":true,"jetpack_sharing_enabled":true,"_links":{"self":[{"href":"https:\/\/pcb.org.br\/portal2\/wp-json\/wp\/v2\/posts\/19801","targetHints":{"allow":["GET"]}}],"collection":[{"href":"https:\/\/pcb.org.br\/portal2\/wp-json\/wp\/v2\/posts"}],"about":[{"href":"https:\/\/pcb.org.br\/portal2\/wp-json\/wp\/v2\/types\/post"}],"author":[{"embeddable":true,"href":"https:\/\/pcb.org.br\/portal2\/wp-json\/wp\/v2\/users\/1"}],"replies":[{"embeddable":true,"href":"https:\/\/pcb.org.br\/portal2\/wp-json\/wp\/v2\/comments?post=19801"}],"version-history":[{"count":0,"href":"https:\/\/pcb.org.br\/portal2\/wp-json\/wp\/v2\/posts\/19801\/revisions"}],"wp:attachment":[{"href":"https:\/\/pcb.org.br\/portal2\/wp-json\/wp\/v2\/media?parent=19801"}],"wp:term":[{"taxonomy":"category","embeddable":true,"href":"https:\/\/pcb.org.br\/portal2\/wp-json\/wp\/v2\/categories?post=19801"},{"taxonomy":"post_tag","embeddable":true,"href":"https:\/\/pcb.org.br\/portal2\/wp-json\/wp\/v2\/tags?post=19801"}],"curies":[{"name":"wp","href":"https:\/\/api.w.org\/{rel}","templated":true}]}}