{"id":19854,"date":"2018-06-03T18:41:41","date_gmt":"2018-06-03T21:41:41","guid":{"rendered":"https:\/\/pcb.org.br\/portal2\/?p=19854"},"modified":"2018-06-05T02:14:09","modified_gmt":"2018-06-05T05:14:09","slug":"por-uma-parada-lgbt-sem-empresas-e-sem-sionismo","status":"publish","type":"post","link":"https:\/\/pcb.org.br\/portal2\/19854","title":{"rendered":"Por uma parada lgbt sem empresas e sem sionismo"},"content":{"rendered":"<p><img decoding=\"async\" class=\"imagem\" title=\"imagem\" src=\"https:\/\/lh3.googleusercontent.com\/hXGD3JE41XIpPZbKDMfiZLskzcpCy1edLfs0l4z-t2_Z9ijsrV3zAtOShTj7i3oWuz_k3VsdUe5HkVqfT5larSggOax6W1R-2tYiRO7DgqVWF9X4qjTBx1kKcFCsb06udICw9kGnHtUuQDsasK7XwvFlcySuNBaGDJ5_zaMI_7Lfo_2RAsm2MJ0Tv2sOUDqaJjObwqNYqQM0SeaUIVI0A7UXGHG_I9eP5S7xw2r0kkdr3VfKOcEpQuJo6bvVIPDbrVydLJPXcYUJBA4uVi_HTelvgGoFgVHMKHFE2m1f7nC2vZBY48FZb5VA5rkjd8ITg_WU9v_dbbiLSpEJvkbRUIE-8m9LpNxbHhNaolIFGg4otku1QVMLPSgbHSS1fRk5-VYyTWfKlbGLnpv196_72bOJqPWepwI9c7QHaCpAQQEIg0QcSRJNjPBwpQAVdz3JWEXylNJEA0HRoefnBTyZAnL012ERiU36yLJ6kn5v010g3VQCUV50_xK5Ei155c-kHIJ4JeK8woxm5UE4yabvwcMy1Pm2GG8USu6_036lvqIVs0RlmHM7TnWk4zpF3_Z_QYGMZxrJhIi8sHg65AaI7M2B83fou9qoS-PszlNkaHp0QGVMaogw8E-q05rukzA36PGpBj1c6eZJTqyPBbAbJBA4y1w5NYw5-w=w1200-h900-no\" alt=\"imagem\" \/><!--more-->Diante do cen\u00e1rio em que nos encontramos hoje, com diversos ataques \u00e0s liberdades democr\u00e1ticas, que atingem com maior grau de profundidade os setores mais vulner\u00e1veis da classe trabalhadora \u2013 tais como as LGBT, as mulheres, a popula\u00e7\u00e3o negra etc \u2013, vemos uma apropria\u00e7\u00e3o cada vez mais significativa de um s\u00edmbolo internacional de luta como \u00e9 a Parada do Orgulho LGBT para a defesa de interesses que n\u00e3o s\u00e3o os nossos.<\/p>\n<p>A Parada do Orgulho LGBT tem suas origens internacionais em experi\u00eancias como a Revolta de Stonewall, manifesta\u00e7\u00e3o das LGBT trabalhadoras em resposta \u00e0 agress\u00e3o do Estado norteamericano, encarnado em seu bra\u00e7o armado, e em outros momentos esteve intimamente vinculada aos movimentos dos trabalhadores, como se deu na Marcha do Orgulho Gay de Londres em 1985, na qual a alian\u00e7a entre os gays, l\u00e9sbicas e o sindicato dos mineiros conseguiu fazer daquele evento, um evento extremamente combativo.<\/p>\n<p>Hoje, por\u00e9m, vemos a Parada do Orgulho LGBT da cidade de S\u00e3o Paulo, que \u00e9 a maior do mundo, com um car\u00e1ter completamente liberal, corporativo e desviando o foco de enfrentamento e questionamento que nosso movimento deve ter.<\/p>\n<p>A CUT, central sindical que tem uma tradi\u00e7\u00e3o de sempre ter pelo menos um carro de som na Parada LGBT, este ano foi boicotada pela Associa\u00e7\u00e3o da Parada do Orgulho LGBT (APOGLBT), que organiza o evento. Repudiamos esta decis\u00e3o da APOGLBT, cujos objetivos s\u00e3o pol\u00edticos, pois Heitor Werneck, atual respons\u00e1vel pela produ\u00e7\u00e3o cultural da Parada, anunciou no ano passado que tiraria o car\u00e1ter de \u201cpasseata chata\u201d que os carros de sindicatos faziam a Parada ter. Para tanto, este senhor cobrou taxa abusiva da CUT para a perman\u00eancia do carro de som e dificultou as tratativas.<\/p>\n<p>A ideologia opera justamente desta forma: a organiza\u00e7\u00e3o diz que quer tirar o car\u00e1ter pol\u00edtico de um movimento que deve ser pol\u00edtico, mas isto se prova mentira a partir do momento em que empresas como a Uber e a Skol s\u00e3o patrocinadoras do evento. Preferir empresas a sindicatos tamb\u00e9m se trata de uma decis\u00e3o pol\u00edtica, a qual representa uma tentativa de desvincular a luta LGBT da luta de classes, dando a este evento um car\u00e1ter completamente festivo, liberal e de estagna\u00e7\u00e3o da luta que procura reais transforma\u00e7\u00f5es para a situa\u00e7\u00e3o das LGBT trabalhadoras, logo, de uma luta que quer romper com a estrutura vigente.<\/p>\n<p>Concomitantemente a isto, repudiamos tamb\u00e9m o bloco de Israel que haver\u00e1 nesta Parada. Em parceria firmada entre Alexandre Herchcovitch, o Consulado Geral de Israel em S\u00e3o Paulo, a C\u00e2mara de Com\u00e9rcio e Turismo LGBT do Brasil e a AccorHotels, este bloco pretende ter a participa\u00e7\u00e3o de 600 pessoas celebrando uma suposta \u201cpluralidade de Israel\u201d.<\/p>\n<p>O Estado de Israel diz ser o melhor pa\u00eds para LGBT no mundo, ou mesmo o \u00fanico pa\u00eds do Oriente que respeita as LGBT, por\u00e9m \u00e9 internacionalmente conhecida esta pr\u00e1tica como \u201cpinkwashing\u201d, isto \u00e9, uma forma de usar a causa LGBT como desculpa para legitimar o genoc\u00eddio do Estado de Israel com o povo palestino. Israel vem h\u00e1 d\u00e9cadas perseguindo sumariamente a popula\u00e7\u00e3o palestina, independentemente da orienta\u00e7\u00e3o sexual ou do g\u00eanero dos perseguidos, e colocando a diversidade do povo palestino para a estat\u00edstica de mortos pelo apartheid promovido.<\/p>\n<p>\u00c9 absurdo que a Parada LGBT de S\u00e3o Paulo fa\u00e7a coro com a pol\u00edtica de apartheid do sionismo, que mata tanto o povo palestino quanto as nossas LGBT brasileiras v\u00edtimas da pol\u00edcia. N\u00e3o nos esque\u00e7amos que Israel fornece o armamento das nossas For\u00e7as Armadas e muitas vezes das for\u00e7as auxiliares tamb\u00e9m, como foi o caso dos carros-tanque comprados pela Pol\u00edcia Militar de S\u00e3o Paulo.<\/p>\n<p>Neste sentido, entendemos que n\u00e3o podemos tirar a radicalidade do movimento hist\u00f3rico das LGBT e conclamamos a todas as LGBT a constru\u00edrem na Parada LGBT deste ano um bloco cr\u00edtico a esta mercantiliza\u00e7\u00e3o do espa\u00e7o, tamb\u00e9m cr\u00edtico \u00e0 pol\u00edtica de exterm\u00ednio do Estado de Israel. Temos muito a aprender com a Caminhada de Mulheres L\u00e9sbicas e Bissexuais de S\u00e3o Paulo, que vai para a sua d\u00e9cima sexta edi\u00e7\u00e3o sem nem um centavo de apoio corporativo, muito menos declarando apoio ao que h\u00e1 de mais reacion\u00e1rio na conjuntura internacional.<\/p>\n<p>Por uma Parada LGBT livre de empresas e com a combatividade que deu origem internacional a este evento,<br \/>\nPor uma Palestina soberana e livre,<br \/>\nPelo poder popular!<\/p>\n<p>Coletivo LGBT Comunista \u2013 SP<\/p>\n","protected":false},"excerpt":{"rendered":"<a class=\"moretag\" href=\"https:\/\/pcb.org.br\/portal2\/19854\"> <\/a>","protected":false},"author":1,"featured_media":0,"comment_status":"closed","ping_status":"closed","sticky":false,"template":"","format":"standard","meta":{"jetpack_post_was_ever_published":false,"_jetpack_newsletter_access":"","_jetpack_dont_email_post_to_subs":false,"_jetpack_newsletter_tier_id":0,"_jetpack_memberships_contains_paywalled_content":false,"_jetpack_memberships_contains_paid_content":false,"footnotes":"","jetpack_publicize_message":"","jetpack_publicize_feature_enabled":true,"jetpack_social_post_already_shared":true,"jetpack_social_options":{"image_generator_settings":{"template":"highway","default_image_id":0,"font":"","enabled":false},"version":2}},"categories":[182,20],"tags":[223],"class_list":["post-19854","post","type-post","status-publish","format-standard","hentry","category-lgbt","category-c1-popular","tag-3a"],"jetpack_publicize_connections":[],"jetpack_featured_media_url":"","jetpack_shortlink":"https:\/\/wp.me\/p659gw-5ae","jetpack-related-posts":[],"jetpack_likes_enabled":true,"jetpack_sharing_enabled":true,"_links":{"self":[{"href":"https:\/\/pcb.org.br\/portal2\/wp-json\/wp\/v2\/posts\/19854","targetHints":{"allow":["GET"]}}],"collection":[{"href":"https:\/\/pcb.org.br\/portal2\/wp-json\/wp\/v2\/posts"}],"about":[{"href":"https:\/\/pcb.org.br\/portal2\/wp-json\/wp\/v2\/types\/post"}],"author":[{"embeddable":true,"href":"https:\/\/pcb.org.br\/portal2\/wp-json\/wp\/v2\/users\/1"}],"replies":[{"embeddable":true,"href":"https:\/\/pcb.org.br\/portal2\/wp-json\/wp\/v2\/comments?post=19854"}],"version-history":[{"count":0,"href":"https:\/\/pcb.org.br\/portal2\/wp-json\/wp\/v2\/posts\/19854\/revisions"}],"wp:attachment":[{"href":"https:\/\/pcb.org.br\/portal2\/wp-json\/wp\/v2\/media?parent=19854"}],"wp:term":[{"taxonomy":"category","embeddable":true,"href":"https:\/\/pcb.org.br\/portal2\/wp-json\/wp\/v2\/categories?post=19854"},{"taxonomy":"post_tag","embeddable":true,"href":"https:\/\/pcb.org.br\/portal2\/wp-json\/wp\/v2\/tags?post=19854"}],"curies":[{"name":"wp","href":"https:\/\/api.w.org\/{rel}","templated":true}]}}