{"id":1990,"date":"2011-10-23T14:47:02","date_gmt":"2011-10-23T14:47:02","guid":{"rendered":"http:\/\/pcb.org.br\/portal2\/?p=1990"},"modified":"2011-10-23T14:47:02","modified_gmt":"2011-10-23T14:47:02","slug":"perigosa-provocacao-a-cuba","status":"publish","type":"post","link":"https:\/\/pcb.org.br\/portal2\/1990","title":{"rendered":"Perigosa provoca\u00e7\u00e3o \u00e0 Cuba"},"content":{"rendered":"\n<p>15 de outubro de 2011<\/p>\n<p>No pr\u00f3ximo 9 de dezembro, em v\u00e9speras do Dia Internacional dos\u00a0Direitos Humanos, um grupo de contrarrevolucion\u00e1rios radicados na\u00a0Fl\u00f3rida, mobilizados pela organiza\u00e7\u00e3o terrorista Movimento Democracia,\u00a0zarpar\u00e3o desde Cayo Hueso at\u00e9 as costas cubanas, utilizando uma frota\u00a0de embarca\u00e7\u00f5es, para montar um perigoso espet\u00e1culo midi\u00e1tico cujas\u00a0deriva\u00e7\u00f5es pol\u00edticas s\u00e3o impresum\u00edveis.<\/p>\n<p>At\u00e9 o momento \u00e9 impreciso determinar se ser\u00e1 uma s\u00f3 embarca\u00e7\u00e3o de 80 p\u00e9s que estar\u00e1 envolvida ou se incorporar\u00e3o \u00e0 louca aventura outras embarca\u00e7\u00f5es. Junto ao Movimento Democracia, participar\u00e3o representantes de outras\u00a0organiza\u00e7\u00f5es anti-cubanas, como a Organiza\u00e7\u00e3o de Jovens Exilados Cubanos (OJEC), Agenda Cuba, a Assembleia da Resist\u00eancia Cubana (ARC)\u00a0e o partido Pr\u00f3 Direitos Humanos de Cuba.<\/p>\n<p>O terrorista e organizador deste novo show, Ram\u00f3n Sa\u00fal S\u00e1nchez,\u00a0presidente do Movimento Democr\u00e1tico, declarou em uma confer\u00eancia de\u00a0imprensa, com total impunidade, que a provoca\u00e7\u00e3o em curso tem como\u00a0finalidade \u201clevar aos cubanos na ilha uma mensagem de solidariedade\u00a0que se visualize das tr\u00eas prov\u00edncias &#8211; La Habana, Pinar del R\u00edo e\u00a0Matanzas \u2013 por meio de um espet\u00e1culo de fogos artificiais.\u201d<\/p>\n<p>Plenamente consciente de que esta delicada opera\u00e7\u00e3o mar\u00edtima agrava as\u00a0rela\u00e7\u00f5es entre Cuba e EUA, o pr\u00f3prio Raul Sanchez declarou: \u201cOs riscos s\u00e3o o mar; que a tirania n\u00e3o nos agrida, ou que o governo dos EUA n\u00e3o nos detenha, como j\u00e1 sucedeu\u201d.<\/p>\n<p>O governo norte americano deve tomar consci\u00eancia do fato indiscut\u00edvel\u00a0de que esta nova provoca\u00e7\u00e3o o coloca frente a s\u00e9rias responsabilidades, dado o fato de que alguma das embarca\u00e7\u00f5es poderiam cruzar o limite das doze milhas e entrar nas \u00e1guas jurisdicionais cubanas, o que representaria um perigoso ponto de conflito, pois Cuba, obviamente, tem o leg\u00edtimo direito de responder a essa provoca\u00e7\u00e3o de entrada il\u00edcita \u00e0 suas fronteiras mar\u00edtimas por parte de alguma destas embarca\u00e7\u00f5es.<\/p>\n<p>Cuba, tal como ocorreu em 24 de fevereiro de 1996, ocasi\u00e3o na qual foram derrubadas duas avionetas da organiza\u00e7\u00e3o terrorista Hermanos al Rescate, logo de constantes viola\u00e7\u00f5es em seu espa\u00e7o a\u00e9reo e de que o governo norte americano se fez omisso \u00e0s advert\u00eancias e comunicados oficiais com respeito a essas reiteradas provoca\u00e7\u00f5es, tem o direito soberano de se fazer respeitar suas<\/p>\n<p>fronteiras.<\/p>\n<p>A parte norte americana, at\u00e9 o momento, n\u00e3o tomou a\u00e7\u00e3o alguma para\u00a0deter este ato provocador, o que confirma o grau de impunidade com o\u00a0que atuam os grupos terroristas anti-cubanos assentados em seu territ\u00f3rio. As ag\u00eancias governamentais estadunidenses como o FBI, o ICE, a guarda costeira e outras, conhecem muito bem os antecedentes delitivos e terroristas deste grupo e principalmente do senhor Ram\u00f3n Sa\u00fal S\u00e1nchez Rizo.<\/p>\n<p>At\u00e9 o momento, somente a porta-voz da guarda costeira, Marylin Fajardo, limitou-se a declarar que sua ag\u00eancia n\u00e3o tem autoridade para intervir em uma atividade deste tipo.<\/p>\n<p>Para obter sucesso no show provocador, os grupos se valem da m\u00eddia vinculada \u00e0 m\u00e1fia anti cubana como El Nuevo Herald, El Diario de las Am\u00e9ricas, Radio Mart\u00ed, blogs contra revolucion\u00e1rios como Punto de Vista e ag\u00eancias de imprensa internacionais. Todos estes meios n\u00e3o somente d\u00e3o detalhes da perigosa aventura, mas servem para incitar os cidad\u00e3os residentes na Ilha a somarem-se ao evento mediante atos de desobedi\u00eancia civil.<\/p>\n<p>Antecedentes provocadores do Movimento Democracia:<\/p>\n<p>At\u00e9 o momento, esta organiza\u00e7\u00e3o realizou aproximadamente 16 expedi\u00e7\u00f5es\u00a0mar\u00edtimas nas costas de Cuba, utilizando fogos de artif\u00edcio.<\/p>\n<p>O Movimento Democracia, criado em 13 de julho de 1995, a partir da\u00a0Comiss\u00e3o Nacional Cubana junto a contra revolucion\u00e1rios de Nova\u00a0Iorque, Nova Jersey, Fl\u00f3rida e Porto Rico, \u00e9 conhecido em Miami como o\u00a0Movimento Cepillo, por sua tend\u00eancia de arrecadar fundos\u00a0 dentro da\u00a0comunidade cubana nos EUA e por manter uma permanente atitude\u00a0provocadora nas costas cubanas, buscando sempre fomentar um incidente\u00a0entre Cuba e EUA. Conta com a emissora de r\u00e1dio Radio Democracia e n\u00e3o\u00a0passa de 20 membros com fortes la\u00e7o com outras organiza\u00e7\u00f5es terroristas.<\/p>\n<p>Segundo o site EcuRed, \u201csuas cabe\u00e7as sempre foram Ram\u00f3n como presidente; Luis Felipe Rojas, secret\u00e1rio de imprensa; Norman del Valle, chefe de opera\u00e7\u00f5es; Frank \u00c1lvarez, chefe naval; Ram\u00f3n D\u00edaz, chefe de seguran\u00e7a; Marcelino Garc\u00eda, chefe do grupo a\u00e9reo democracia. Luis Felipe Rojas \u00e9 o homem de maior confian\u00e7a de Ram\u00f3n Sa\u00fal; \u00e9 sobrinho neto do capacho da tirania batistiana Cornelio Rojas. Norman del Valle possui um neg\u00f3cio de contrata\u00e7\u00f5es em Miami e est\u00e1 vinculado ao terrorista \u201cPepe\u201dHernandez, diretor da FNCA\u201d. Mant\u00e9m uma p\u00e1gina no facebook com o link:\u00a0<a href=\"http:\/\/www.facebook.com\/profile.php?id=100000369500684\" target=\"_blank\">http:\/\/www.facebook.com\/profile.php?id=100000369500684<\/a><\/p>\n<p>A rota do dinheiro evidencia como recebem financiamento de representantes e organiza\u00e7\u00f5es da direita cubanoamericana como a FNCA, a fam\u00edlia Bacardi, diretores vinculados ao Ocean Bank, a firma de advogados de Miami Mortgase, e os contra revolucion\u00e1rios j\u00e1 falecidos, Elena Diaz-Verson e Arnaldo Monz\u00f3n, diretores da FNCA que financiou tamb\u00e9m as opera\u00e7\u00f5es terroristas contra Cuba a partir da Am\u00e9rica Central de Posada Carriles, assinala o mesmo EcuRed.<\/p>\n<p>Em v\u00e1rias oportunidades, tal como ocorreu nas provoca\u00e7\u00f5es em 13 de julho de 1996, em 1997 e depois em janeiro de 1998 quando tentaram provocar um incidente durante a visita do Papa Jo\u00e3o Paulo II \u00e0 Cuba.<\/p>\n<p>O Movimento decidiu n\u00e3o escutar deliberadamente as fr\u00e1geis press\u00f5es\u00a0das autoridades norte americanas apesar de que foram retidas as embarca\u00e7\u00f5es Democracia e Direitos Humanos em setembro de 1997 e em dezembro de 1998, respectivamente. Essas medidas impostas pelas autoridades de EUA foram ignoradas descaradamente pelo terrorista Ram\u00f3n Sa\u00fal quem chegou ao descaramento de enviar lanchas teledirigidas por GPS, como ocorreu com uma delas em junho de 1998, a qual encalhou na praia de El Chivo, na ent\u00e3o cidade de Havana, carregada de propaganda incitando a subvers\u00e3o.<\/p>\n<p>A partir do ano de 1999 incrementou seus v\u00ednculos com terroristas e organiza\u00e7\u00f5es contra revolucion\u00e1rias de Miami, tais como Alpha-66, a\u00a0FNCA, o CLC, o CID e a Federa\u00e7\u00e3o Sindical de Plantas El\u00e9tricas, G\u00e1s y\u00a0\u00c1gua de Cuba no ex\u00edlio, ente outras, assumindo ainda maior papel provocador e perigoso. Suas posi\u00e7\u00f5es de linha dura os levaram a participar ativamente do sequestro de Eli\u00e1n Gonz\u00e1lez e na defesa de Posada Carriles e seus c\u00famplices enquanto se encontravam detidos no Panam\u00e1.<\/p>\n<p>O chefe do Movimento Democracia, Ram\u00f3n Sa\u00fal S\u00e1nchez, nasceu em Col\u00f3n, Matanzas, Cuba no ano de 1954. Desde muito jovem, se transferiu para os EUA vinculando-se com apenas 17 anos a grupos terroristas como Frente de Liberaci\u00f3n Nacional Cubano (FLNC), Abdala, Alpha-66, J\u00f3venes de la Estrella, CORU, Organizaci\u00f3n para la Liberaci\u00f3n de Cuba, Omega 7 e Cuba \u00a0Independiente y Democr\u00e1tica (CID). Imediatamente, desenvolveu uma ativa participa\u00e7\u00e3o em atos terroristas de grande proje\u00e7\u00e3o e perigo, no assassinato de 4 norte americanos cuja aeronave explodiu em pleno voo. Acompanhou-o em suas<\/p>\n<p>a\u00e7\u00f5es o terrorista Francisco Eul\u00e1lio Castro Paz, de hist\u00f3rico delitivo\u00a0em homic\u00eddios e narcotr\u00e1fico, assim como Orlando Bosch \u00c1vila.<\/p>\n<p>Ram\u00f3n Sa\u00fal esteve envolvido nas a\u00e7\u00f5es realizadas pela organiza\u00e7\u00e3o\u00a0terrorista Acci\u00f3n Cubana, dedicada ao envio de cartas bombas a miss\u00f5es\u00a0diplom\u00e1ticas cubanas no exterior, particularmente em 1974. Ram\u00f3n Sa\u00fal S\u00e1nchez Rizo \u00e9 t\u00e9cnico em eletr\u00f4nica e vive em 7105 SW 8 TH Street Suite 101. Piso 2. Brickelave. Miami. FL 33144 (2000). Seus v\u00ednculos mais frequentes foram com terroristas do cacife de\u00a0 Luis Posada Carriles, Sergio Francisco Gonz\u00e1lez Rosquete, Higinio D\u00edaz An\u00e9, Justo Regalado Borges, Jos\u00e9 Basulto, Rodolfo Fr\u00f3meta Caballero, Rub\u00e9n Dar\u00edo L\u00f3pez Castro, Nelsy Ignacio Castro Matos, Orlando Guti\u00e9rrez Boronat, Enrique Encinosa \u00a0Canto ente outros.<\/p>\n<p>Conclus\u00f5es:<\/p>\n<p>A atual administra\u00e7\u00e3o do presidente Obama deve tomar consci\u00eancia plena\u00a0do perigo que representa a frota que chegar\u00e1 \u00e0 costas cubanas no\u00a0pr\u00f3ximo dezembro, assim como as profundas implica\u00e7\u00f5es e\u00a0responsabilidades que ter\u00e1 que assumir se alguns dos experimentados\u00a0terroristas e provocadores, \u00e1vidos de criminal protagonismo, ousarem\u00a0cruzar as \u00e1guas territoriais cubanas. Obama tem a palavra para deter\u00a0esta aventura descabelada, fomentada pela ultra direita anti cubana e\u00a0seu pr\u00f3prios pol\u00edticos.<\/p>\n<p>Cuba, de sua parte, n\u00e3o esquecer\u00e1 seu leg\u00edtimo direito de defender-se de qualquer agress\u00e3o ou provoca\u00e7\u00e3o. A grande maioria do povo cubano ignorar\u00e1 esta nova bufonada midi\u00e1tica e n\u00e3o se prestar\u00e1 a ela, disposto a dar-lhe justa resposta a quem, ansioso em encher seus bolsos de d\u00f3lares provenientes de seus amos do\u00a0norte, tentem sair \u00e0s ruas para realizar qualquer provoca\u00e7\u00e3o contra-revolucion\u00e1ria. Est\u00e3o advertidos!<\/p>\n<p>Traduzido pelo Coletivo Paulo Petry, n\u00facleo da UJC\/PCB em Cuba<\/p>\n","protected":false},"excerpt":{"rendered":"\n\n\nCr\u00e9dito: Latuff\n\n\n\n\n\n\n\n\nPercy \u00a0Francisco Alvarado Godoy\n<a class=\"moretag\" href=\"https:\/\/pcb.org.br\/portal2\/1990\"> <\/a>","protected":false},"author":1,"featured_media":0,"comment_status":"open","ping_status":"open","sticky":false,"template":"","format":"standard","meta":{"jetpack_post_was_ever_published":false,"_jetpack_newsletter_access":"","_jetpack_dont_email_post_to_subs":false,"_jetpack_newsletter_tier_id":0,"_jetpack_memberships_contains_paywalled_content":false,"_jetpack_memberships_contains_paid_content":false,"footnotes":"","jetpack_publicize_message":"","jetpack_publicize_feature_enabled":true,"jetpack_social_post_already_shared":false,"jetpack_social_options":{"image_generator_settings":{"template":"highway","default_image_id":0,"font":"","enabled":false},"version":2}},"categories":[77],"tags":[],"class_list":["post-1990","post","type-post","status-publish","format-standard","hentry","category-c90-solidariedade-a-cuba"],"jetpack_publicize_connections":[],"jetpack_featured_media_url":"","jetpack_shortlink":"https:\/\/wp.me\/p659gw-w6","jetpack-related-posts":[],"jetpack_likes_enabled":true,"jetpack_sharing_enabled":true,"_links":{"self":[{"href":"https:\/\/pcb.org.br\/portal2\/wp-json\/wp\/v2\/posts\/1990","targetHints":{"allow":["GET"]}}],"collection":[{"href":"https:\/\/pcb.org.br\/portal2\/wp-json\/wp\/v2\/posts"}],"about":[{"href":"https:\/\/pcb.org.br\/portal2\/wp-json\/wp\/v2\/types\/post"}],"author":[{"embeddable":true,"href":"https:\/\/pcb.org.br\/portal2\/wp-json\/wp\/v2\/users\/1"}],"replies":[{"embeddable":true,"href":"https:\/\/pcb.org.br\/portal2\/wp-json\/wp\/v2\/comments?post=1990"}],"version-history":[{"count":0,"href":"https:\/\/pcb.org.br\/portal2\/wp-json\/wp\/v2\/posts\/1990\/revisions"}],"wp:attachment":[{"href":"https:\/\/pcb.org.br\/portal2\/wp-json\/wp\/v2\/media?parent=1990"}],"wp:term":[{"taxonomy":"category","embeddable":true,"href":"https:\/\/pcb.org.br\/portal2\/wp-json\/wp\/v2\/categories?post=1990"},{"taxonomy":"post_tag","embeddable":true,"href":"https:\/\/pcb.org.br\/portal2\/wp-json\/wp\/v2\/tags?post=1990"}],"curies":[{"name":"wp","href":"https:\/\/api.w.org\/{rel}","templated":true}]}}