{"id":19944,"date":"2018-06-10T18:17:58","date_gmt":"2018-06-10T21:17:58","guid":{"rendered":"https:\/\/pcb.org.br\/portal2\/?p=19944"},"modified":"2018-06-10T18:17:58","modified_gmt":"2018-06-10T21:17:58","slug":"protestos-em-apoio-a-boulos-durante-depoimento-na-pf","status":"publish","type":"post","link":"https:\/\/pcb.org.br\/portal2\/19944","title":{"rendered":"Protestos em apoio a Boulos durante depoimento na PF"},"content":{"rendered":"<p><img decoding=\"async\" class=\"imagem\" title=\"imagem\" src=\"https:\/\/i0.wp.com\/www.mtst.org\/wp-content\/uploads\/2018\/06\/34640516_1049168918566992_4009404545510670336_o.jpg\" alt=\"imagem\" \/><!--more--><br \/>\nApoiadores, militantes e parlamentares se manifestaram na porta da Pol\u00edcia Federal, em S\u00e3o Paulo. Criminaliza\u00e7\u00e3o dos movimentos sociais e da pr\u00e9-candidatura de Guilherme pautou ato.<\/p>\n<p>O Movimento dos Trabalhadores Sem Teto se fez presente na manh\u00e3 e in\u00edcio da tarde desta quinta, dia 7, para apoiar o seu coordenador Guilherme Boulos, pr\u00e9-candidato \u00e0 Presid\u00eancia da Rep\u00fablica pelo PSOL, em depoimento na sede da Pol\u00edcia Federal em S\u00e3o Paulo. Guilherme foi intimado pela PF por conta da ocupa\u00e7\u00e3o simb\u00f3lica do famigerado \u201cTriplex do Guaruj\u00e1\u201d, atribu\u00eddo ao ex-presidente Lula e motivo para sua pris\u00e3o em abril deste ano.<\/p>\n<p>Guilherme Boulos esteve acompanhado por parlamentares do PSOL como Luiza Erundina, Ivan Valente, Carlos Giannazzi e Toninho Vespoli, pelo presidente do partido, Juliano Medeiros, e por companheiras e companheiros do MTST, mobilizados sob a forte garoa na regi\u00e3o da Lapa, zona oeste paulistana. Guilherme destacou que, embora n\u00e3o tenha participado da organiza\u00e7\u00e3o ou da efetiva ocupa\u00e7\u00e3o no dia 16 de abril, apoia o ato levado a cabo pelos militantes.<\/p>\n<blockquote><p><b>\u201c\u00c9 leg\u00edtimo que movimentos sociais se organizem e lutem, se expressem em seu leg\u00edtimo direito de manifesta\u00e7\u00e3o e luta por justi\u00e7a. Isso deveria ser considerado normal em qualquer democracia. Por isso, nos preocupa esse epis\u00f3dio\u201d<\/b><\/p><\/blockquote>\n<p>Manifestantes e pol\u00edticos presentes apontaram em un\u00edssono a tentativa de criminalizar os movimentos sociais, al\u00e9m de tentar prejudicar uma pr\u00e9-candidatura que apresenta certo inc\u00f4modo e contraria o poder estabelecido. \u201cLamentavelmente, temos vivido um processo de criminaliza\u00e7\u00e3o dos movimentos sociais. Isso nos preocupa muito, consideramos uma amea\u00e7a \u00e0 democracia. \u00c9 leg\u00edtimo que movimentos sociais se organizem e lutem, se expressem em seu leg\u00edtimo direito de manifesta\u00e7\u00e3o e luta por justi\u00e7a. Isso deveria ser considerado normal em qualquer democracia. Por isso, nos preocupa esse epis\u00f3dio\u201d, declarou o coordenador do MTST.<\/p>\n<p>O apoio a Boulos foi al\u00e9m da sede paulistana da PF e chegou ao Twitter, que viu a hashtag #ToComBoulos alcan\u00e7ar o segundo lugar dos assuntos mais comentados da rede social. A tentativa de intimida\u00e7\u00e3o pol\u00edtica e criminaliza\u00e7\u00e3o social segue a linha de politiza\u00e7\u00e3o do Judici\u00e1rio brasileiro, em que \u00f3rg\u00e3os do setor escolhem lado e atuam com claro vi\u00e9s partid\u00e1rio e ideol\u00f3gico.<\/p>\n<blockquote><p><b>\u201cDeixei claro que n\u00e3o estava l\u00e1 mas considero [a ocupa\u00e7\u00e3o do Triplex] uma a\u00e7\u00e3o leg\u00edtima e me orgulho dela\u201d<\/b><\/p><\/blockquote>\n<p>Na sa\u00edda do depoimento, Guilherme contou que respondeu a todas as perguntas, embora n\u00e3o possa revelar seu conte\u00fado por determina\u00e7\u00e3o judicial. \u201cDa nossa parte n\u00e3o h\u00e1 nenhum motivo para que n\u00e3o haja a maior transpar\u00eancia em rela\u00e7\u00e3o a toda a investiga\u00e7\u00e3o e inqu\u00e9rito, at\u00e9 porque quem n\u00e3o deve n\u00e3o teme, o que \u00e9 o nosso caso\u201d, declarou.<\/p>\n<p>No momento da a\u00e7\u00e3o direta do MTST, Guilherme se encontrava longe do Guaruj\u00e1, em compromisso de campanha. \u201cDeixei claro que n\u00e3o estava l\u00e1 mas considero uma a\u00e7\u00e3o leg\u00edtima e me orgulho dela. Ela ajudou a denunciar uma farsa judicial que levou o ex-presidente Lula injustamente para a cadeia como um preso pol\u00edtico. Essa \u00e9 nossa posi\u00e7\u00e3o, do PSOL e do conjunto dos movimentos sociais\u201d, disse.<\/p>\n<p>MTST, A LUTA \u00c9 PRA VALER<br \/>\nPor Setor de Comunica\u00e7\u00e3o\/MTST, com informa\u00e7\u00f5es da Rede Brasil Atual<\/p>\n<blockquote class=\"wp-embedded-content\" data-secret=\"DkfCwOfGQB\"><p><a href=\"http:\/\/www.mtst.org\/mtst\/mtst-protesta-e-apoia-guilherme-boulos-em-depoimento-na-pf\/\">MTST protesta em apoio a Guilherme Boulos durante depoimento na PF<\/a><\/p><\/blockquote>\n<p><iframe loading=\"lazy\" class=\"wp-embedded-content\" sandbox=\"allow-scripts\" security=\"restricted\" style=\"position: absolute; clip: rect(1px, 1px, 1px, 1px);\" src=\"http:\/\/www.mtst.org\/mtst\/mtst-protesta-e-apoia-guilherme-boulos-em-depoimento-na-pf\/embed\/#?secret=DkfCwOfGQB\" data-secret=\"DkfCwOfGQB\" width=\"600\" height=\"338\" title=\"&#8220;MTST protesta em apoio a Guilherme Boulos durante depoimento na PF&#8221; &#8212; MTST\" frameborder=\"0\" marginwidth=\"0\" marginheight=\"0\" scrolling=\"no\"><\/iframe><\/p>\n","protected":false},"excerpt":{"rendered":"<a class=\"moretag\" href=\"https:\/\/pcb.org.br\/portal2\/19944\"> <\/a>","protected":false},"author":1,"featured_media":0,"comment_status":"closed","ping_status":"closed","sticky":false,"template":"","format":"standard","meta":{"jetpack_post_was_ever_published":false,"_jetpack_newsletter_access":"","_jetpack_dont_email_post_to_subs":false,"_jetpack_newsletter_tier_id":0,"_jetpack_memberships_contains_paywalled_content":false,"_jetpack_memberships_contains_paid_content":false,"footnotes":"","jetpack_publicize_message":"","jetpack_publicize_feature_enabled":true,"jetpack_social_post_already_shared":true,"jetpack_social_options":{"image_generator_settings":{"template":"highway","default_image_id":0,"font":"","enabled":false},"version":2}},"categories":[20],"tags":[225],"class_list":["post-19944","post","type-post","status-publish","format-standard","hentry","category-c1-popular","tag-4a"],"jetpack_publicize_connections":[],"jetpack_featured_media_url":"","jetpack_shortlink":"https:\/\/wp.me\/p659gw-5bG","jetpack-related-posts":[],"jetpack_likes_enabled":true,"jetpack_sharing_enabled":true,"_links":{"self":[{"href":"https:\/\/pcb.org.br\/portal2\/wp-json\/wp\/v2\/posts\/19944","targetHints":{"allow":["GET"]}}],"collection":[{"href":"https:\/\/pcb.org.br\/portal2\/wp-json\/wp\/v2\/posts"}],"about":[{"href":"https:\/\/pcb.org.br\/portal2\/wp-json\/wp\/v2\/types\/post"}],"author":[{"embeddable":true,"href":"https:\/\/pcb.org.br\/portal2\/wp-json\/wp\/v2\/users\/1"}],"replies":[{"embeddable":true,"href":"https:\/\/pcb.org.br\/portal2\/wp-json\/wp\/v2\/comments?post=19944"}],"version-history":[{"count":0,"href":"https:\/\/pcb.org.br\/portal2\/wp-json\/wp\/v2\/posts\/19944\/revisions"}],"wp:attachment":[{"href":"https:\/\/pcb.org.br\/portal2\/wp-json\/wp\/v2\/media?parent=19944"}],"wp:term":[{"taxonomy":"category","embeddable":true,"href":"https:\/\/pcb.org.br\/portal2\/wp-json\/wp\/v2\/categories?post=19944"},{"taxonomy":"post_tag","embeddable":true,"href":"https:\/\/pcb.org.br\/portal2\/wp-json\/wp\/v2\/tags?post=19944"}],"curies":[{"name":"wp","href":"https:\/\/api.w.org\/{rel}","templated":true}]}}