{"id":1996,"date":"2011-10-24T21:28:58","date_gmt":"2011-10-24T21:28:58","guid":{"rendered":"http:\/\/pcb.org.br\/portal2\/?p=1996"},"modified":"2017-08-25T00:55:00","modified_gmt":"2017-08-25T03:55:00","slug":"carta-de-anita-prestes-ao-pcdob","status":"publish","type":"post","link":"https:\/\/pcb.org.br\/portal2\/1996","title":{"rendered":"CARTA DE ANITA PRESTES AO PcdoB"},"content":{"rendered":"\n<p>Rio de Janeiro, 21 de outubro de 2011.<\/p>\n<p>Ao Comit\u00ea Central do<\/p>\n<p>Partido Comunista do Brasil<\/p>\n<p>(PCdoB)<\/p>\n<p>Dirijo-me \u00e0 dire\u00e7\u00e3o do PCdoB para externar minha estranheza e minha indigna\u00e7\u00e3o com a utiliza\u00e7\u00e3o ind\u00e9bita da imagem dos meus pais, Luiz Carlos Prestes e Olga Benario Prestes, em Programa Eleitoral desse partido, transmitido pela TV na noite de ontem, dia 20 de outubro de 2011.<\/p>\n<p>N\u00e3o posso aceitar que se pretenda comprometer a trajet\u00f3ria revolucion\u00e1ria dos meus pais com a pol\u00edtica atual do PCdoB, que, certamente, seria energicamente por eles repudiada. Cabe lembrar que, ap\u00f3s a anistia de 1979 e o regresso de Luiz Carlos Prestes ao Brasil, durante os \u00faltimos dez anos de sua vida, ele denunciou repetidamente o oportunismo tanto do PCdoB quanto do PCB, caracterizando a pol\u00edtica adotada por esses partidos como reformista e de trai\u00e7\u00e3o da classe oper\u00e1ria. Bastando consultar a imprensa dos anos 1980 para comprovar esta afirma\u00e7\u00e3o.<\/p>\n<p>Por respeito \u00e0 mem\u00f3ria de Prestes e de Olga, o PCdoB deveria deixar de utilizar-se do ineg\u00e1vel prest\u00edgio desses dois revolucion\u00e1rios comunistas junto a amplos setores do nosso povo, numa tentativa deplor\u00e1vel de impedir o desgaste, junto \u00e0 opini\u00e3o p\u00fablica, de dirigentes desse partido acusados de poss\u00edvel envolvimento em atos de corrup\u00e7\u00e3o.<\/p>\n<p>Atenciosamente,<\/p>\n<p>Anita Leoc\u00e1dia Prestes<\/p>\n<hr size=\"1\" \/>\n<p><strong><em>Nota do Secretariado Nacional do PCB<\/em><\/strong><strong><em>:<\/em><\/strong><\/p>\n<p><strong><em>Solidarizamo-nos com a justa indigna\u00e7\u00e3o de Anita Leoc\u00e1dia Prestes e concordamos com suas cr\u00edticas ao reformismo e \u00e0 concilia\u00e7\u00e3o, nos anos 80, tanto da dire\u00e7\u00e3o do PCB como do PcdoB.<\/em><\/strong><\/p>\n<p><strong><em>No caso do PCB, durante a d\u00e9cada de 80, os reformistas encontraram a firme resist\u00eancia de comunistas que optaram corretamente por ficar no Partido para enfrent\u00e1-los. Os reformistas foram derrotados em 1992, quando tentaram liquidar o PCB. Desde ent\u00e3o, iniciamos a reconstru\u00e7\u00e3o revolucion\u00e1ria do nosso Partido, que hoje se consolida.<\/em><\/strong><\/p>\n<p><strong><em>Quanto ao PcdoB, o reformismo n\u00e3o encontrou qualquer resist\u00eancia. N\u00e3o s\u00f3 continuou como se aprofunda cada vez mais.<\/em><\/strong><\/p>\n","protected":false},"excerpt":{"rendered":"\n\n\nCr\u00e9dito: 2.bp.blogspot\n\n\n\n\n\n\n\n\n(Veja em seguida nota do Secretariado Nacional do PCB)\n<a class=\"moretag\" href=\"https:\/\/pcb.org.br\/portal2\/1996\"> <\/a>","protected":false},"author":1,"featured_media":0,"comment_status":"open","ping_status":"open","sticky":false,"template":"","format":"standard","meta":{"jetpack_post_was_ever_published":false,"_jetpack_newsletter_access":"","_jetpack_dont_email_post_to_subs":false,"_jetpack_newsletter_tier_id":0,"_jetpack_memberships_contains_paywalled_content":false,"_jetpack_memberships_contains_paid_content":false,"footnotes":"","jetpack_publicize_message":"","jetpack_publicize_feature_enabled":true,"jetpack_social_post_already_shared":false,"jetpack_social_options":{"image_generator_settings":{"template":"highway","default_image_id":0,"font":"","enabled":false},"version":2}},"categories":[7],"tags":[],"class_list":["post-1996","post","type-post","status-publish","format-standard","hentry","category-s8-brasil"],"jetpack_publicize_connections":[],"jetpack_featured_media_url":"","jetpack_shortlink":"https:\/\/wp.me\/p659gw-wc","jetpack-related-posts":[],"jetpack_likes_enabled":true,"jetpack_sharing_enabled":true,"_links":{"self":[{"href":"https:\/\/pcb.org.br\/portal2\/wp-json\/wp\/v2\/posts\/1996","targetHints":{"allow":["GET"]}}],"collection":[{"href":"https:\/\/pcb.org.br\/portal2\/wp-json\/wp\/v2\/posts"}],"about":[{"href":"https:\/\/pcb.org.br\/portal2\/wp-json\/wp\/v2\/types\/post"}],"author":[{"embeddable":true,"href":"https:\/\/pcb.org.br\/portal2\/wp-json\/wp\/v2\/users\/1"}],"replies":[{"embeddable":true,"href":"https:\/\/pcb.org.br\/portal2\/wp-json\/wp\/v2\/comments?post=1996"}],"version-history":[{"count":0,"href":"https:\/\/pcb.org.br\/portal2\/wp-json\/wp\/v2\/posts\/1996\/revisions"}],"wp:attachment":[{"href":"https:\/\/pcb.org.br\/portal2\/wp-json\/wp\/v2\/media?parent=1996"}],"wp:term":[{"taxonomy":"category","embeddable":true,"href":"https:\/\/pcb.org.br\/portal2\/wp-json\/wp\/v2\/categories?post=1996"},{"taxonomy":"post_tag","embeddable":true,"href":"https:\/\/pcb.org.br\/portal2\/wp-json\/wp\/v2\/tags?post=1996"}],"curies":[{"name":"wp","href":"https:\/\/api.w.org\/{rel}","templated":true}]}}