{"id":1998,"date":"2011-10-25T13:43:57","date_gmt":"2011-10-25T13:43:57","guid":{"rendered":"http:\/\/pcb.org.br\/portal2\/?p=1998"},"modified":"2017-08-25T00:55:00","modified_gmt":"2017-08-25T03:55:00","slug":"larga-o-osso-sarney","status":"publish","type":"post","link":"https:\/\/pcb.org.br\/portal2\/1998","title":{"rendered":"Larga o osso, SARNEY!"},"content":{"rendered":"\n<p><strong>Grande pol\u00edtico, honesto e progressista, elevou o Maranh\u00e3o <\/strong><\/p>\n<p><strong>ao IDH (\u00cdndice de Desenvolvimento Humano) do n\u00edvel do Jap\u00e3o:<\/strong><\/p>\n<p><strong><img data-recalc-dims=\"1\" loading=\"lazy\" decoding=\"async\" src=\"https:\/\/i0.wp.com\/lh4.googleusercontent.com\/-dOYJaLon8jU\/TqdrvYqX5hI\/AAAAAAAABWY\/KFDLu8jrz6g\/s470\/sarney-001.jpg?resize=470%2C227&#038;ssl=1\" border=\"0\" hspace=\"1\" vspace=\"1\" width=\"470\" height=\"227\" \/><\/strong><\/p>\n<p><strong>Estimulou o desenvolvimento do Maranh\u00e3o e criou riquezas para todos:<\/strong><\/p>\n<p><strong><img data-recalc-dims=\"1\" loading=\"lazy\" decoding=\"async\" src=\"https:\/\/i0.wp.com\/lh3.googleusercontent.com\/--jeieg59QUw\/TqdrpDdnFuI\/AAAAAAAABWQ\/l8l4MMUVXpc\/s640\/sarney-002.jpg?resize=700%2C558&#038;ssl=1\" border=\"0\" hspace=\"1\" vspace=\"1\" width=\"700\" height=\"558\" \/><\/strong><\/p>\n<p><strong>Humilde e simples, at\u00e9 simpl\u00f3rio, Sarney homenageou os <\/strong><\/p>\n<p><strong>grandes maranhenses e reconheceu sua grandeza;<\/strong><\/p>\n<p><strong><img data-recalc-dims=\"1\" loading=\"lazy\" decoding=\"async\" src=\"https:\/\/i0.wp.com\/lh6.googleusercontent.com\/-wYfSRZINU8k\/TqdrkjKo1MI\/AAAAAAAABWI\/QdlFR69Pedo\/s480\/sarney-003.jpg?resize=480%2C194&#038;ssl=1\" border=\"0\" hspace=\"1\" vspace=\"1\" width=\"480\" height=\"194\" \/><\/strong><\/p>\n<p><strong>As crian\u00e7as foram seu principal foco de governo. <\/strong><\/p>\n<p><strong>Todas mereceram a devida aten\u00e7\u00e3o.<\/strong><\/p>\n<p><strong><img data-recalc-dims=\"1\" loading=\"lazy\" decoding=\"async\" src=\"https:\/\/i0.wp.com\/lh6.googleusercontent.com\/-LH7SD3orGxY\/TqdrWWttDqI\/AAAAAAAABV8\/dOoUPhBuxRQ\/s200\/sarney-005.jpg?resize=200%2C140&#038;ssl=1\" border=\"0\" hspace=\"1\" vspace=\"1\" width=\"200\" height=\"140\" \/><\/strong><\/p>\n<p><strong>O desprendimento deste homem foi uma das marcas de sua vida pol\u00edtica. <\/strong><\/p>\n<p><strong>Jamais almejou o poder pelo poder. <\/strong><\/p>\n<p><strong>Apenas quis servir ao povo do Maranh\u00e3o e do Brasil.<\/strong><\/p>\n<p><img decoding=\"async\" src=\"images\/stories\/sarney-n-larga-osso.jpg\" border=\"0\" alt=\"imagem\" width=\"100%\" \/><\/p>\n","protected":false},"excerpt":{"rendered":"\n\n\nCr\u00e9dito: 2.bp.blogspot\n\n\n\n\n\n\n\n\n<a class=\"moretag\" href=\"https:\/\/pcb.org.br\/portal2\/1998\"> <\/a>","protected":false},"author":1,"featured_media":0,"comment_status":"open","ping_status":"open","sticky":false,"template":"","format":"standard","meta":{"jetpack_post_was_ever_published":false,"_jetpack_newsletter_access":"","_jetpack_dont_email_post_to_subs":false,"_jetpack_newsletter_tier_id":0,"_jetpack_memberships_contains_paywalled_content":false,"_jetpack_memberships_contains_paid_content":false,"footnotes":"","jetpack_publicize_message":"","jetpack_publicize_feature_enabled":true,"jetpack_social_post_already_shared":false,"jetpack_social_options":{"image_generator_settings":{"template":"highway","default_image_id":0,"font":"","enabled":false},"version":2}},"categories":[7],"tags":[],"class_list":["post-1998","post","type-post","status-publish","format-standard","hentry","category-s8-brasil"],"jetpack_publicize_connections":[],"jetpack_featured_media_url":"","jetpack_shortlink":"https:\/\/wp.me\/p659gw-we","jetpack-related-posts":[],"jetpack_likes_enabled":true,"jetpack_sharing_enabled":true,"_links":{"self":[{"href":"https:\/\/pcb.org.br\/portal2\/wp-json\/wp\/v2\/posts\/1998","targetHints":{"allow":["GET"]}}],"collection":[{"href":"https:\/\/pcb.org.br\/portal2\/wp-json\/wp\/v2\/posts"}],"about":[{"href":"https:\/\/pcb.org.br\/portal2\/wp-json\/wp\/v2\/types\/post"}],"author":[{"embeddable":true,"href":"https:\/\/pcb.org.br\/portal2\/wp-json\/wp\/v2\/users\/1"}],"replies":[{"embeddable":true,"href":"https:\/\/pcb.org.br\/portal2\/wp-json\/wp\/v2\/comments?post=1998"}],"version-history":[{"count":0,"href":"https:\/\/pcb.org.br\/portal2\/wp-json\/wp\/v2\/posts\/1998\/revisions"}],"wp:attachment":[{"href":"https:\/\/pcb.org.br\/portal2\/wp-json\/wp\/v2\/media?parent=1998"}],"wp:term":[{"taxonomy":"category","embeddable":true,"href":"https:\/\/pcb.org.br\/portal2\/wp-json\/wp\/v2\/categories?post=1998"},{"taxonomy":"post_tag","embeddable":true,"href":"https:\/\/pcb.org.br\/portal2\/wp-json\/wp\/v2\/tags?post=1998"}],"curies":[{"name":"wp","href":"https:\/\/api.w.org\/{rel}","templated":true}]}}