{"id":19994,"date":"2018-06-14T17:52:45","date_gmt":"2018-06-14T20:52:45","guid":{"rendered":"https:\/\/pcb.org.br\/portal2\/?p=19994"},"modified":"2018-06-14T17:52:45","modified_gmt":"2018-06-14T20:52:45","slug":"israel-matou-3000-criancas-palestinas-desde-o-ano-2000","status":"publish","type":"post","link":"https:\/\/pcb.org.br\/portal2\/19994","title":{"rendered":"Israel matou 3000 crian\u00e7as palestinas desde o ano 2000"},"content":{"rendered":"<p><img decoding=\"async\" class=\"imagem\" title=\"imagem\" src=\"https:\/\/i0.wp.com\/www.resumenlatinoamericano.org\/wp-content\/uploads\/2018\/06\/12-de-junio-palestinani%C3%B1osmuertos4-300x168.jpg\" alt=\"imagem\" \/><!--more--><a href=\"http:\/\/www.resumenlatinoamericano.org\/2018\/06\/12\/israel-ha-matado-a-3000-ninos-palestinos-desde-el-ano-2000\/\" target=\"_blank\" rel=\"noopener\">Resumen Latinoamericano\/Kaos en la red<\/a><\/p>\n<p>Segundo informa\u00e7\u00f5es da p\u00e1gina web Midd\u00f1e East Monitor (MEM)\u00a0citando um informe recentemente publicado pelo Minist\u00e9rio de Informa\u00e7\u00e3o Palestino, as for\u00e7as de guerra israelenses mataram, nos \u00faltimos 17 anos, mais de 3000 crian\u00e7as, al\u00e9m de deixar feridos mais de 13.000 menores de idade.<\/p>\n<p>As cifras tamb\u00e9m indicam que, no total, detiveram mais de 12.000 crian\u00e7as \u2014 atualmente s\u00e3o mantidos encarcerados cerca de 300 \u2014, das quais 95 % foi v\u00edtima de agress\u00f5es e torturas nos interrogat\u00f3rios.<\/p>\n<p>O n\u00famero de crian\u00e7as palestinas detidas pelas for\u00e7as israelenses\u00a0parece crescer, j\u00e1 que, ap\u00f3s o in\u00edcio da Segunda Intifada (levante popular), em outubro de 2015, foram detidas mais de 2000 crian\u00e7as em um ano, enquanto que a cifra habitual\u00a0era, anualmente, de cerca de 700 crian\u00e7as presas.<\/p>\n<p>Por outro lado, as estat\u00edsticas mostram um severo aumento na quantidade de crian\u00e7as palestinas que se veem obrigadas a trabalhar (um aumento de cerca de 40.000 desde 2011 at\u00e9 2017), o que se atribui em grande parte \u00e0s consequ\u00eancias da agress\u00e3o militar israelense de 2014 \u00e0 Faixa de Gaza e ao bloqueio imposto a este enclave costeiro.<\/p>\n<p>Quase 20.000 crian\u00e7as palestinos que formam parte do mercado de trabalho, conforme revela o informe, trabalham nos assentamentos agr\u00edcolas israelenses e ganham um ter\u00e7o do sal\u00e1rio m\u00ednimo estabelecido pelo regime de Tel Aviv, al\u00e9m de haver abundantes registros de abusos a menores palestinos nas ditas fazendas.<\/p>\n<p>Do mesmo modo, as crian\u00e7as palestinas sofrem viola\u00e7\u00f5es de seus direitos humanos nos pontos de controle militar israelenses situados \u00e0 entrada das cidades, aldeias e campos de refugiados palestinos.<\/p>\n<p>Os maus tratos das for\u00e7as de ocupa\u00e7\u00e3o israelenses a crian\u00e7as palestinas n\u00e3o s\u00e3o nada novo: os dados publicados pela organiza\u00e7\u00e3o n\u00e3o governamental Defesa de Meninas e Meninos Internacional (DNI, por sua sigla em espanhol) assinalam o ano de 2016 como o mais letal\u00a0da \u00faltima d\u00e9cada para as crian\u00e7as palestinas nas terras ocupadas da Cisjord\u00e2nia e Al-Quds (Jerusal\u00e9m).<\/p>\n<p>hgn\/mla\/lvs\/rba<\/p>\n<blockquote class=\"wp-embedded-content\" data-secret=\"he3uetTWBJ\"><p><a href=\"http:\/\/www.resumenlatinoamericano.org\/2018\/06\/12\/israel-ha-matado-a-3000-ninos-palestinos-desde-el-ano-2000\/\">Israel ha matado a 3000 ni\u00f1@s palestin@s desde el a\u00f1o 2000<\/a><\/p><\/blockquote>\n<p><iframe loading=\"lazy\" class=\"wp-embedded-content\" sandbox=\"allow-scripts\" security=\"restricted\" style=\"position: absolute; clip: rect(1px, 1px, 1px, 1px);\" src=\"http:\/\/www.resumenlatinoamericano.org\/2018\/06\/12\/israel-ha-matado-a-3000-ninos-palestinos-desde-el-ano-2000\/embed\/#?secret=he3uetTWBJ\" data-secret=\"he3uetTWBJ\" width=\"600\" height=\"338\" title=\"&#8220;Israel ha matado a 3000 ni\u00f1@s palestin@s desde el a\u00f1o 2000&#8221; &#8212; Resumen Latinoamericano\" frameborder=\"0\" marginwidth=\"0\" marginheight=\"0\" scrolling=\"no\"><\/iframe><\/p>\n","protected":false},"excerpt":{"rendered":"<a class=\"moretag\" href=\"https:\/\/pcb.org.br\/portal2\/19994\"> <\/a>","protected":false},"author":1,"featured_media":0,"comment_status":"closed","ping_status":"closed","sticky":false,"template":"","format":"standard","meta":{"jetpack_post_was_ever_published":false,"_jetpack_newsletter_access":"","_jetpack_dont_email_post_to_subs":false,"_jetpack_newsletter_tier_id":0,"_jetpack_memberships_contains_paywalled_content":false,"_jetpack_memberships_contains_paid_content":false,"footnotes":"","jetpack_publicize_message":"","jetpack_publicize_feature_enabled":true,"jetpack_social_post_already_shared":true,"jetpack_social_options":{"image_generator_settings":{"template":"highway","default_image_id":0,"font":"","enabled":false},"version":2}},"categories":[78],"tags":[227],"class_list":["post-19994","post","type-post","status-publish","format-standard","hentry","category-c91-solidariedade-a-palestina","tag-5a"],"jetpack_publicize_connections":[],"jetpack_featured_media_url":"","jetpack_shortlink":"https:\/\/wp.me\/p659gw-5cu","jetpack-related-posts":[],"jetpack_likes_enabled":true,"jetpack_sharing_enabled":true,"_links":{"self":[{"href":"https:\/\/pcb.org.br\/portal2\/wp-json\/wp\/v2\/posts\/19994","targetHints":{"allow":["GET"]}}],"collection":[{"href":"https:\/\/pcb.org.br\/portal2\/wp-json\/wp\/v2\/posts"}],"about":[{"href":"https:\/\/pcb.org.br\/portal2\/wp-json\/wp\/v2\/types\/post"}],"author":[{"embeddable":true,"href":"https:\/\/pcb.org.br\/portal2\/wp-json\/wp\/v2\/users\/1"}],"replies":[{"embeddable":true,"href":"https:\/\/pcb.org.br\/portal2\/wp-json\/wp\/v2\/comments?post=19994"}],"version-history":[{"count":0,"href":"https:\/\/pcb.org.br\/portal2\/wp-json\/wp\/v2\/posts\/19994\/revisions"}],"wp:attachment":[{"href":"https:\/\/pcb.org.br\/portal2\/wp-json\/wp\/v2\/media?parent=19994"}],"wp:term":[{"taxonomy":"category","embeddable":true,"href":"https:\/\/pcb.org.br\/portal2\/wp-json\/wp\/v2\/categories?post=19994"},{"taxonomy":"post_tag","embeddable":true,"href":"https:\/\/pcb.org.br\/portal2\/wp-json\/wp\/v2\/tags?post=19994"}],"curies":[{"name":"wp","href":"https:\/\/api.w.org\/{rel}","templated":true}]}}