{"id":20,"date":"2009-12-01T02:15:51","date_gmt":"2009-12-01T02:15:51","guid":{"rendered":"http:\/\/pcb.org.br\/portal2\/?p=20"},"modified":"2009-12-01T02:15:51","modified_gmt":"2009-12-01T02:15:51","slug":"nossa-patria-e-a-america","status":"publish","type":"post","link":"https:\/\/pcb.org.br\/portal2\/20","title":{"rendered":"Nossa P\u00e1tria \u00e9 a Am\u00e9rica"},"content":{"rendered":"<br \/>\n<table border=\"0\" width=\"200\" align=\"right\">\n<tbody>\n<tr>\n<td><img data-recalc-dims=\"1\" decoding=\"async\" src=\"https:\/\/i0.wp.com\/resistir.info\/petras\/imagens\/combatente.jpg?w=160\" border=\"0\"  align=\"right\" \/><\/td>\n<\/tr>\n<\/tbody>\n<\/table>\n<p>Trata-se de converter a Col\u00f4mbia em ponta-de-lan\u00e7a da estrat\u00e9gia do &#8220;amo do Norte&#8221;, para impedir que processos sociais como o Venezuelano, que marcham para a realiza\u00e7\u00e3o do projeto Bolivariano de Soberania e Integra\u00e7\u00e3o Latino-americana, que pode garantir aos nossos povos a &#8220;maior soma de felicidade poss\u00edvel&#8221;, se convertam em realidade.<\/p>\n<p>A situa\u00e7\u00e3o \u00e9 grave. O objetivo \u00e9 evitar que a lideran\u00e7a e o povo venezuelano continuem a senda que deixaram assinalada nossos Libertadores. Esta oligarquia n\u00e3o suporta perder seus privil\u00e9gios e nem admite que este exemplo se espalhe por toda a Am\u00e9rica. Para atingir seus objetivos olig\u00e1rquicos, recorrem \u00e0 cal\u00fania, aos massacres executados por paramilitares, gerando o terror, confus\u00e3o e desesperan\u00e7a; \u00e0 espionagem descarada e a tentativa de confundir os povos atrav\u00e9s de uma intensa campanha midi\u00e1tica, cultivando um falso nacionalismo e um descarado chauvinismo.<\/p>\n<p>Com tudo isso, o imp\u00e9rio est\u00e1 criando as condi\u00e7\u00f5es para que a &#8220;tarefa&#8221; seja resolvida pela Col\u00f4mbia, apoiado numa classe dirigente vassala disposta a servir ao amo estrangeiro para manter seus privil\u00e9gios. Por isso, a confronta\u00e7\u00e3o com a qual nos amea\u00e7aram n\u00e3o \u00e9 entre Col\u00f4mbia e Venezuela, mas entre as oligarquias que det\u00e9m o poder fazendo at\u00e9 o imposs\u00edvel para mant\u00ea-lo e os povos de nossa Am\u00e9rica que estamos obrigados a dar uma resposta acertada, fraterna, internacionalista e desprovida de chauvinismo.<\/p>\n<p>Convocamos os habitantes de ambos os lados da fronteira \u00e0 conforma\u00e7\u00e3o de comit\u00eas antiimperialistas que se convertam em muros impenetr\u00e1veis onde se anulem as ambi\u00e7\u00f5es imperialistas e se fortale\u00e7am os la\u00e7os fraternos e bolivarianos entre nossos povos.<\/p>\n<p>A P\u00e1tria se respeita, fora ianques da Col\u00f4mbia!<\/p>\n<p>Secretariado do EMC FARC &#8211; EP<\/p>\n<p>Montanhas da Col\u00f4mbia, novembro de 2009<\/p>\n<p>Traduzido por: Dario da Silva<\/p>\n","protected":false},"excerpt":{"rendered":"(Comunicado das FARC)\nO fato j\u00e1 consumado pela oligarquia vende-p\u00e1tria, liderada pelo narcoparamilitar \u00c1lvaro Uribe, de converter a Col\u00f4mbia numa base militar estadunidense, confirma outra vez o que, em seu momento, vislumbrou Sim\u00f3n Bol\u00edvar, quando em 05 de agosto de 1829, escrevia: &#8220;os Estados Unidos parecem destinados pela provid\u00eancia para infestar a Am\u00e9rica de mis\u00e9ria em nome da Liberdade&#8221;.\n<a class=\"moretag\" href=\"https:\/\/pcb.org.br\/portal2\/20\"> <\/a>","protected":false},"author":1,"featured_media":0,"comment_status":"open","ping_status":"open","sticky":false,"template":"","format":"standard","meta":{"jetpack_post_was_ever_published":false,"_jetpack_newsletter_access":"","_jetpack_dont_email_post_to_subs":false,"_jetpack_newsletter_tier_id":0,"_jetpack_memberships_contains_paywalled_content":false,"_jetpack_memberships_contains_paid_content":false,"footnotes":"","jetpack_publicize_message":"","jetpack_publicize_feature_enabled":true,"jetpack_social_post_already_shared":false,"jetpack_social_options":{"image_generator_settings":{"template":"highway","default_image_id":0,"font":"","enabled":false},"version":2}},"categories":[34],"tags":[],"class_list":["post-20","post","type-post","status-publish","format-standard","hentry","category-c39-colombia"],"jetpack_publicize_connections":[],"jetpack_featured_media_url":"","jetpack_shortlink":"https:\/\/wp.me\/p659gw-k","jetpack-related-posts":[],"jetpack_likes_enabled":true,"jetpack_sharing_enabled":true,"_links":{"self":[{"href":"https:\/\/pcb.org.br\/portal2\/wp-json\/wp\/v2\/posts\/20","targetHints":{"allow":["GET"]}}],"collection":[{"href":"https:\/\/pcb.org.br\/portal2\/wp-json\/wp\/v2\/posts"}],"about":[{"href":"https:\/\/pcb.org.br\/portal2\/wp-json\/wp\/v2\/types\/post"}],"author":[{"embeddable":true,"href":"https:\/\/pcb.org.br\/portal2\/wp-json\/wp\/v2\/users\/1"}],"replies":[{"embeddable":true,"href":"https:\/\/pcb.org.br\/portal2\/wp-json\/wp\/v2\/comments?post=20"}],"version-history":[{"count":0,"href":"https:\/\/pcb.org.br\/portal2\/wp-json\/wp\/v2\/posts\/20\/revisions"}],"wp:attachment":[{"href":"https:\/\/pcb.org.br\/portal2\/wp-json\/wp\/v2\/media?parent=20"}],"wp:term":[{"taxonomy":"category","embeddable":true,"href":"https:\/\/pcb.org.br\/portal2\/wp-json\/wp\/v2\/categories?post=20"},{"taxonomy":"post_tag","embeddable":true,"href":"https:\/\/pcb.org.br\/portal2\/wp-json\/wp\/v2\/tags?post=20"}],"curies":[{"name":"wp","href":"https:\/\/api.w.org\/{rel}","templated":true}]}}