{"id":20009,"date":"2018-06-16T11:39:58","date_gmt":"2018-06-16T14:39:58","guid":{"rendered":"https:\/\/pcb.org.br\/portal2\/?p=20009"},"modified":"2018-06-16T11:39:58","modified_gmt":"2018-06-16T14:39:58","slug":"mulheres-argentinas-avancam-na-garantia-a-saude-autonomia-e-direitos","status":"publish","type":"post","link":"https:\/\/pcb.org.br\/portal2\/20009","title":{"rendered":"Mulheres argentinas avan\u00e7am na garantia a sa\u00fade, autonomia e direitos"},"content":{"rendered":"<p><img decoding=\"async\" class=\"imagem\" title=\"imagem\" src=\"https:\/\/i0.wp.com\/anamontenegro.org\/cfcam\/wp-content\/uploads\/2018\/06\/WhatsApp-Image-2018-06-14-at-19.48.16-1.jpeg\" alt=\"imagem\" \/><!--more-->Coordena\u00e7\u00e3o Nacional do <a href=\"http:\/\/anamontenegro.org\/cfcam\/2018\/06\/15\/mulheres-argentinas-avancam-na-garantia-a-saudeautonomia-e-direitos-das-mulheres\/\" target=\"_blank\" rel=\"noopener\">Coletivo Feminista Classista Ana Montenegro<\/a><\/p>\n<p>Nesta quinta, dia 14\/06, a C\u00e2mara de Deputados da Argentina decidiu legalizar a interrup\u00e7\u00e3o da gravidez at\u00e9 a 14a semana de gesta\u00e7\u00e3o e estendeu o prazo em casos de estupro, risco de vida para a m\u00e3e e malforma\u00e7\u00e3o fetal. \u00c9, sem d\u00favida, um passo importante e uma vit\u00f3ria para as argentinas, que t\u00eam mostrado cada vez mais a for\u00e7a das mulheres trabalhadoras nas lutas. A vota\u00e7\u00e3o seguir\u00e1 para o Senado e imp\u00f5e a manuten\u00e7\u00e3o das mobiliza\u00e7\u00f5es e toda a nossa solidariedade.<\/p>\n<p>Na Am\u00e9rica Latina, essa vit\u00f3ria ser\u00e1 um importante e progressivo passo para romper com a imposi\u00e7\u00e3o da gravidez \u00e0s mulheres e \u00e0s sistem\u00e1ticas mortes em abortos clandestinos. O debate da descriminaliza\u00e7\u00e3o do aborto n\u00e3o pode se restringir \u00e0 pol\u00eamica de vida ou n\u00e3o do concepto; precisamos avan\u00e7ar para uma compreens\u00e3o mais ampla sobre as condi\u00e7\u00f5es sociais que levam a uma gravidez indesejada e para as condi\u00e7\u00f5es que geram a morte de mulheres nesses procedimentos.<\/p>\n<p>A criminaliza\u00e7\u00e3o do aborto \u00e9 mais uma forma de controle sobre a vida das mulheres trabalhadoras, principalmente sobre as mulheres negras e pobres das periferias urbanas. A justificativa do direito \u00e0 vida expressa por setores religiosos mostra-se totalmente contradit\u00f3ria quando analisados os n\u00fameros de mortes de mulheres devido a abortos clandestinos. Estat\u00edsticas apontam que s\u00e3o realizados cerca de 46 milh\u00f5es de abortos anualmente em todo o mundo, aproximadamente 160 mil por dia. Entre esses, a Organiza\u00e7\u00e3o Mundial da Sa\u00fade (OMS) estima que 19 milh\u00f5es s\u00e3o feitos de maneira clandestina e insegura, resultando na morte de 70 mil mulheres por ano e mais 5 milh\u00f5es que enfrentam sequelas do procedimento mal realizado. As leis restritivas s\u00e3o a causa fundamental dessas mortes. Em pa\u00edses onde se descriminalizou o aborto e se investiu em educa\u00e7\u00e3o sexual e reprodutiva os n\u00fameros de abortos diminu\u00edram, como \u00e9 o caso recente do Uruguai.<\/p>\n<p>Aquelas que t\u00eam condi\u00e7\u00f5es econ\u00f4micas realizam seus abortos em cl\u00ednicas com boas condi\u00e7\u00f5es de higiene e tecnologia apropriada, enquanto as mulheres trabalhadoras precisam enfrentar cl\u00ednicas em p\u00e9ssimas condi\u00e7\u00f5es ou realizar abortos de forma inapropriada, por conta pr\u00f3pria. S\u00e3o essas mulheres que, al\u00e9m de serem abandonadas pelo Estado, ainda sofrem viol\u00eancia e discrimina\u00e7\u00e3o quando buscam ajuda em espa\u00e7os de sa\u00fade ou morrem por n\u00e3o conseguirem atendimento diante das complica\u00e7\u00f5es.<\/p>\n<p>N\u00e3o importa para o patriarcado se milhares de mulheres morrem todos os dias devido a abortos clandestinos, j\u00e1 que o que est\u00e1 em jogo n\u00e3o \u00e9 a vida, mas sim a reprodu\u00e7\u00e3o ideol\u00f3gica e social do formato da fam\u00edlia individualista burguesa, do patriarcado e a manuten\u00e7\u00e3o das m\u00faltiplas jornadas de trabalho da mulher, que tem que cuidar dos filhos, cuidar e satisfazer sexualmente os maridos, manter a higiene da casa, preparar os alimentos, cuidar dos idosos e ainda trabalhar fora. Ou seja, todas as obriga\u00e7\u00f5es que deveriam ser do Estado s\u00e3o supridas no interior das fam\u00edlias pelas mulheres ou por empregadas dom\u00e9sticas, que majoritariamente s\u00e3o mulheres negras (muitas na informalidade e mesmo quando contratadas, precisam enfrentar intensas jornadas e p\u00e9ssimas condi\u00e7\u00f5es de trabalho). Por isso, tamb\u00e9m n\u00e3o podemos ignorar nesse debate a quest\u00e3o da autonomia das mulheres, o direito \u00e0 maternidade e o fim da maternidade compuls\u00f3ria.<\/p>\n<p>N\u00e3o existe alternativa de escolha ou n\u00e3o de uma gravidez em uma sociedade extremamente machista, com alto n\u00edvel de viol\u00eancia sexual e psicol\u00f3gica contra as mulheres e onde existe um alto n\u00edvel de hiper sexualiza\u00e7\u00e3o da juventude, principalmente as meninas e jovens negras. Para al\u00e9m disso, temos poucas condi\u00e7\u00f5es de educa\u00e7\u00e3o e trabalho para as mulheres em todas as idades, o que as levam a aceitar relacionamentos muitas vezes abusivos e \u00e0s condi\u00e7\u00f5es impostas nos mesmos. N\u00e3o adianta campanha para uso de anticoncepcionais se para muitas mulheres as \u00fanicas condi\u00e7\u00f5es de sobreviver s\u00e3o o casamento e a perman\u00eancia no ambiente dom\u00e9stico em relacionamentos abusivos. Isso aumenta o n\u00famero de gesta\u00e7\u00f5es indesejadas e, consequentemente, o n\u00famero de abortos clandestinos.<\/p>\n<p>A descriminaliza\u00e7\u00e3o do aborto \u00e9 uma uma quest\u00e3o de sa\u00fade p\u00fablica: trata-se de garantir o direito \u00e0 vida e \u00e0 sa\u00fade das mulheres. Ela deve estar aliada \u00e0 luta cont\u00ednua contra essa sociedade capitalista, patriarcal e machista, contra o desemprego, por condi\u00e7\u00f5es dignas de vida, de trabalho e pelo acesso universal \u00e0 educa\u00e7\u00e3o.<\/p>\n<p>No dia 03 de agosto no Brasil acontecer\u00e1 audi\u00eancia p\u00fablica no Superior Tribunal Federal para discutir a quest\u00e3o do aborto. Estaremos mobilizadas para essa defesa no Brasil e para manifestar todo apoio e solidariedade \u00e0s mulheres argentinas.<\/p>\n<p>Al\u00e9m disso apontamos que nossas lutas precisam convergir contra todo ataque aos direitos da classe trabalhadora no Brasil e no mundo. A reforma da previd\u00eancia, a reforma trabalhista e as privatiza\u00e7\u00f5es dos setores p\u00fablicos atingem nossas vidas e nos deixam ainda mais expostas \u00e0s situa\u00e7\u00f5es de viol\u00eancia cotidianas. As mobiliza\u00e7\u00f5es das mulheres precisam estar juntas e fazer coro nas vozes de toda a classe trabalhadora.<\/p>\n<p>Pela vida das mulheres!<\/p>\n<p>Contra os ataques aos nossos direitos e \u00e0 nossas vidas, no Brasil e em todo o mundo!<\/p>\n<p>N\u00e3o \u00e0 Reforma da Previd\u00eancia! Pela revoga\u00e7\u00e3o da Reforma Trabalhista! Contra as privatiza\u00e7\u00f5es!<\/p>\n<p>Viva a vit\u00f3ria das trabalhadoras argentinas e todas as lutadoras que ousam transformar essa sociedade!<\/p>\n<p>Aborto legal ya !<\/p>\n<p>Ni una a menos!<\/p>\n<p>Coletivo Feminista Classista Ana Montenegro \u2013 Nacional<\/p>\n<blockquote class=\"wp-embedded-content\" data-secret=\"h0PVyjscJU\"><p><a href=\"http:\/\/anamontenegro.org\/cfcam\/2018\/06\/15\/mulheres-argentinas-avancam-na-garantia-a-saudeautonomia-e-direitos-das-mulheres\/\">Mulheres argentinas avan\u00e7am na garantia a sa\u00fade,autonomia e direitos das mulheres<\/a><\/p><\/blockquote>\n<p><iframe loading=\"lazy\" class=\"wp-embedded-content\" sandbox=\"allow-scripts\" security=\"restricted\" style=\"position: absolute; clip: rect(1px, 1px, 1px, 1px);\" src=\"http:\/\/anamontenegro.org\/cfcam\/2018\/06\/15\/mulheres-argentinas-avancam-na-garantia-a-saudeautonomia-e-direitos-das-mulheres\/embed\/#?secret=h0PVyjscJU\" data-secret=\"h0PVyjscJU\" width=\"600\" height=\"338\" title=\"&#8220;Mulheres argentinas avan\u00e7am na garantia a sa\u00fade,autonomia e direitos das mulheres&#8221; &#8212; Coletivo Feminista Classista Ana Montenegro\" frameborder=\"0\" marginwidth=\"0\" marginheight=\"0\" scrolling=\"no\"><\/iframe><\/p>\n<p>Arte: N\u00facleo de S\u00e3o Paulo _ Capital<\/p>\n","protected":false},"excerpt":{"rendered":"<a class=\"moretag\" href=\"https:\/\/pcb.org.br\/portal2\/20009\"> <\/a>","protected":false},"author":1,"featured_media":0,"comment_status":"closed","ping_status":"closed","sticky":false,"template":"","format":"standard","meta":{"jetpack_post_was_ever_published":false,"_jetpack_newsletter_access":"","_jetpack_dont_email_post_to_subs":false,"_jetpack_newsletter_tier_id":0,"_jetpack_memberships_contains_paywalled_content":false,"_jetpack_memberships_contains_paid_content":false,"footnotes":"","jetpack_publicize_message":"","jetpack_publicize_feature_enabled":true,"jetpack_social_post_already_shared":true,"jetpack_social_options":{"image_generator_settings":{"template":"highway","default_image_id":0,"font":"","enabled":false},"version":2}},"categories":[57,180],"tags":[221],"class_list":["post-20009","post","type-post","status-publish","format-standard","hentry","category-c68-argentina","category-feminista","tag-2a"],"jetpack_publicize_connections":[],"jetpack_featured_media_url":"","jetpack_shortlink":"https:\/\/wp.me\/p659gw-5cJ","jetpack-related-posts":[],"jetpack_likes_enabled":true,"jetpack_sharing_enabled":true,"_links":{"self":[{"href":"https:\/\/pcb.org.br\/portal2\/wp-json\/wp\/v2\/posts\/20009","targetHints":{"allow":["GET"]}}],"collection":[{"href":"https:\/\/pcb.org.br\/portal2\/wp-json\/wp\/v2\/posts"}],"about":[{"href":"https:\/\/pcb.org.br\/portal2\/wp-json\/wp\/v2\/types\/post"}],"author":[{"embeddable":true,"href":"https:\/\/pcb.org.br\/portal2\/wp-json\/wp\/v2\/users\/1"}],"replies":[{"embeddable":true,"href":"https:\/\/pcb.org.br\/portal2\/wp-json\/wp\/v2\/comments?post=20009"}],"version-history":[{"count":0,"href":"https:\/\/pcb.org.br\/portal2\/wp-json\/wp\/v2\/posts\/20009\/revisions"}],"wp:attachment":[{"href":"https:\/\/pcb.org.br\/portal2\/wp-json\/wp\/v2\/media?parent=20009"}],"wp:term":[{"taxonomy":"category","embeddable":true,"href":"https:\/\/pcb.org.br\/portal2\/wp-json\/wp\/v2\/categories?post=20009"},{"taxonomy":"post_tag","embeddable":true,"href":"https:\/\/pcb.org.br\/portal2\/wp-json\/wp\/v2\/tags?post=20009"}],"curies":[{"name":"wp","href":"https:\/\/api.w.org\/{rel}","templated":true}]}}