{"id":20067,"date":"2018-06-24T22:58:13","date_gmt":"2018-06-25T01:58:13","guid":{"rendered":"https:\/\/pcb.org.br\/portal2\/?p=20067"},"modified":"2018-06-24T22:58:13","modified_gmt":"2018-06-25T01:58:13","slug":"videos-marx-textos-ineditos-lenin-povos-originarios-e-problema-nacional","status":"publish","type":"post","link":"https:\/\/pcb.org.br\/portal2\/20067","title":{"rendered":"V\u00eddeos: Marx, Textos in\u00e9ditos + Lenin, povos origin\u00e1rios e problema nacional"},"content":{"rendered":"<p><img decoding=\"async\" class=\"imagem\" title=\"imagem\" src=\"https:\/\/i0.wp.com\/img.youtube.com\/vi\/PAFP5fSxuDg\/0.jpg\" alt=\"imagem\" \/><!--more--><b>VIDEO\u00a01:<\/b><\/p>\n<p><span class=\"embed-youtube\" style=\"text-align:center; display: block;\"><iframe loading=\"lazy\" class=\"youtube-player\" width=\"747\" height=\"421\" src=\"https:\/\/www.youtube.com\/embed\/PAFP5fSxuDg?version=3&#038;rel=1&#038;showsearch=0&#038;showinfo=1&#038;iv_load_policy=1&#038;fs=1&#038;hl=pt-BR&#038;autohide=2&#038;wmode=transparent\" allowfullscreen=\"true\" style=\"border:0;\" sandbox=\"allow-scripts allow-same-origin allow-popups allow-presentation allow-popups-to-escape-sandbox\"><\/iframe><\/span><\/p>\n<p><b>KARL MARX: TEXTOS IN\u00c9DITOS (Garc\u00eda Linera, N\u00e9stor Kohan, apresenta\u00e7\u00e3o em La Paz, Bol\u00edvia, 2018)<\/b><\/p>\n<p>Apresenta\u00e7\u00e3o do volume KARL MARX 200 ANOS. TEXTOS IN\u00c9DITOS (COMUNIDADE, NACIONALISMOS E CAPITAL). \u00c1lvaro Garc\u00eda Linera, N\u00e9stor Kohan. Banco Central de Bolivia, La Paz, maio de 2018.<\/p>\n<p><b>VIDEO\u00a02:<\/b><\/p>\n<p><span class=\"embed-youtube\" style=\"text-align:center; display: block;\"><iframe loading=\"lazy\" class=\"youtube-player\" width=\"747\" height=\"421\" src=\"https:\/\/www.youtube.com\/embed\/7vI4yZXT3KM?version=3&#038;rel=1&#038;showsearch=0&#038;showinfo=1&#038;iv_load_policy=1&#038;fs=1&#038;hl=pt-BR&#038;autohide=2&#038;wmode=transparent\" allowfullscreen=\"true\" style=\"border:0;\" sandbox=\"allow-scripts allow-same-origin allow-popups allow-presentation allow-popups-to-escape-sandbox\"><\/iframe><\/span><\/p>\n<p><b>LENIN: POVOS ORIGIN\u00c1RIOS E PROBLEMA NACIONAL (Gilberto Lopez y Rivas &#8211; Entrevista de Nestor Kohan)<\/b><\/p>\n<p>A luta rebelde dos povos origin\u00e1rios e a reflex\u00e3o de Vladimir I. Lenin sobre o direito dos povos e na\u00e7\u00f5es \u00e1 autodetermina\u00e7\u00e3o. De Marx e Lenin a Jos\u00e9 Carlos Mari\u00e1tegui e Che Guevara. As li\u00e7\u00f5es dos processos revolucion\u00e1rios indolatinoamericanos e a revolu\u00e7\u00e3o bolchevique. O etnomarxismo, a teoria do colonialismo interno e a teoria marxista da depend\u00eancia. Desafios atuais do marxismo de Nossa Am\u00e9rica.<\/p>\n","protected":false},"excerpt":{"rendered":"<a class=\"moretag\" href=\"https:\/\/pcb.org.br\/portal2\/20067\"> <\/a>","protected":false},"author":1,"featured_media":0,"comment_status":"closed","ping_status":"closed","sticky":false,"template":"","format":"standard","meta":{"jetpack_post_was_ever_published":false,"_jetpack_newsletter_access":"","_jetpack_dont_email_post_to_subs":false,"_jetpack_newsletter_tier_id":0,"_jetpack_memberships_contains_paywalled_content":false,"_jetpack_memberships_contains_paid_content":false,"footnotes":"","jetpack_publicize_message":"","jetpack_publicize_feature_enabled":true,"jetpack_social_post_already_shared":true,"jetpack_social_options":{"image_generator_settings":{"template":"highway","default_image_id":0,"font":"","enabled":false},"version":2}},"categories":[3],"tags":[],"class_list":["post-20067","post","type-post","status-publish","format-standard","hentry","category-s7-formacao-politica"],"jetpack_publicize_connections":[],"jetpack_featured_media_url":"","jetpack_shortlink":"https:\/\/wp.me\/p659gw-5dF","jetpack-related-posts":[],"jetpack_likes_enabled":true,"jetpack_sharing_enabled":true,"_links":{"self":[{"href":"https:\/\/pcb.org.br\/portal2\/wp-json\/wp\/v2\/posts\/20067","targetHints":{"allow":["GET"]}}],"collection":[{"href":"https:\/\/pcb.org.br\/portal2\/wp-json\/wp\/v2\/posts"}],"about":[{"href":"https:\/\/pcb.org.br\/portal2\/wp-json\/wp\/v2\/types\/post"}],"author":[{"embeddable":true,"href":"https:\/\/pcb.org.br\/portal2\/wp-json\/wp\/v2\/users\/1"}],"replies":[{"embeddable":true,"href":"https:\/\/pcb.org.br\/portal2\/wp-json\/wp\/v2\/comments?post=20067"}],"version-history":[{"count":0,"href":"https:\/\/pcb.org.br\/portal2\/wp-json\/wp\/v2\/posts\/20067\/revisions"}],"wp:attachment":[{"href":"https:\/\/pcb.org.br\/portal2\/wp-json\/wp\/v2\/media?parent=20067"}],"wp:term":[{"taxonomy":"category","embeddable":true,"href":"https:\/\/pcb.org.br\/portal2\/wp-json\/wp\/v2\/categories?post=20067"},{"taxonomy":"post_tag","embeddable":true,"href":"https:\/\/pcb.org.br\/portal2\/wp-json\/wp\/v2\/tags?post=20067"}],"curies":[{"name":"wp","href":"https:\/\/api.w.org\/{rel}","templated":true}]}}