{"id":20111,"date":"2018-06-29T19:51:21","date_gmt":"2018-06-29T22:51:21","guid":{"rendered":"https:\/\/pcb.org.br\/portal2\/?p=20111"},"modified":"2018-06-29T19:51:21","modified_gmt":"2018-06-29T22:51:21","slug":"qual-e-o-custo-da-verdade","status":"publish","type":"post","link":"https:\/\/pcb.org.br\/portal2\/20111","title":{"rendered":"Qual \u00e9 o custo da verdade?"},"content":{"rendered":"<p><img decoding=\"async\" class=\"imagem\" title=\"imagem\" src=\"https:\/\/i0.wp.com\/unidadeclassista.org.br\/uc1\/wp-content\/uploads\/2018\/06\/450.jpg\" alt=\"imagem\" \/><!--more-->Nota da Unidade Classista de Pernambuco de rep\u00fadio \u00e0 demiss\u00e3o do jornalista Jo\u00e3o Valadares<\/p>\n<p>Jornalismo. Profiss\u00e3o importante, por\u00e9m perigosa. Dentre os v\u00e1rios perigos, um deles \u00e9 falar a verdade. Sim, falar a verdade pode ser perigoso, pode at\u00e9 custar a vida. Felizmente n\u00e3o \u00e9 esse o caso dessa nota de rep\u00fadio. O que n\u00e3o quer dizer que n\u00e3o seja grave.<\/p>\n<p>O jornalista Jo\u00e3o Valadares denunciou casos de suposto nepotismo cruzado de familiares dos Desembargadores do Tribunal de Justi\u00e7a de Pernambuco (TJPE) no Tribunal de Contas do Estado (TCE), ademais, a cunhada do Governador Paulo C\u00e2mara tamb\u00e9m possui cargo comissionado no TCE. Pessoas que entram \u201cpela janela\u201d no setor p\u00fablico, ou seja, sem concurso p\u00fablico, mediante \u201capenas\u201d um sobrenome influente. Qual o custo dessa not\u00edcia? A demiss\u00e3o do jornalista Jo\u00e3o!<\/p>\n<p>\u00c9 \u00f3bvio que uma demiss\u00e3o dessa n\u00e3o vem \u00e0 toa. Os poderosos senhores de toga mostram sua excresc\u00eancia, fazem injusti\u00e7a mais uma vez, a primeira em incluir parentes em \u00f3rg\u00e3os p\u00fablicos, a segunda em ca\u00e7ar um cidad\u00e3o de exercer seu dever profissional livremente. N\u00e3o vamos nem entrar no m\u00e9rito das in\u00fameras injusti\u00e7as praticadas pela alta corte do Tribunal em decis\u00f5es, no m\u00ednimo, controversas, aliadas a interesses privados, dos grandes propriet\u00e1rios.<\/p>\n<p>A den\u00fancia vir de um notici\u00e1rio fora do Estado j\u00e1 demonstra o quanto os profissionais em Pernambuco s\u00e3o vedados a publicar not\u00edcias como essas. Os \u201cpodres poderes\u201d, como dizia o poeta baiano, mostram sua podrid\u00e3o \u201ctantas vezes em gestos t\u00e3o naturais\u201d*, que parece nem indignar a sociedade. Um caso como esse \u00e9 revoltante. A den\u00fancia em vez de intimidar as Vossas Excel\u00eancias os senhores Desembargadores, pelo contr\u00e1rio, eles que v\u00e3o intimidar a empresa a demitir um trabalhador. \u00c9 mais f\u00e1cil que corrigir seus erros e desmandos.<\/p>\n<p>A Unidade Classista se solidariza com Jo\u00e3o Valadares, e repudia o portal OP9 por ter cedido a press\u00e3o vinda, indubitavelmente, das vossas excel\u00eancias desembargadores da (in)justi\u00e7a e o Governador Paulo C\u00e2mara.<\/p>\n<p>*M\u00fasica: Podres poderes, Caetano Veloso.<\/p>\n<blockquote class=\"wp-embedded-content\" data-secret=\"Riyj1R9LBH\"><p><a href=\"http:\/\/unidadeclassista.org.br\/uc1\/3397\">QUAL O CUSTO DA VERDADE?<\/a><\/p><\/blockquote>\n<p><iframe loading=\"lazy\" class=\"wp-embedded-content\" sandbox=\"allow-scripts\" security=\"restricted\" style=\"position: absolute; clip: rect(1px, 1px, 1px, 1px);\" src=\"http:\/\/unidadeclassista.org.br\/uc1\/3397\/embed#?secret=Riyj1R9LBH\" data-secret=\"Riyj1R9LBH\" width=\"600\" height=\"338\" title=\"&#8220;QUAL O CUSTO DA VERDADE?&#8221; &#8212; Unidade Classista\" frameborder=\"0\" marginwidth=\"0\" marginheight=\"0\" scrolling=\"no\"><\/iframe><\/p>\n","protected":false},"excerpt":{"rendered":"<a class=\"moretag\" href=\"https:\/\/pcb.org.br\/portal2\/20111\"> <\/a>","protected":false},"author":1,"featured_media":0,"comment_status":"closed","ping_status":"closed","sticky":false,"template":"","format":"standard","meta":{"jetpack_post_was_ever_published":false,"_jetpack_newsletter_access":"","_jetpack_dont_email_post_to_subs":false,"_jetpack_newsletter_tier_id":0,"_jetpack_memberships_contains_paywalled_content":false,"_jetpack_memberships_contains_paid_content":false,"footnotes":"","jetpack_publicize_message":"","jetpack_publicize_feature_enabled":true,"jetpack_social_post_already_shared":true,"jetpack_social_options":{"image_generator_settings":{"template":"highway","default_image_id":0,"font":"","enabled":false},"version":2}},"categories":[31],"tags":[224],"class_list":["post-20111","post","type-post","status-publish","format-standard","hentry","category-c31-unidade-classista","tag-3b"],"jetpack_publicize_connections":[],"jetpack_featured_media_url":"","jetpack_shortlink":"https:\/\/wp.me\/p659gw-5en","jetpack-related-posts":[],"jetpack_likes_enabled":true,"jetpack_sharing_enabled":true,"_links":{"self":[{"href":"https:\/\/pcb.org.br\/portal2\/wp-json\/wp\/v2\/posts\/20111","targetHints":{"allow":["GET"]}}],"collection":[{"href":"https:\/\/pcb.org.br\/portal2\/wp-json\/wp\/v2\/posts"}],"about":[{"href":"https:\/\/pcb.org.br\/portal2\/wp-json\/wp\/v2\/types\/post"}],"author":[{"embeddable":true,"href":"https:\/\/pcb.org.br\/portal2\/wp-json\/wp\/v2\/users\/1"}],"replies":[{"embeddable":true,"href":"https:\/\/pcb.org.br\/portal2\/wp-json\/wp\/v2\/comments?post=20111"}],"version-history":[{"count":0,"href":"https:\/\/pcb.org.br\/portal2\/wp-json\/wp\/v2\/posts\/20111\/revisions"}],"wp:attachment":[{"href":"https:\/\/pcb.org.br\/portal2\/wp-json\/wp\/v2\/media?parent=20111"}],"wp:term":[{"taxonomy":"category","embeddable":true,"href":"https:\/\/pcb.org.br\/portal2\/wp-json\/wp\/v2\/categories?post=20111"},{"taxonomy":"post_tag","embeddable":true,"href":"https:\/\/pcb.org.br\/portal2\/wp-json\/wp\/v2\/tags?post=20111"}],"curies":[{"name":"wp","href":"https:\/\/api.w.org\/{rel}","templated":true}]}}