{"id":20160,"date":"2018-07-06T19:02:40","date_gmt":"2018-07-06T22:02:40","guid":{"rendered":"https:\/\/pcb.org.br\/portal2\/?p=20160"},"modified":"2018-07-08T18:05:31","modified_gmt":"2018-07-08T21:05:31","slug":"marx200-brasil","status":"publish","type":"post","link":"https:\/\/pcb.org.br\/portal2\/20160","title":{"rendered":"Marx200 Brasil"},"content":{"rendered":"<p><img decoding=\"async\" class=\"imagem\" title=\"imagem\" src=\"https:\/\/i0.wp.com\/marxismo21.org\/wp-content\/uploads\/2018\/07\/dossi%C3%AA-Marx-Br.jpg\" alt=\"imagem\" \/><!--more--><a href=\"https:\/\/marxismo21.org\" target=\"_blank\" rel=\"noopener\">Marxismo21.org<\/a><\/p>\n<p>Este dossi\u00ea busca divulgar o conjunto de livros, revistas, artigos, teses e disserta\u00e7\u00f5es acad\u00eamicas e outros materiais que, no Brasil, foram produzidos sob a orienta\u00e7\u00e3o te\u00f3rica de Karl Marx. Acredita o\u00a0 site que a forma mais pertinente e consistente de homenagear este pensador revolucion\u00e1rio \u00e9 a de mostrar a profunda influ\u00eancia que sua obra exerceu e continua exercendo\u00a0 sobre o pensamento cr\u00edtico brasileiro.<\/p>\n<p>Concebida em oito se\u00e7\u00f5es te\u00f3ricas, esta primeira postagem do dossi\u00ea se dedica a divulgar apenas tr\u00eas delas. Com a colabora\u00e7\u00e3o dos membros de seu Conselho Consultivo e seus leitores, o site \u2013 um espa\u00e7o aberto a todo\/as que se empenham pela divulga\u00e7\u00e3o da obra de Marx no Brasil \u2013 se prop\u00f5e a ampliar este dossi\u00ea com a inser\u00e7\u00e3o de novas mat\u00e9rias pertinentes \u00e0 problem\u00e1tica aqui examinada.<\/p>\n<p>Editoria \/ 5 de julho de 2018<\/p>\n<p>******<\/p>\n<p>1.\u00a0<strong>HIST\u00d3RIA DO MARXISMO NO BRASIL<\/strong><\/p>\n<p>COLET\u00c2NEA HIST\u00d3RIA DO MARXISMO NO BRASIL<br \/>\n<a href=\"https:\/\/marxismo21.org\/wp-content\/uploads\/2012\/12\/historia.zip\">https:\/\/marxismo21.org\/wp-content\/uploads\/2012\/12\/historia.zip<\/a><\/p>\n<p>BANDEIRA, Luiz Alberto Muniz. O ano vermelho. A revolu\u00e7\u00e3o russa e seus reflexos no Brasil.<br \/>\n<a href=\"http:\/\/www.libgen.io\/book\/index.php?md5=C1FC63C255F493D2AA6C4C89D3B8CFA0\">http:\/\/www.libgen.io\/book\/index.php?md5=C1FC63C255F493D2AA6C4C89D3B8CFA0<\/a><\/p>\n<p>BATALHA, Cl\u00e1udio. O Manifesto Comunista e sua recep\u00e7\u00e3o no Brasil<br \/>\n<a href=\"https:\/\/www.ifch.unicamp.br\/criticamarxista\/arquivos_biblioteca\/dossie9Dossie6.pdf\">https:\/\/www.ifch.unicamp.br\/criticamarxista\/arquivos_biblioteca\/dossie9Dossie6.pdf<\/a><\/p>\n<p>BIANCHI, Alvaro. Oct\u00e1vio Brand\u00e3o e o confisco da mem\u00f3ria: notas \u00e0 margem da hist\u00f3ria do comunismo brasileiro\u00a0<a href=\"https:\/\/www.ifch.unicamp.br\/criticamarxista\/arquivos_biblioteca\/artigo277merged_document_261.pdf\">https:\/\/www.ifch.unicamp.br\/criticamarxista\/arquivos_biblioteca\/artigo277merged_document_261.pdf<\/a><\/p>\n<p>BIANCHI, Alvaro. O Brasil dos gramscianos<br \/>\n<a href=\"https:\/\/www.ifch.unicamp.br\/criticamarxista\/arquivos_biblioteca\/artigo2017_06_03_06_43_22.pdf\">https:\/\/www.ifch.unicamp.br\/criticamarxista\/arquivos_biblioteca\/artigo2017_06_03_06_43_22.pdf<\/a><\/p>\n<p>BORTOLUCI, Jos\u00e9 Henrique.\u00a0<a href=\"http:\/\/www.sbsociologia.com.br\/portal\/index.php?option=com_docman&amp;task\">O marxismo dial\u00e9tico brasileiro como reflex\u00e3o p\u00f3s-colonial<\/a><\/p>\n<p>BUONICORE, Augusto. Astrojildo Pereira e a g\u00eanese do comunismo brasileiro<br \/>\n<a href=\"http:\/\/www.vermelho.org.br\/noticia.php?id_noticia=178303&amp;id_secao=141\">http:\/\/www.vermelho.org.br\/noticia.php?id_noticia=178303&amp;id_secao=141<\/a><\/p>\n<p>CARDOSO, Hamilton.\u00a0<a href=\"http:\/\/www.scielo.br\/pdf\/ln\/v1n3\/a12v1n3.pdf\">Um pouco da hist\u00f3ria da esquerda<\/a><\/p>\n<p>CARVALHO, Wesley R. de. O marxismo (\u201cmarxismo\u201d no curso de hist\u00f3ria da Universidade Federal Fluminense)<br \/>\n<a href=\"http:\/\/www.niepmarx.blog.br\/MM2017\/anais2017\/MC86\/mc863.pdf\">http:\/\/www.niepmarx.blog.br\/MM2017\/anais2017\/MC86\/mc863.pdf<\/a><\/p>\n<p>COELHO, Eurelino. Uma esquerda para o capital: Crise do Marxismo e Mudan\u00e7as nos Projetos Pol\u00edticos dos Grupos Dirigentes do PT (1979-1998)<br \/>\n<a href=\"http:\/\/centrovictormeyer.org.br\/wp-content\/uploads\/2010\/04\/Uma-esquerda-para-o-capital-Eurelino-Coelho.pdf\">http:\/\/centrovictormeyer.org.br\/wp-content\/uploads\/2010\/04\/Uma-esquerda-para-o-capital-Eurelino-Coelho.pdf<\/a><\/p>\n<p>CUNHA, Paulo Ribeiro Rodrigues da. A utopia tenentista na constru\u00e7\u00e3o do pensamento marxista de Nelson Werneck Sodr\u00e9<br \/>\n<a href=\"http:\/\/repositorio.unicamp.br\/jspui\/handle\/REPOSIP\/280296\">http:\/\/repositorio.unicamp.br\/jspui\/handle\/REPOSIP\/280296<\/a><\/p>\n<p>CUNHA, Paulo Ribeiro.\u00a0<a href=\"http:\/\/www2.marilia.unesp.br\/revistas\/index.php\/novosrumos\/article\/view\/2173\">Uma leitura da obra de Nelson Werneck Sodr\u00e9<\/a><\/p>\n<p>CZAJKA, Rodrigo. Praticando delitos, formando opini\u00e3o: Intelectuais, comunismo e repress\u00e3o (1958-1968)<br \/>\n<a href=\"http:\/\/repositorio.unicamp.br\/handle\/REPOSIP\/280603\">http:\/\/repositorio.unicamp.br\/handle\/REPOSIP\/280603<\/a><\/p>\n<p>CZAJKA, Rodrigo. Esses chamados intelectuais de esquerda?: o IPM do PCB e o fen\u00f4meno do comunismo na produ\u00e7\u00e3o cultural do p\u00f3s-golpe<br \/>\n<a href=\"http:\/\/www.uel.br\/revistas\/uel\/index.php\/antiteses\/article\/view\/22609\">http:\/\/www.uel.br\/revistas\/uel\/index.php\/antiteses\/article\/view\/22609<\/a><\/p>\n<p>DEL ROIO, Marcos. Oct\u00e1vio Brand\u00e3o nas origens do marxismo no Brasil<br \/>\n<a href=\"https:\/\/www.ifch.unicamp.br\/criticamarxista\/arquivos_biblioteca\/artigo254artigo192115_merged.pdf\">https:\/\/www.ifch.unicamp.br\/criticamarxista\/arquivos_biblioteca\/artigo254artigo192115_merged.pdf<\/a><\/p>\n<p>DEL ROIO, Marcos. A classe oper\u00e1ria na revolu\u00e7\u00e3o burguesa: a pol\u00edtica de alian\u00e7as do PCB, 1928-1935 ensaio hist\u00f3rico-pol\u00edtico<br \/>\n<a href=\"http:\/\/repositorio.unicamp.br\/jspui\/handle\/REPOSIP\/278794\">http:\/\/repositorio.unicamp.br\/jspui\/handle\/REPOSIP\/278794<\/a><\/p>\n<p>DEMIER, Felipe Abranches. A lei do desenvolvimento desigual e combinado de Le\u00f3n Trotsky e a intelectualidade brasileira<br \/>\n<a href=\"http:\/\/outubrorevista.com.br\/a-lei-do-desenvolvimento-desigual-e-combinado-de-leon-trotsky-e-a-intelectualidade-brasileira\/\">http:\/\/outubrorevista.com.br\/a-lei-do-desenvolvimento-desigual-e-combinado-de-leon-trotsky-e-a-intelectualidade-brasileira\/<\/a><\/p>\n<p>DEMIER, Felipe Abranches. Le\u00f3n Trotsky e os estudos sobre populismo brasileiro<br \/>\n<a href=\"http:\/\/outubrorevista.com.br\/wp-content\/uploads\/2015\/02\/Revista-Outubro-Edic%CC%A7a%CC%83o-13-Artigo-04.pdf\">http:\/\/outubrorevista.com.br\/wp-content\/uploads\/2015\/02\/Revista-Outubro-Edic%CC%A7a%CC%83o-13-Artigo-04.pdf<\/a><\/p>\n<p>GARCIA, Hamilton. Nos prim\u00f3rdios do PCB<br \/>\n<a href=\"http:\/\/www2.marilia.unesp.br\/revistas\/index.php\/novosrumos\/article\/view\/2055\">http:\/\/www2.marilia.unesp.br\/revistas\/index.php\/novosrumos\/article\/view\/2055<\/a><\/p>\n<p>GORENDER, Jacob. Combate nas Trevas<br \/>\n<a href=\"https:\/\/drive.google.com\/open?id=1hy09Tr31aHfkIWiRSzuIl597r9pwquBF\">https:\/\/drive.google.com\/open?id=1hy09Tr31aHfkIWiRSzuIl597r9pwquBF<\/a><\/p>\n<p>MUSSE, Ricardo. As aventuras do marxismo no Brasil<br \/>\n<a href=\"http:\/\/www.scielo.br\/scielo.php?script=sci_arttext&amp;pid=S0103-49792015000200409\">http:\/\/www.scielo.br\/scielo.php?script=sci_arttext&amp;pid=S0103-49792015000200409<\/a><br \/>\nNASCIMENTO, Claudio. Mario Pedrosa y Mariategui: recursos de hegemonia cultural<br \/>\n<a href=\"http:\/\/claudioautogestao.com.br\/wp-content\/uploads\/2014\/04\/MARIO-PEDROSA-Y-MARIATEGUI-por-Claudio-Nascimento1.pdf\">http:\/\/claudioautogestao.com.br\/wp-content\/uploads\/2014\/04\/MARIO-PEDROSA-Y-MARIATEGUI-por-Claudio-Nascimento1.pdf<\/a><\/p>\n<p>NEGRO, Antonio Luigi. E. P. Thompson no Brasil: recep\u00e7\u00e3o e usos<br \/>\n<a href=\"https:\/\/www.ifch.unicamp.br\/criticamarxista\/arquivos_biblioteca\/dossie2015_11_09_16_36_2843.pdf\">https:\/\/www.ifch.unicamp.br\/criticamarxista\/arquivos_biblioteca\/dossie2015_11_09_16_36_2843.pdf<\/a><\/p>\n<p>PEREIRA, Ailton Teodoro de Souza. As metamorfoses do marxismo no Brasil<br \/>\n<a href=\"http:\/\/www.teses.usp.br\/teses\/disponiveis\/8\/8132\/tde-07082017-163636\/publico\/2016_AiltonTeodoroDeSouzaPereira_VCorr.pdf\">http:\/\/www.teses.usp.br\/teses\/disponiveis\/8\/8132\/tde-07082017-163636\/publico\/2016_AiltonTeodoroDeSouzaPereira_VCorr.pdf<\/a><\/p>\n<p>PRESTES, Anita Leoc\u00e1cia. Para o estudo da mem\u00f3ria do PCB: a influ\u00eancia do pensamento antidial\u00e9tico de Mao Ts\u00e9-Tung na estrat\u00e9gia pol\u00edtica do PCB (\u201cDeclara\u00e7\u00e3o de Mar\u00e7o\u201d de 1958, resolu\u00e7\u00f5es do 5\u00ba e 6\u00ba congressos)<br \/>\n<a href=\"https:\/\/revistas.ufrj.br\/index.php\/RevistaHistoriaComparada\/article\/download\/7\/3\">https:\/\/revistas.ufrj.br\/index.php\/RevistaHistoriaComparada\/article\/download\/7\/3<\/a><\/p>\n<p>QUADROS, Carlos Fernandes de . Experi\u00eancias de forma\u00e7\u00e3o pol\u00edtica e etnia, leituras e milit\u00e2ncia estudantil de Jacob Gorender, um jovem membro do PCB em Salvador (1923-1943)<br \/>\n<a href=\"https:\/\/periodicos.ufsc.br\/index.php\/mundosdotrabalho\/article\/download\/...\/33526\">https:\/\/periodicos.ufsc.br\/index.php\/mundosdotrabalho\/article\/download\/\u2026\/33526<\/a><\/p>\n<p>QUADROS, Carlos Fernandes de. Jacob Gorender, um militante comunista: estudo de uma trajet\u00f3ria pol\u00edtica e intelectual no marxismo brasileiro (1923-1970)<br \/>\n<a href=\"http:\/\/www.teses.usp.br\/teses\/disponiveis\/8\/8138\/tde-11042016-120612\/publico\/2015_CarlosFernandoDeQuadros_VOrig.pdf\">http:\/\/www.teses.usp.br\/teses\/disponiveis\/8\/8138\/tde-11042016-120612\/publico\/2015_CarlosFernandoDeQuadros_VOrig.pdf<\/a><\/p>\n<p>REIS, Jos\u00e9 Carlos. Anos 60:\u00a0<a href=\"http:\/\/www.memoriasdaresistencia.org.br\/josecarlosreis_anos1960_caiopradojr_ea_revolucaobrasileira.pdf\">Caio Prado Jr. e \u201cA revolu\u00e7\u00e3o brasileira<\/a>\u201d<\/p>\n<p>REZENDE, Claudinei C\u00e1ssio de. O marxismo brasileiro (1922-1969): voca\u00e7\u00e3o stalinista da teoria da transi\u00e7\u00e3o.<br \/>\n<a href=\"http:\/\/www.estudosdotrabalho.org\/anais6seminariodotrabalho\/claudineicassioderezende.pdf\">http:\/\/www.estudosdotrabalho.org\/anais6seminariodotrabalho\/claudineicassioderezende.pdf<\/a><\/p>\n<p>RICUPERO, Bernardo. A aventura brasileira do marxista Caio Prado Jr.\u00a0<a href=\"https:\/\/revistas.ufpr.br\/rsp\/article\/viewFile\/39319\/24138\">https:\/\/revistas.ufpr.br\/rsp\/article\/viewFile\/39319\/24138<\/a><\/p>\n<p>RICUPERO, Bernardo.\u00a0<a href=\"http:\/\/www.afoiceeomartelo.com.br\/posfsa\/Autores\/Ricupero,%20Bernardo\/Ricupero,%20Bernardo%20-%20Caio%20Prado%20Jr.%20e%20a%20Nacionalizacao%20do%20Marxismo%20no%20Brasil.pdf\">Caio Prado Jr. e a nacionaliza\u00e7\u00e3o do marxismo no Brasil<\/a><\/p>\n<p>RODRIGUES, Alexandre M. E. Oct\u00e1vio Brand\u00e3o: uma leitura marxista dos dilemas da moderniza\u00e7\u00e3o brasileira.<br \/>\n<a href=\"https:\/\/dialnet.unirioja.es\/descarga\/articulo\/5860382.pdf\">https:\/\/dialnet.unirioja.es\/descarga\/articulo\/5860382.pdf<\/a><\/p>\n<p>RODRIGUES, Lidiane Soares. A produ\u00e7\u00e3o social do marxismo universit\u00e1rio. Mestres, disc\u00edpulos e \u2018Um Semin\u00e1rio\u2019 em S\u00e3o Paulo (1958-1978)<br \/>\n<a href=\"https:\/\/marxismo21.org\/wp-content\/uploads\/2012\/08\/Marx-USP_LidianeSoaresRodrigues.pdf\">https:\/\/marxismo21.org\/wp-content\/uploads\/2012\/08\/Marx-USP_LidianeSoaresRodrigues.pdf<\/a><\/p>\n<p>RODRIGUES, Lidiane Soares. Leitores e leituras acad\u00eamicas de Karl Marx<br \/>\n<a href=\"http:\/\/www.revistas.usp.br\/revistaintelligere\/article\/view\/109041\">http:\/\/www.revistas.usp.br\/revistaintelligere\/article\/view\/109041<\/a><\/p>\n<p>ROEDEL, Hiran. Os ventos que sopraram do leste: o PCB entre o fim da hist\u00f3ria e o marxismo.<br \/>\n<a href=\"https:\/\/revistas.ufrj.br\/index.php\/RevistaHistoriaComparada\/article\/view\/1361\/1230\">https:\/\/revistas.ufrj.br\/index.php\/RevistaHistoriaComparada\/article\/view\/1361\/1230<\/a><\/p>\n<p>RUY, Jos\u00e9 Carlos. Anota\u00e7\u00f5es sobre a hist\u00f3ria do marxismo no Brasil<br \/>\n<a href=\"http:\/\/www.escolapcdob.org.br\/file.php\/1\/materiais\/pagina_inicial\/Biblioteca\/19_Anotacoes_historia_do_Marxismo_no_Brasil-texto_J_C_Ruy.pdf\">http:\/\/www.escolapcdob.org.br\/file.php\/1\/materiais\/pagina_inicial\/Biblioteca\/19_Anotacoes_historia_do_Marxismo_no_Brasil-texto_J_C_Ruy.pdf<\/a><\/p>\n<p>SANTOS, Raimundo. \u201cDuas gera\u00e7\u00f5es de intelectuais pecebistas\u201d<br \/>\n<a href=\"https:\/\/revistaesa.com\/ojs\/index.php\/esa\/article\/view\/14\/16\">https:\/\/revistaesa.com\/ojs\/index.php\/esa\/article\/view\/14\/16<\/a><\/p>\n<p>SANTOS, Raimundo. A heran\u00e7a do pecebismo contempor\u00e2neo<br \/>\n<a href=\"http:\/\/www2.marilia.unesp.br\/revistas\/index.php\/novosrumos\/article\/download\/2214\/1832\">http:\/\/www2.marilia.unesp.br\/revistas\/index.php\/novosrumos\/article\/download\/2214\/1832<\/a><\/p>\n<p>SANTOS, Raimundo. A renova\u00e7\u00e3o pecebista dos anos 80<br \/>\n<a href=\"http:\/\/www2.marilia.unesp.br\/revistas\/index.php\/novosrumos\/article\/view\/2090\">http:\/\/www2.marilia.unesp.br\/revistas\/index.php\/novosrumos\/article\/view\/2090<\/a><\/p>\n<p>SECCO, Lincoln. O marxismo de Caio Prado Jr.<br \/>\n<a href=\"https:\/\/teoriaedebate.org.br\/2007\/09\/01\/o-marxismo-de-caio-prado-jr\/\">https:\/\/teoriaedebate.org.br\/2007\/09\/01\/o-marxismo-de-caio-prado-jr\/<\/a><\/p>\n<p>SECCO, Lincoln. A pr\u00e9-hist\u00f3ria de Gramsci no Brasil (1927-1974)<br \/>\n<a href=\"http:\/\/www2.marilia.unesp.br\/revistas\/index.php\/novosrumos\/article\/view\/1896\">http:\/\/www2.marilia.unesp.br\/revistas\/index.php\/novosrumos\/article\/view\/1896<\/a><\/p>\n<p>SILVA, Angelo Jos\u00e9 da. Agrarismo e industrialismo: uma primeira tentativa marxista de interpreta\u00e7\u00e3o do Brasil<br \/>\n<a href=\"https:\/\/revistas.ufpr.br\/rsp\/article\/viewFile\/39318\/24137\">https:\/\/revistas.ufpr.br\/rsp\/article\/viewFile\/39318\/24137<\/a><\/p>\n<p>SILVA, Angelo Jos\u00e9 da. A cr\u00edtica oper\u00e1ria \u00e0 revolu\u00e7\u00e3o de 1930: comunistas e trotsquistas<br \/>\n<a href=\"http:\/\/repositorio.unicamp.br\/jspui\/handle\/REPOSIP\/281700\">http:\/\/repositorio.unicamp.br\/jspui\/handle\/REPOSIP\/281700<\/a><\/p>\n<p>SILVA, Antonio Oza\u00ed da. Hist\u00f3ria das tend\u00eancias no Brasil (origens, cis\u00f5es e propostas)\u00a0<a href=\"https:\/\/drive.google.com\/open?id=1AxrkNIImWj5Ub3mPvzjH5sub6IOOaVAE\">https:\/\/drive.google.com\/open?id=1AxrkNIImWj5Ub3mPvzjH5sub6IOOaVAE<\/a><\/p>\n<p>SILVA, Antonio Oza\u00ed da. Os comunistas diante do muro: o marxismo-leninismo entre a nega\u00e7\u00e3o e a afirma\u00e7\u00e3o da tradi\u00e7\u00e3o stalinista<br \/>\n<a href=\"http:\/\/ojs.uem.br\/ojs\/index.php\/Dialogos\/article\/download\/37546\/19473\">http:\/\/ojs.uem.br\/ojs\/index.php\/Dialogos\/article\/download\/37546\/19473<\/a><\/p>\n<p>SALGADO, Tiago Santos. Pensamento marxista independente latino-americano: Apontamentos sobre as obras de Mari\u00e1tegui e Mario Pedrosa<br \/>\n<a href=\"https:\/\/seer.ufs.br\/index.php\/historiar\/article\/download\/8075\/6464\">https:\/\/seer.ufs.br\/index.php\/historiar\/article\/download\/8075\/6464<\/a><\/p>\n<p>SILVA, Ricardo Oliveira. O debate agr\u00e1rio na Revista Brasiliense.<br \/>\n<a href=\"http:\/\/revistaseletronicas.pucrs.br\/ojs\/index.php\/oficinadohistoriador\/article\/view\/9538\/7299\">http:\/\/revistaseletronicas.pucrs.br\/ojs\/index.php\/oficinadohistoriador\/article\/view\/9538\/7299<\/a><\/p>\n<p>SILVA, Ricardo Oliveira da. A quest\u00e3o agr\u00e1ria brasileira (1950-1960): a an\u00e1lise hist\u00f3rica de Alberto Passos Guimar\u00e3es e Caio Prado J\u00fanior.<br \/>\nwww.anpuh.org\/arquivo\/download?ID_ARQUIVO=102<\/p>\n<p>SODR\u00c9, Nelson Werneck. Contribui\u00e7\u00e3o \u00e0 hist\u00f3ria do PCB<br \/>\n<a href=\"https:\/\/drive.google.com\/open?id=1tMd7tzOViV7ZaVgn17wm3i1dzMBKrqRm\">https:\/\/drive.google.com\/open?id=1tMd7tzOViV7ZaVgn17wm3i1dzMBKrqRm<\/a><\/p>\n<p>SODR\u00c9, Nelson Werneck. Hist\u00f3ria e materialismo hist\u00f3rico no Brasil<br \/>\n<a href=\"https:\/\/drive.google.com\/open?id=1x2dTi6SPHsFbTzWp6ewOu0FmMI4uY2v0\">https:\/\/drive.google.com\/open?id=1x2dTi6SPHsFbTzWp6ewOu0FmMI4uY2v0<\/a><\/p>\n<p>TRINDADE, Gleyton. Astrojildo Pereira: o dilema da nacionaliza\u00e7\u00e3o do marxismo no Brasil<br \/>\n<a href=\"https:\/\/www.ifch.unicamp.br\/criticamarxista\/arquivos_biblioteca\/artigo311artigo5.pdf\">https:\/\/www.ifch.unicamp.br\/criticamarxista\/arquivos_biblioteca\/artigo311artigo5.pdf<\/a><\/p>\n<p>2.\u00a0<strong>MODOS DE PRODU\u00c7\u00c3O E REVOLU\u00c7\u00c3O BURGUESA NO BRASIL<\/strong><\/p>\n<p>2. 1 Modos de produ\u00e7\u00e3o no Brasil<\/p>\n<p>BRAZ, Ci\u00eancio da Silva Filho. Introdu\u00e7\u00e3o ao estudo dos modos de produ\u00e7\u00e3o na Am\u00e9rica Latina Colonial<br \/>\n<a href=\"https:\/\/periodicos.furg.br\/biblos\/article\/view\/540\">https:\/\/periodicos.furg.br\/biblos\/article\/view\/540<\/a><\/p>\n<p>FERRARI, Andr\u00e8s, FONSECA, Pedro Cezar Dutra. Caio Prado J\u00fanior, Jacob Gorender e a escravid\u00e3o colonial brasileira: uma aprecia\u00e7\u00e3o cr\u00edtica<br \/>\n<a href=\"https:\/\/www.lume.ufrgs.br\/bitstream\/handle\/10183\/27635\/000649265.pdf?sequence=1\">https:\/\/www.lume.ufrgs.br\/bitstream\/handle\/10183\/27635\/000649265.pdf?sequence=1<\/a><\/p>\n<p>FIGUEIREDO, Jos\u00e9 Ricardo. Retomando uma velha pol\u00eamica: modos de produ\u00e7\u00e3o na hist\u00f3ria do Brasil.<br \/>\n<a href=\"http:\/\/www.unicamp.br\/cemarx\/ANAIS%20IV%20COLOQUIO\/comunica%E7%F5es\/GT2\/gt2m3c4.pdf\">http:\/\/www.unicamp.br\/cemarx\/ANAIS%20IV%20COLOQUIO\/comunica%E7%F5es\/GT2\/gt2m3c4.pdf<\/a><\/p>\n<p>GARCIA, Simone Pereira. Ciro Flamarion S. Cardoso e a quest\u00e3o da brecha camponesa<br \/>\n<a href=\"http:\/\/www.ap.anpuh.org\/download\/download?ID_DOWNLOAD=1243\">http:\/\/www.ap.anpuh.org\/download\/download?ID_DOWNLOAD=1243<\/a><\/p>\n<p>GORENDER, Jacob. O escravismo colonial<br \/>\n<a href=\"https:\/\/drive.google.com\/open?id=1atj6R2bfAaUZnI-6geCwGDK51E1MlWfL\">https:\/\/drive.google.com\/open?id=1atj6R2bfAaUZnI-6geCwGDK51E1MlWfL<\/a><\/p>\n<p>GORENDER, Jacob. A escravid\u00e3o reabilitada<br \/>\n<a href=\"https:\/\/drive.google.com\/open?id=1BVLMqvVNjyGXnnmZCttk1c-TKuxpmjsH\">https:\/\/drive.google.com\/open?id=1BVLMqvVNjyGXnnmZCttk1c-TKuxpmjsH<\/a><\/p>\n<p>MAESTRI, M\u00e1rio. O Escravismo Colonial: A revolu\u00e7\u00e3o Copernicana de Jacob Gorender (A G\u00eanese, o Reconhecimento, a Deslegitima\u00e7\u00e3o)<br \/>\n<a href=\"http:\/\/www.ihu.unisinos.br\/images\/stories\/cadernos\/ihu\/013cadernosihu.pdf\">http:\/\/www.ihu.unisinos.br\/images\/stories\/cadernos\/ihu\/013cadernosihu.pdf<\/a><\/p>\n<p>MAZZEO, Antonio Carlos. Escravismo colonial: modo de produ\u00e7\u00e3o ou forma\u00e7\u00e3o social?<br \/>\nwww.anpuh.org\/arquivo\/download?ID_ARQUIVO=3636<\/p>\n<p>MARTINS, Jos\u00e9 de Souza. O cativeiro da terra<br \/>\n<a href=\"https:\/\/drive.google.com\/drive\/u\/3\/folders\/18GX3W9Xyo5M9Miap2_Y7vTIP1HTr-dB0\">https:\/\/drive.google.com\/drive\/u\/3\/folders\/18GX3W9Xyo5M9Miap2_Y7vTIP1HTr-dB0<\/a><\/p>\n<p>NOVAIS, Fernando A. Portugal e Brasil na crise do antigo sistema colonial (1977-1808)<br \/>\n<a href=\"https:\/\/drive.google.com\/open?id=1jTEpqCu7Nri3DUvRwWpUU3Z2LklK8OlH\">https:\/\/drive.google.com\/open?id=1jTEpqCu7Nri3DUvRwWpUU3Z2LklK8OlH<\/a><\/p>\n<p>PICOLI, Bruno A.Jacob Gorender, o escravismo colonial e um debate ainda presente<br \/>\n<a href=\"https:\/\/marxismo21.org\/wp-content\/uploads\/2013\/08\/O-Escravismo-colonial-B.-Picoli.pdf\">https:\/\/marxismo21.org\/wp-content\/uploads\/2013\/08\/O-Escravismo-colonial-B.-Picoli.pdf<\/a><\/p>\n<p>PRADO JR., Caio. Forma\u00e7\u00e3o do Brasil Contempor\u00e2neo \u2013 Col\u00f4nia<br \/>\n<a href=\"https:\/\/drive.google.com\/open?id=1gmHHhEXXX5PjAcCoFOPeomerLlooo9Di\">https:\/\/drive.google.com\/open?id=1gmHHhEXXX5PjAcCoFOPeomerLlooo9Di<\/a><\/p>\n<p>SANTANA, M\u00e1rcio Santos de. Uma pol\u00eamica historiogr\u00e1fica e sua perman\u00eancia espectral na hist\u00f3ria escolar<br \/>\n<a href=\"https:\/\/periodicos.fclar.unesp.br\/iberoamericana\/article\/viewFile\/7280\/5921\">https:\/\/periodicos.fclar.unesp.br\/iberoamericana\/article\/viewFile\/7280\/5921<\/a><\/p>\n<p>TEIXEIRA, Rodrigo Alves. Capital e Coloniza\u00e7\u00e3o:\u00a0<a href=\"http:\/\/www.scielo.br\/pdf\/%0D\/ee\/v36n3\/a05v36n3.pdf\">A Constitui\u00e7\u00e3o da Periferia do<\/a><br \/>\nSistema Capitalista Mundial<\/p>\n<p>VIEIRA, Carlos Alberto Cordovano. Sentido da coloniza\u00e7\u00e3o e revolu\u00e7\u00e3o brasileira:<br \/>\ncr\u00edtica de caracteriza\u00e7\u00f5es do modo de produ\u00e7\u00e3o colonial<br \/>\n<a href=\"http:\/\/www.scielo.br\/pdf\/sssoc\/n129\/0101-6628-sssoc-129-0205.pdf\">http:\/\/www.scielo.br\/pdf\/sssoc\/n129\/0101-6628-sssoc-129-0205.pdf<\/a><\/p>\n<p>2.2 Revolu\u00e7\u00e3o burguesa no Brasil<\/p>\n<p>CHASIN, Jos\u00e9. O integralismo de Pl\u00ednio Salgado: forma de regressividade no capitalismo hiper-tardio<br \/>\n<a href=\"https:\/\/drive.google.com\/open?id=1n7kvBf3WarJmGnlX3iqzFKAcxjvlQUyE\">https:\/\/drive.google.com\/open?id=1n7kvBf3WarJmGnlX3iqzFKAcxjvlQUyE<\/a><\/p>\n<p>COSTA, Ricardo da Gama Rosa. Descaminhos da revolu\u00e7\u00e3o brasileira: o PCB e a constru\u00e7\u00e3o da estrat\u00e9gia nacional-libertadora (1958-1964)<\/p>\n<p><a href=\"http:\/\/www.historia.uff.br\/stricto\/teses\/Tese-2005_Ricardo_da_Gama_Rosa_Costa-S.pdf\" target=\"_blank\" rel=\"noopener noreferrer nofollow\">Clique para acessar o Tese-2005_Ricardo_da_Gama_Rosa_Costa-S.pdf<\/a><\/p>\n<p>COUTINHO, Carlos Nelson. Cultura e sociedade no Brasil<br \/>\n<a href=\"https:\/\/mega.nz\/#F!vOpwmQiJ!nJFgpdsE-0mCF0yOOQYqCA!7D4znKYI\">https:\/\/mega.nz\/#F!vOpwmQiJ!nJFgpdsE-0mCF0yOOQYqCA!7D4znKYI<\/a><\/p>\n<p>COUTINHO, Carlos Nelson. O Estado brasileiro: g\u00eanese, crise, alternativas<br \/>\n<a href=\"http:\/\/www.epsjv.fiocruz.br\/upload\/d\/CAPITULO_5.pdf\">http:\/\/www.epsjv.fiocruz.br\/upload\/d\/CAPITULO_5.pdf<\/a><\/p>\n<p>COUTINHO, Carlos Nelson. Como pensar o Brasil<br \/>\n<a href=\"http:\/\/www.scielo.br\/pdf\/ln\/n54\/a05n54.pdf\">http:\/\/www.scielo.br\/pdf\/ln\/n54\/a05n54.pdf<\/a><\/p>\n<p>FAUSTO, Boris. A revolu\u00e7\u00e3o de 1930: historiografia e hist\u00f3ria<br \/>\n<a href=\"https:\/\/drive.google.com\/open?id=1cGZCIMKJ13sVCLIj_lx1Rs81T1uAqY1M\">https:\/\/drive.google.com\/open?id=1cGZCIMKJ13sVCLIj_lx1Rs81T1uAqY1M<\/a><\/p>\n<p>FERNANDES, Florestan. A revolu\u00e7\u00e3o burguesa no Brasil<br \/>\n<a href=\"https:\/\/drive.google.com\/open?id=1-MRuDMXyn1RpemYzDoluyCJMjp2QUwFJ\">https:\/\/drive.google.com\/open?id=1-MRuDMXyn1RpemYzDoluyCJMjp2QUwFJ<\/a><\/p>\n<p>GORENDER, Jacob.\u00a0<a href=\"https:\/\/mega.nz\/#F!vOpwmQiJ!nJFgpdsE-0mCF0yOOQYqCA!2HIARAYJ\">A Burguesia Brasileira<\/a><\/p>\n<p>MARINI, Ruy Mauro. Subdesarrollo y revoluci\u00f3n<br \/>\n<a href=\"https:\/\/mega.nz\/#F!vOpwmQiJ!nJFgpdsE-0mCF0yOOQYqCA!6WxG3KyC\">https:\/\/mega.nz\/#F!vOpwmQiJ!nJFgpdsE-0mCF0yOOQYqCA!6WxG3KyC<\/a><\/p>\n<p>MAZZEO, Antonio Carlos. Estado e burguesia no Brasil: origens da autocracia burguesa<br \/>\n<a href=\"https:\/\/drive.google.com\/open?id=1JrBlFLUA3AoI1V9AbLR28rH2ZSRgBD-6\">https:\/\/drive.google.com\/open?id=1JrBlFLUA3AoI1V9AbLR28rH2ZSRgBD-6<\/a><\/p>\n<p>OLIVEIRA, Francisco de. Cr\u00edtica \u00e0 raz\u00e3o dualista (+Ornitorrinco)<br \/>\n<a href=\"https:\/\/drive.google.com\/open?id=1k9pjTmnf7qNkfhK0mlpbbJZuNpCQG-Zy\">https:\/\/drive.google.com\/open?id=1k9pjTmnf7qNkfhK0mlpbbJZuNpCQG-Zy<\/a><\/p>\n<p>PANSARDI, Marcus Vin\u00edcius. Da revolu\u00e7\u00e3o burguesa \u00e0 moderniza\u00e7\u00e3o conservadora: a historiografia frente a revolu\u00e7\u00e3o de 1930<br \/>\n<a href=\"https:\/\/drive.google.com\/open?id=1D2DaeT0DqkpQyUq143c0nIs0xyCEcpNV\">https:\/\/drive.google.com\/open?id=1D2DaeT0DqkpQyUq143c0nIs0xyCEcpNV<\/a><\/p>\n<p>PRADO JR., Caio. A evolu\u00e7\u00e3o pol\u00edtica do Brasil<br \/>\n<a href=\"https:\/\/drive.google.com\/open?id=1650TLpFdSeGFbJuTJqlANfjCtwoN6qAf\">https:\/\/drive.google.com\/open?id=1650TLpFdSeGFbJuTJqlANfjCtwoN6qAf<\/a><\/p>\n<p>PRADO JR., Caio Prado. A Revolu\u00e7\u00e3o Brasileira e A quest\u00e3o agr\u00e1ria no Brasil<br \/>\n<a href=\"https:\/\/drive.google.com\/open?id=1sTpcNtZtRX_8hM-AhRR0QkPksfi-CoOs\">https:\/\/drive.google.com\/open?id=1sTpcNtZtRX_8hM-AhRR0QkPksfi-CoOs<\/a><\/p>\n<p>PRADO JR., Caio; FERNANDES, Florestan.\u00a0<a href=\"https:\/\/edisciplinas.usp.br\/pluginfile.php\/1592377\/mod_folder\/content\/0\/Caio%20Prado%20e%20Florestan%20Revolu%C3%A7%C3%A3o%20Brasileria.pdf?forcedownload=1\">Cl\u00e1ssicos sobre a revolu\u00e7\u00e3o brasileira<\/a><\/p>\n<p>REIS, Jo\u00e3o Carlos. \u201cAnos 1960: Caio Prado J\u00fanior e a \u2018Revolu\u00e7\u00e3o Brasileira\u2019\u201d<br \/>\n<a href=\"http:\/\/www.scielo.br\/scielo.php?pid=S0102-01881999000100012&amp;script=sci_abstract&amp;tlng=pt\">http:\/\/www.scielo.br\/scielo.php?pid=S0102-01881999000100012&amp;script=sci_abstract&amp;tlng=pt<\/a><\/p>\n<p>SAES, D\u00e9cio. A forma\u00e7\u00e3o do Estado burgu\u00eas no Brasil (1888-1891)<br \/>\n<a href=\"https:\/\/drive.google.com\/open?id=1xPVn_Ki1r1bgrZurbjB-OnpqU8zbVq1k\">https:\/\/drive.google.com\/open?id=1xPVn_Ki1r1bgrZurbjB-OnpqU8zbVq1k<\/a><\/p>\n<p>SAES, D\u00e9cio. A rep\u00fablica do capital<br \/>\n<a href=\"https:\/\/drive.google.com\/open?id=1Wk2E0kZJQNpHWdGXaSlqnATznJ1ntuBI\">https:\/\/drive.google.com\/open?id=1Wk2E0kZJQNpHWdGXaSlqnATznJ1ntuBI<\/a><\/p>\n<p>SENA JR., Carlos Zacarias F. de. Os impasses da estrat\u00e9gia: os comunistas, o antifascismo e a revolu\u00e7\u00e3o burguesa no Brasil, 1936-1948 (Os impasses da estrat\u00e9gia: os comunistas e os dilemas da Uni\u00e3o Nacional na revolu\u00e7\u00e3o (im)poss\u00edvel<br \/>\n<a href=\"https:\/\/repositorio.ufpe.br\/bitstream\/123456789\/7587\/1\/arquivo7879_1.pdf\">https:\/\/repositorio.ufpe.br\/bitstream\/123456789\/7587\/1\/arquivo7879_1.pdf<\/a><\/p>\n<p>SILVA, S\u00e9rgio. Expans\u00e3o cafeeira e origens da ind\u00fastria no Brasil<br \/>\n<a href=\"https:\/\/drive.google.com\/open?id=1GW_S0cqL8PGR9jaKg6MSLkxU9LvyExRz\">https:\/\/drive.google.com\/open?id=1GW_S0cqL8PGR9jaKg6MSLkxU9LvyExRz<\/a><\/p>\n<p>SODR\u00c9, Nelson Werneck.\u00a0<a href=\"https:\/\/drive.google.com\/open?id=1kLlcd5_jpinNDCwEdXIriJQqDf0Q-onE\">Introdu\u00e7\u00e3o \u00e0 revolu\u00e7\u00e3o brasileira\u00a0<\/a>\u2013<\/p>\n<p>SODR\u00c9, Nelson Werneck.\u00a0<a href=\"https:\/\/drive.google.com\/open?id=1KaR72a41jXDcMUNQgBFCBRiq10l_Jjz4\">Capitalismo e revolu\u00e7\u00e3o burguesa no Brasil<\/a><\/p>\n<p>SODR\u00c9, Nelson Werneck. Forma\u00e7\u00e3o hist\u00f3rica do Brasil<br \/>\n<a href=\"https:\/\/drive.google.com\/open?id=1A0v5gjqqzuTe_u7yf0RUeEfbJYRfBc0\">https:\/\/drive.google.com\/open?id=1A0v5gjqqzuTe_u7yf0RUeEfbJYRfBc0<\/a>_<\/p>\n<p>ST\u00c9DILE, Jo\u00e3o Pedro (org.). A quest\u00e3o agr\u00e1ria no Brasil \u2013 O debate na esquerda (1960-1980)<br \/>\n<a href=\"http:\/\/www.reformaagrariaemdados.org.br\/sites\/default\/files\/questao%202.pdf\">http:\/\/www.reformaagrariaemdados.org.br\/sites\/default\/files\/questao%202.pdf<\/a><\/p>\n<p>ST\u00c9DILE, Jo\u00e3o Pedro (org.). A quest\u00e3o agr\u00e1ria no Brasil \u2013 O debate tradicional (1500 \u2013 1960)<br \/>\n<a href=\"http:\/\/www.reformaagrariaemdados.org.br\/sites\/default\/files\/A%20questao%20agraria%20no%20Brasil%20Vol%201.pdf\">http:\/\/www.reformaagrariaemdados.org.br\/sites\/default\/files\/A%20questao%20agraria%20no%20Brasil%20Vol%201.pdf<\/a><\/p>\n<p>VIANNA, Luiz Werneck. A revolu\u00e7\u00e3o passiva: iberismo e americanismo no Brasil<br \/>\n<a href=\"https:\/\/drive.google.com\/open?id=1TNsNvuZErYsz4ywUvE_bO5Plfl0prxZq\">https:\/\/drive.google.com\/open?id=1TNsNvuZErYsz4ywUvE_bO5Plfl0prxZq<\/a><\/p>\n<p>3. ESTADO, REGIMES E PROCESSO POL\u00cdTICO NO BRASIL<\/p>\n<p>DOSSI\u00ca MARXISMO21 Crise pol\u00edtica no Brasil: 2016<\/p>\n<p><iframe loading=\"lazy\" class=\"wp-embedded-content\" title=\"\u201ccrise pol\u00edtica no Brasil: 2016\u201d \u2014 marxismo21\" src=\"https:\/\/marxismo21.org\/crise-politica-no-brasil\/embed\/#?secret=i1kXMS805F\" width=\"600\" height=\"563\" frameborder=\"0\" marginwidth=\"0\" marginheight=\"0\" scrolling=\"no\" sandbox=\"allow-scripts\" data-secret=\"i1kXMS805F\" data-mce-fragment=\"1\"><\/iframe><\/p>\n<p>Dossi\u00ea marxismo21: Jornadas de Junho<\/p>\n<p><iframe loading=\"lazy\" class=\"wp-embedded-content\" title=\"\u201cjornadas de junho\u201d \u2014 marxismo21\" src=\"https:\/\/marxismo21.org\/junho-2013-2\/embed\/#?secret=bjoKUs6Alg\" width=\"600\" height=\"284\" frameborder=\"0\" marginwidth=\"0\" marginheight=\"0\" scrolling=\"no\" sandbox=\"allow-scripts\" data-secret=\"bjoKUs6Alg\" data-mce-fragment=\"1\"><\/iframe><\/p>\n<p>Dossi\u00ea marxismo21: 50 anos do golpe de 1964<\/p>\n<p><iframe loading=\"lazy\" class=\"wp-embedded-content\" title=\"\u201c50 anos do golpe de 1964\u201d \u2014 marxismo21\" src=\"https:\/\/marxismo21.org\/50-anos-do-golpe-de-1964\/embed\/#?secret=eGPFIOufNx\" width=\"600\" height=\"305\" frameborder=\"0\" marginwidth=\"0\" marginheight=\"0\" scrolling=\"no\" sandbox=\"allow-scripts\" data-secret=\"eGPFIOufNx\" data-mce-fragment=\"1\"><\/iframe><\/p>\n<p>ABONIZIO, Gustavo Pereira. Burguesia interna e Estado burgu\u00eas no Brasil: a atua\u00e7\u00e3o da CNI na formula\u00e7\u00e3o de pol\u00edticas p\u00fablicas \u00e0 dinamiza\u00e7\u00e3o do mercado de trabalho (2006-2010)<br \/>\n<a href=\"http:\/\/www.bibliotecadigital.uel.br\/document\/?code=vtls000201819\">http:\/\/www.bibliotecadigital.uel.br\/document\/?code=vtls000201819<\/a><\/p>\n<p>ALMEIDA, Jorge. Contribui\u00e7\u00e3o para entender a crise atual no Brasil<br \/>\n<a href=\"https:\/\/www.ifch.unicamp.br\/criticamarxista\/arquivos_biblioteca\/dossie2017_03_03_11_02_37.pd\">https:\/\/www.ifch.unicamp.br\/criticamarxista\/arquivos_biblioteca\/dossie2017_03_03_11_02_37.pd<\/a>f<\/p>\n<p><a href=\"https:\/\/blogdaboitempo.com.br\/2016\/06\/08\/o-golpe-de-2016-no-contexto-da-crise-do-capitalismo-neoliberal\">https:\/\/blogdaboitempo.com.br\/2016\/06\/08\/o-golpe-de-2016-no-contexto-da-crise-do-capitalismo-neoliberal<\/a>\/<\/p>\n<p>ALMEIDA, L\u00facio Fl\u00e1vio Rodrigues. Neonacionaldesenvolvimentismo e rela\u00e7\u00f5es de classes nos governos Lula<br \/>\n<a href=\"https:\/\/revistas.pucsp.br\/index.php\/ls\/article\/view\/26684\/pdf\">https:\/\/revistas.pucsp.br\/index.php\/ls\/article\/view\/26684\/pdf<\/a><\/p>\n<p>ALVES, M\u00e1rio. A burguesia nacional e a crise brasileira<br \/>\n<a href=\"https:\/\/www.marxists.org\/portugues\/alves\/1962\/12\/burguesia.htm\">https:\/\/www.marxists.org\/portugues\/alves\/1962\/12\/burguesia.htm<\/a><\/p>\n<p>ARCARY, Val\u00e9rio. Junho de 2013 a 2015: as \u201cplacas tect\u00f4nicas\u201d come\u00e7am a se mover?<br \/>\n<a href=\"https:\/\/www.ifch.unicamp.br\/criticamarxista\/arquivos_biblioteca\/dossie2017_03_03_10_56_26.pdf\">https:\/\/www.ifch.unicamp.br\/criticamarxista\/arquivos_biblioteca\/dossie2017_03_03_10_56_26.pdf<\/a><\/p>\n<p>BANDEIRA, Luiz Moniz. O governo Goulart: as lutas sociais no Brasil (1961-1964)<br \/>\n<a href=\"https:\/\/drive.google.com\/open?id=1GMjTRVaiteUYRz00rpm-4JMj_nZLaKCZ\">https:\/\/drive.google.com\/open?id=1GMjTRVaiteUYRz00rpm-4JMj_nZLaKCZ<\/a><\/p>\n<p>BARBOSA, Cloves Barbosa. Estado burgu\u00eas, pol\u00edticas or\u00e7ament\u00e1rias participativas e participa\u00e7\u00e3o popular: reprodu\u00e7\u00e3o e mudan\u00e7a na ordem social<br \/>\n<a href=\"https:\/\/tede2.pucsp.br\/handle\/handle\/3721\">https:\/\/tede2.pucsp.br\/handle\/handle\/3721<\/a><\/p>\n<p>BASTOS, Pedro Paulo Zahluth. Ascens\u00e3o e crise do governo Dilma Rousseff e o golpe de 2016: poder estrutural, contradi\u00e7\u00e3o e ideologia<br \/>\n<a href=\"http:\/\/www.scielo.br\/scielo.php?pid=S1415-98482017000200209&amp;script=sci_abstract&amp;tlng=pt\">http:\/\/www.scielo.br\/scielo.php?pid=S1415-98482017000200209&amp;script=sci_abstract&amp;tlng=pt<\/a><\/p>\n<p>BERRINGER, Tatiana. O bloco no poder e a pol\u00edtica externa nos governos FHC e Lula<br \/>\n<a href=\"https:\/\/marxismo21.org\/wp-content\/uploads\/2012\/08\/Tese-Tatiana-Berringer-2014.pdf\">https:\/\/marxismo21.org\/wp-content\/uploads\/2012\/08\/Tese-Tatiana-Berringer-2014.pdf<\/a><\/p>\n<p>BICHIR, Maira Machado. A quest\u00e3o do Estado na teoria marxista da depend\u00eancia<br \/>\n<a href=\"http:\/\/www.repositorio.unicamp.br\/bitstream\/REPOSIP\/330510\/1\/Bichir_MairaMachado_D.pdf\">http:\/\/www.repositorio.unicamp.br\/bitstream\/REPOSIP\/330510\/1\/Bichir_MairaMachado_D.pdf<\/a><\/p>\n<p>BOITO JR., Armando. Estado e burguesia no capitalismo neoliberal<br \/>\n<a href=\"http:\/\/www.scielo.br\/pdf\/rsocp\/n28\/a05n28.pdf\">http:\/\/www.scielo.br\/pdf\/rsocp\/n28\/a05n28.pdf<\/a><\/p>\n<p>BOITO JR., Armando. A crise pol\u00edtica do neodesenvolvimentismo e a instabilidade da democracia<br \/>\n<a href=\"https:\/\/www.ifch.unicamp.br\/criticamarxista\/arquivos_biblioteca\/dossie2017_03_03_10_57_34.pdf\">https:\/\/www.ifch.unicamp.br\/criticamarxista\/arquivos_biblioteca\/dossie2017_03_03_10_57_34.pdf<\/a><\/p>\n<p>BOITO JR., Armando. Uma crise no caminho do neodesenvolvimentismo<br \/>\n<a href=\"http:\/\/dev.historiaelutadeclasses.com.br\/upload\/arquivo\/2018\/03\/21e11c1b2df815cde3db4f747f81d780c34efe7b\">http:\/\/dev.historiaelutadeclasses.com.br\/upload\/arquivo\/2018\/03\/21e11c1b2df815cde3db4f747f81d780c34efe7b<\/a><\/p>\n<p>BOITO JR., Armando. O golpe de 1954: a burguesia contra o populismo<br \/>\n<a href=\"https:\/\/drive.google.com\/open?id=10rBKXqlTptwGq0jNf4G9HqV2Q1JQdxFY\">https:\/\/drive.google.com\/open?id=10rBKXqlTptwGq0jNf4G9HqV2Q1JQdxFY<\/a><\/p>\n<p>BOITO JR., Armando; SAAD-FILHO, Alfredo. Estado, institui\u00e7\u00f5es estatais e poder pol\u00edtico no Brasil<br \/>\n<a href=\"https:\/\/www.clacso.org.ar\/libreria-latinoamericana\/contador\/sumar_pdf.php?id_libro=1275\">https:\/\/www.clacso.org.ar\/libreria-latinoamericana\/contador\/sumar_pdf.php?id_libro=1275<\/a><\/p>\n<p>BRAGA, S\u00e9rgio; MONTROSE, Edilson. Do questionamento da pol\u00edtica econ\u00f4mica do governo Dilma \u00e0 campanha pelo Impeachment J\u00e1?: a a\u00e7\u00e3o pol\u00edtica das fra\u00e7\u00f5es empresariais brasileiras nas m\u00eddias sociais na conjuntura recente<br \/>\n<a href=\"https:\/\/www.faac.unesp.br\/Home\/Utilidades\/ebook_comunicacao-e-cidadania-politica.pdf\">https:\/\/www.faac.unesp.br\/Home\/Utilidades\/ebook_comunicacao-e-cidadania-politica.pdf<\/a><\/p>\n<p>BUGIATTO, Caio. A politica de financiamento do BNDES e a burguesia brasileira<br \/>\n<a href=\"http:\/\/www.repositorio.unicamp.br\/bitstream\/REPOSIP\/305078\/1\/Bugiato_Caio_D.pdf\">http:\/\/www.repositorio.unicamp.br\/bitstream\/REPOSIP\/305078\/1\/Bugiato_Caio_D.pdf<\/a><\/p>\n<p>CARDOSO, Fernando Henrique. Hegemonia burguesa e interdepend\u00eancia econ\u00f4mica: ra\u00edzes estruturais da crise pol\u00edtica brasileira<br \/>\n<a href=\"https:\/\/drive.google.com\/open?id=1moXRCXbLHuViMIaG4pnwSFfxJ06pXvB\">https:\/\/drive.google.com\/open?id=1moXRCXbLHuViMIaG4pnwSFfxJ06pXvB<\/a><\/p>\n<p>CALIL, Gilberto Grassi. Embates em torno das jornadas de junho<br \/>\n<a href=\"https:\/\/revistas.pucsp.br\/index.php\/revph\/article\/viewFile\/17155\/14571\">https:\/\/revistas.pucsp.br\/index.php\/revph\/article\/viewFile\/17155\/14571<\/a><\/p>\n<p>CALIL, Gilberto Grassi. O golpe, a ditadura e a transi\u00e7\u00e3o segundo Elio Gaspari<br \/>\n<a href=\"https:\/\/www.ifch.unicamp.br\/criticamarxista\/arquivos_biblioteca\/comentario2017_10_01_17_57_45.pdf\">https:\/\/www.ifch.unicamp.br\/criticamarxista\/arquivos_biblioteca\/comentario2017_10_01_17_57_45.pdf<\/a><\/p>\n<p>CALIL, Gilberto Grassi. O revisionismo sobre a ditadura brasileira: a obra de Elio Gaspari.<br \/>\n<a href=\"http:\/\/revistes.ub.edu\/index.php\/segleXX\/article\/download\/11240\/13962\">http:\/\/revistes.ub.edu\/index.php\/segleXX\/article\/download\/11240\/13962<\/a><\/p>\n<p>CASTRO, Fl\u00e1vio Ant\u00f4nio de. A farsa, os farsantes e os predadores : a estrutura jur\u00eddico-pol\u00edtica do Estado burgu\u00eas e a politica de transporte coletivo urbano em Campinas: 1878-1999<br \/>\n<a href=\"http:\/\/repositorio.unicamp.br\/jspui\/handle\/REPOSIP\/28183\">http:\/\/repositorio.unicamp.br\/jspui\/handle\/REPOSIP\/28183<\/a>5<\/p>\n<p>CHASIN, Jos\u00e9. A mis\u00e9ria brasileira 1964-1994: do golpe militar \u00e0 crise social<br \/>\n<a href=\"https:\/\/drive.google.com\/open?id=11a28fuhiq4g9dNcYl_RJwP6HfVRWek9O\">https:\/\/drive.google.com\/open?id=11a28fuhiq4g9dNcYl_RJwP6HfVRWek9O<\/a><\/p>\n<p>CHAVES, Alessandro Rodrigues. A face neodesenvolvimentista do Estado brasileiro: o falseamento da \u201cquest\u00e3o social\u201d<br \/>\n<a href=\"https:\/\/hdl.handle.net\/11449\/13833\">http:\/\/hdl.handle.net\/11449\/13833<\/a><\/p>\n<p>CODATO, Adriano. A burguesia contra o Estado? Crise pol\u00edtica, a\u00e7\u00e3o de classe e os rumos da transi\u00e7\u00e3o<br \/>\n<a href=\"https:\/\/revistas.ufpr.br\/rsp\/article\/viewFile\/39361\/24178\">https:\/\/revistas.ufpr.br\/rsp\/article\/viewFile\/39361\/24178<\/a><\/p>\n<p>CODATO, Adriano. Estrutura pol\u00edtica e interesse de classe: uma an\u00e1lise do sistema estatal no Brasilp\u00f3s-1964 \u2014 o caso do Conselho de Desenvolvimento Econ\u00f4mico<br \/>\n<a href=\"https:\/\/drive.google.com\/open?id=1Z2c1hyshM1eYm3XxxmzXQ0tOzznigahS\">https:\/\/drive.google.com\/open?id=1Z2c1hyshM1eYm3XxxmzXQ0tOzznigahS<\/a><\/p>\n<p>COSTA, Jos\u00e9 Rubens Pereira da. Estado, Democracia e Socialismo no Pensamento Comunista Brasileiro: o caso dos partidos comunistas: PCB e PC do B<br \/>\n<a href=\"https:\/\/repositorio.ufpe.br\/handle\/123456789\/1565\">https:\/\/repositorio.ufpe.br\/handle\/123456789\/1565<\/a><\/p>\n<p>COUTINHO, Carlos Nelson. O Estado brasileiro: g\u00eanese, crise, alternativas<br \/>\n<a href=\"http:\/\/www.epsjv.fiocruz.br\/upload\/d\/CAPITULO_5.pdf\">http:\/\/www.epsjv.fiocruz.br\/upload\/d\/CAPITULO_5.pdf<\/a><\/p>\n<p>DEMIER, Felipe. O longo bonapartismo brasileiro \u2013 1930-1964<br \/>\n<a href=\"http:\/\/www.historia.uff.br\/stricto\/td\/1389.pdf\">http:\/\/www.historia.uff.br\/stricto\/td\/1389.pdf<\/a><\/p>\n<p>DEMIER, Felipe. Populismo e historiografia na atualidade: lutas oper\u00e1rias, cidadania e nostalgia do varguismo<br \/>\nhttps:\/\/periodicos.ufsc.br\/index.php\/mundosdotrabalho\/article\/view\/1984-9222.2012v4n8p204\/24541<\/p>\n<p>DREIFUSS, Ren\u00e9 Armand Dreifuss. 1964: A conquista do Estado \u2013 a\u00e7\u00e3o pol\u00edtica, poder e golpe de classe<br \/>\n<a href=\"https:\/\/drive.google.com\/open?id=1FT97PKjjMDYh4EDUVZFHZhRl32dEWLba\">https:\/\/drive.google.com\/open?id=1FT97PKjjMDYh4EDUVZFHZhRl32dEWLba<\/a><\/p>\n<p>DURIGUETTO, Maria L\u00facia; DEMIER, Felipe. Democracia blindada, contrarreformas e luta de classes no Brasil contempor\u00e2neo<br \/>\n<a href=\"http:\/\/periodicos.ufes.br\/argumentum\/article\/view\/17066\/11887\">http:\/\/periodicos.ufes.br\/argumentum\/article\/view\/17066\/11887<\/a><\/p>\n<p>FARIAS, Francisco Pereira. Clientelismo e democracia capitalista: elementos para uma abordagem alternativa<br \/>\n<a href=\"http:\/\/www.scielo.br\/scielo.php?pid=S0104-44782000000200004&amp;script=sci_abstract&amp;tlng=pt\">http:\/\/www.scielo.br\/scielo.php?pid=S0104-44782000000200004&amp;script=sci_abstract&amp;tlng=pt<\/a><\/p>\n<p>FARIAS, Francisco Pereira. Estado e classes dominantes no Brasil (1930-1964)<br \/>\n<a href=\"http:\/\/repositorio.unicamp.br\/bitstream\/REPOSIP\/280195\/1\/Farias_FranciscoPereirade_D.pdf\">http:\/\/repositorio.unicamp.br\/bitstream\/REPOSIP\/280195\/1\/Farias_FranciscoPereirade_D.pdf<\/a><\/p>\n<p>FARIAS, Francisco Pereira de; PEREIRA, Ferdinand Cavalcante. Perspectivas da crise pol\u00edtica no Estado democr\u00e1tico do Brasil<br \/>\n<a href=\"http:\/\/diplomatique.org.br\/perspectivas-da-crise-politica-no-estado-democratico-do-brasil\/\">http:\/\/diplomatique.org.br\/perspectivas-da-crise-politica-no-estado-democratico-do-brasil\/<\/a><\/p>\n<p>FERNANDES, Florestan. Notas sobre o fascismo na Am\u00e9rica Latina<br \/>\n<a href=\"https:\/\/drive.google.com\/open?id=1G8KnlIGg2V4_eJJc4b0ahEQP14EXXYVm\">https:\/\/drive.google.com\/open?id=1G8KnlIGg2V4_eJJc4b0ahEQP14EXXYVm<\/a><\/p>\n<p>FERREIRA, Mariana Ribeiro Jansen. O Estado brasileiro: transforma\u00e7\u00f5es sob a \u00e9gide da financeiriza\u00e7\u00e3o<br \/>\n<a href=\"https:\/\/tede2.pucsp.br\/handle\/handle\/9320\">https:\/\/tede2.pucsp.br\/handle\/handle\/9320<\/a><\/p>\n<p>FONTES, Virg\u00ednia. Capitalismo, crises e conjuntura<br \/>\n<a href=\"http:\/\/www.scielo.br\/pdf\/sssoc\/n130\/0101-6628-sssoc-130-0409.pdf\">http:\/\/www.scielo.br\/pdf\/sssoc\/n130\/0101-6628-sssoc-130-0409.pdf<\/a><\/p>\n<p>GOMES, Rui Pereira. Os limites impostos ao or\u00e7amento participativo (OP) pelo Estado burgu\u00eas na forma\u00e7\u00e3o social capitalista brasileira<br \/>\n<a href=\"https:\/\/tede2.pucsp.br\/handle\/handle\/21065\">https:\/\/tede2.pucsp.br\/handle\/handle\/21065<\/a><\/p>\n<p>GORENDER, Jacob. Coer\u00e7\u00e3o e consenso na pol\u00edtica<br \/>\n<a href=\"http:\/\/www.scielo.br\/pdf\/ea\/v2n3\/v2n3a04\">http:\/\/www.scielo.br\/pdf\/ea\/v2n3\/v2n3a04<\/a><\/p>\n<p>GUIMAR\u00c3ES, Antonio S\u00e9rgio Alfredo. A forma\u00e7\u00e3o e a crise da hegemonia burguesa na Bahia (1930-1964)<br \/>\n<a href=\"https:\/\/drive.google.com\/open?id=1SlsgB7UInzJVxWT4sZQngGuOvCx2h_RZ\">https:\/\/drive.google.com\/open?id=1SlsgB7UInzJVxWT4sZQngGuOvCx2h_RZ<\/a><\/p>\n<p>HOEVELER, Rejane Carolina. Cronologia da campanha golpista e contrarreformista no Brasil (Mar\u00e7o\/2015-agosto\/2016)<br \/>\n<a href=\"https:\/\/www.academia.edu\/35326460\/Cronologia_da_campanha_golpista_e_contrarreformista_no_Brasil_Mar%C3%A7o_2015-agosto_2016_Cap%C3%ADtulo_de_livro_2017\">https:\/\/www.academia.edu\/35326460\/Cronologia_da_campanha_golpista_e_contrarreformista_no_Brasil_Mar%C3%A7o_2015-agosto_2016_Cap%C3%ADtulo_de_livro_2017<\/a>_<\/p>\n<p>IANNI, Octavio. A forma\u00e7\u00e3o do Estado populista na Am\u00e9rica Latina<br \/>\n<a href=\"https:\/\/drive.google.com\/open?id=1jEZEb-UbMgnT3NIax2XHuV3FTwiyt19G\">https:\/\/drive.google.com\/open?id=1jEZEb-UbMgnT3NIax2XHuV3FTwiyt19G<\/a><\/p>\n<p>JOHNSON, Guillermo. A quimera democr\u00e1tica na Am\u00e9rica Latina: o Brasil sob o Imp\u00e9rio<br \/>\n<a href=\"https:\/\/marxismo21.org\/wp-content\/uploads\/2012\/08\/A-quimera-democratica.pdf\">https:\/\/marxismo21.org\/wp-content\/uploads\/2012\/08\/A-quimera-democratica.pdf<\/a><\/p>\n<p>KONRAD, Glaucia Vieira Ramos. O Estado no Estado novo brasileiro: autonomia e heteronomia da classe trabalhadora (1937-1945)<br \/>\n<a href=\"http:\/\/www.eeh2016.anpuh-rs.org.br\/resources\/anais\/46\/1473692466_ARQUIVO_AnpuhRS-GlauciaVieiraRamosKonrad.pdf\">http:\/\/www.eeh2016.anpuh-rs.org.br\/resources\/anais\/46\/1473692466_ARQUIVO_AnpuhRS-GlauciaVieiraRamosKonrad.pdf<\/a><\/p>\n<p>LENARD\u00c3O, Elsio. Cr\u00edtica \u00e0 ideia do \u201ccar\u00e1ter patrimonialista\u201d do Estado Brasileiro: redu\u00e7\u00e3o do poder olig\u00e1rquico regional<br \/>\n<a href=\"http:\/\/pdf.blucher.com.br.s3-sa-east-1.amazonaws.com\/socialsciencesproceedings\/xi-sepech\/gt12_288.pdf\">http:\/\/pdf.blucher.com.br.s3-sa-east-1.amazonaws.com\/socialsciencesproceedings\/xi-sepech\/gt12_288.pdf<\/a><\/p>\n<p>MACIEL, David. O governo Collor e o neoliberalismo no Brasil (1990-1992)<br \/>\n<a href=\"https:\/\/www.proec.ufg.br\/up\/694\/o\/11_artigos_o_governo.pdf\">https:\/\/www.proec.ufg.br\/up\/694\/o\/11_artigos_o_governo.pdf<\/a><\/p>\n<p>MACIEL, David. De Sarney a Collor: reformas pol\u00edticas, democratiza\u00e7\u00e3o e crise (1985-1990)<br \/>\n<a href=\"https:\/\/pos.historia.ufg.br\/up\/113\/o\/MACIEL__David.pdf\">https:\/\/pos.historia.ufg.br\/up\/113\/o\/MACIEL__David.pdf<\/a><\/p>\n<p>MACIEL, David. Democratiza\u00e7\u00e3o e manuten\u00e7\u00e3o da ordem na transi\u00e7\u00e3o da Ditadura Militar \u00e0 Nova Rep\u00fablica<br \/>\n<a href=\"https:\/\/pos.historia.ufg.br\/up\/113\/o\/MACIEL__David._1999.pdf\">https:\/\/pos.historia.ufg.br\/up\/113\/o\/MACIEL__David._1999.pdf<\/a><\/p>\n<p>MARI, C\u00e9sar Lu\u00eds de. As rela\u00e7\u00f5es entre Estado e sociedade civil na realidade brasileira, dos anos 70 aos 90: uma an\u00e1lise gramsciana<br \/>\n<a href=\"http:\/\/repositorio.ufsc.br\/xmlui\/handle\/123456789\/77515\">http:\/\/repositorio.ufsc.br\/xmlui\/handle\/123456789\/77515<\/a><\/p>\n<p>MARINI, Ruy Mauro. Acerca del Estado en Am\u00e9rica Latina<br \/>\n<a href=\"http:\/\/www.archivochile.com\/Ideas_Autores\/maurinirm\/03al\/maurini_al00003.pdf\">http:\/\/www.archivochile.com\/Ideas_Autores\/maurinirm\/03al\/maurini_al00003.pdf<\/a><\/p>\n<p>MARINI, Ruy Mauro. Brasil: da ditadura \u00e0 democracia<br \/>\n<a href=\"https:\/\/www.marxists.org\/portugues\/marini\/1991\/03\/brasil.htm\">https:\/\/www.marxists.org\/portugues\/marini\/1991\/03\/brasil.htm<\/a><\/p>\n<p>MARTINS FILHO, Jo\u00e3o Roberto. O pal\u00e1cio e a caserna: a din\u00e2mica militar das crises politicas na ditadura (1964-1969)<br \/>\n<a href=\"http:\/\/repositorio.unicamp.br\/jspui\/handle\/REPOSIP\/280258\">http:\/\/repositorio.unicamp.br\/jspui\/handle\/REPOSIP\/280258<\/a><\/p>\n<p>MARTUSCELLI, Danilo Enrico. A ideologia do presidencialismo de coaliz\u00e3o<br \/>\n<a href=\"https:\/\/revistas.pucsp.br\/index.php\/ls\/article\/view\/18835\">https:\/\/revistas.pucsp.br\/index.php\/ls\/article\/view\/18835<\/a><\/p>\n<p>MARTUSCELLI, Danilo Enrico. Crises pol\u00edticas e capitalismo neoliberal no Brasil<br \/>\n<a href=\"https:\/\/www.academia.edu\/31038912\/Crises_pol%C3%ADticas_e_capitalismo_neoliberal_no_Brasil\">https:\/\/www.academia.edu\/31038912\/Crises_pol%C3%ADticas_e_capitalismo_neoliberal_no_Brasil<\/a><\/p>\n<p>MARTUSCELLI, Danilo Enrico. Balan\u00e7o dos governos petistas e an\u00e1lise dos realinhamentos de classe na crise do governo Dilma<br \/>\n<a href=\"https:\/\/drive.google.com\/open?id=1pOEoI5MvWgR8nE60rx5QXQWdVBu09PRl\">https:\/\/drive.google.com\/open?id=1pOEoI5MvWgR8nE60rx5QXQWdVBu09PRl<\/a><\/p>\n<p>MASCARO, Alysson Leandro. Direito, crise e impeachment no Brasil<br \/>\n<a href=\"http:\/\/publicaciones.sociales.uba.ar\/index.php\/observatoriolatinoamericano\/article\/view\/1716\">http:\/\/publicaciones.sociales.uba.ar\/index.php\/observatoriolatinoamericano\/article\/view\/1716<\/a><\/p>\n<p>MAZZEO, Antonio Carlos. Estado e burguesia no Brasil: origens da autocracia burguesa<br \/>\n<a href=\"https:\/\/drive.google.com\/open?id=1JrBlFLUA3AoI1V9AbLR28rH2ZSRgBD-6\">https:\/\/drive.google.com\/open?id=1JrBlFLUA3AoI1V9AbLR28rH2ZSRgBD-6<\/a><\/p>\n<p>MELO, Demian. O golpe de 1964 e meio s\u00e9culo de controv\u00e9rsias: o estado atual da quest\u00e3o<br \/>\n<a href=\"https:\/\/www.academia.edu\/16045987\/O_golpe_de_1964_e_meio_s%C3%A9culo_de_controv%C3%A9rsias_o_estado_atual_da_quest%C3%A3o_Cap%C3%ADtulo_de_A_mis%C3%A9ria_da_historiografia\">https:\/\/www.academia.edu\/16045987\/O_golpe_de_1964_e_meio_s%C3%A9culo_de_controv%C3%A9rsias_o_estado_atual_da_quest%C3%A3o_Cap%C3%ADtulo_de_A_mis%C3%A9ria_da_historiografia<\/a><\/p>\n<p>MOIS\u00c9S, Jos\u00e9 \u00c1lvaro. Greve de massa e crise pol\u00edtica (Estudo da greve dos 300 mil em S\u00e3o Paulo \u2013 1953\/54)<br \/>\n<a href=\"https:\/\/drive.google.com\/open?id=1CoH40QeS6T-xM3hcitNcUea-3fvCI3I2\">https:\/\/drive.google.com\/open?id=1CoH40QeS6T-xM3hcitNcUea-3fvCI3I2<\/a><\/p>\n<p>MORAES, L\u00e9cio; SAAD-FILHO, Alfredo. Da economia pol\u00edtica \u00e0 pol\u00edtica econ\u00f4mica: o novo-desenvolvimentismo e o governo Lula<br \/>\n<a href=\"http:\/\/www.scielo.br\/pdf\/rep\/v31n4\/01.pdf\">http:\/\/www.scielo.br\/pdf\/rep\/v31n4\/01.pdf<\/a><\/p>\n<p>MOREIRA, Jo\u00e3o Paulo Oliveira.\u00a0<a href=\"http:\/\/e-revista.unioeste.br\/index.php\/alamedas\/article\/view\/17010\">Crise de hegemonia no Brasil dos anos 1980: o Plano Cruzado e as tens\u00f5es intraclasses dominantes<\/a><\/p>\n<p>NERI, Vanderlei Elyas. A campanha Diretas J\u00e1 e a transi\u00e7\u00e3o brasileira da ditadura militar para a democracia burguesa<br \/>\n<a href=\"https:\/\/tede2.pucsp.br\/handle\/handle\/3421\">https:\/\/tede2.pucsp.br\/handle\/handle\/3421<\/a><\/p>\n<p>NOGUEIRA, Arnaldo Jos\u00e9 Fran\u00e7a Mazzei. Trabalho e sindicalismo no Estado brasileiro: experi\u00eancias e desafios<br \/>\n<a href=\"http:\/\/repositorio.unicamp.br\/jspui\/handle\/REPOSIP\/280040\">http:\/\/repositorio.unicamp.br\/jspui\/handle\/REPOSIP\/280040<\/a><\/p>\n<p>PELISSARI, Lucas Barbosa. As pol\u00edticas p\u00fablicas de educa\u00e7\u00e3o profissional no Brasil entre 2003 e 2014: disputas e contradi\u00e7\u00f5es sob o neodesenvolvimentismo<br \/>\n<a href=\"http:\/\/www.bdtd.uerj.br\/tde_busca\/arquivo.php?codArquivo=12531\">http:\/\/www.bdtd.uerj.br\/tde_busca\/arquivo.php?codArquivo=12531<\/a><\/p>\n<p>PERISSINOTTO, Renato. Classes dominantes e hegemonia na Rep\u00fablica Velha<br \/>\n<a href=\"https:\/\/www.academia.edu\/13431510\/CLASSES_DOMINANTES_E_HEGEMONIA_NA_REP%C3%9ABLICA_VELHA\">https:\/\/www.academia.edu\/13431510\/CLASSES_DOMINANTES_E_HEGEMONIA_NA_REP%C3%9ABLICA_VELHA<\/a><\/p>\n<p>PERISSINOTTO, Renato. Estado e capital cafeeiro em S\u00e3o Paulo (1889-1930)<br \/>\n<a href=\"https:\/\/www.academia.edu\/13431729\/E_s_ta_d_o_e_C_a_p_i_t_a_l_C_a_f_e_e_ir_o_em_S%C3%A3o_P_a_u_lo_1889-1930\">https:\/\/www.academia.edu\/13431729\/E_s_ta_d_o_e_C_a_p_i_t_a_l_C_a_f_e_e_ir_o_em_S%C3%A3o_P_a_u_lo_1889-1930<\/a><\/p>\n<p>PINTO, Eduardo et al. A Guerra de Todos contra Todos: A Crise Brasileira<br \/>\n<a href=\"http:\/\/www.ie.ufrj.br\/images\/pesquisa\/publicacoes\/discussao\/2017\/tdie0062017pinto-et-al.pdf\">http:\/\/www.ie.ufrj.br\/images\/pesquisa\/publicacoes\/discussao\/2017\/tdie0062017pinto-et-al.pdf<\/a><\/p>\n<p>POMAR, Valter. Brasil: vari\u00e1veis estrat\u00e9gicas<br \/>\n<a href=\"https:\/\/www.ifch.unicamp.br\/criticamarxista\/arquivos_biblioteca\/dossie2017_03_03_10_59_27.pdf\">https:\/\/www.ifch.unicamp.br\/criticamarxista\/arquivos_biblioteca\/dossie2017_03_03_10_59_27.pdf<\/a><\/p>\n<p>PORTELA J\u00daNIOR, Aristeu. A problem\u00e1tica da democracia brasileira no pensamento de Florestan Fernandes<br \/>\n<a href=\"https:\/\/repositorio.ufpe.br\/handle\/123456789\/11743\">https:\/\/repositorio.ufpe.br\/handle\/123456789\/11743<\/a><\/p>\n<p>RAMOS, Carlos Alexandre. A democracia no pensamento pol\u00edtico dos comunistas brasileiros (1979-1983)<br \/>\n<a href=\"https:\/\/repositorio.ufscar.br\/handle\/ufscar\/962\">https:\/\/repositorio.ufscar.br\/handle\/ufscar\/962<\/a><\/p>\n<p>SAAD Filho, Alfredo. Avan\u00e7os, limites e possibilidades dos governos petistas<br \/>\n<a href=\"https:\/\/www.ifch.unicamp.br\/criticamarxista\/arquivos_biblioteca\/dossie2017_03_03_11_01_41.pdf\">https:\/\/www.ifch.unicamp.br\/criticamarxista\/arquivos_biblioteca\/dossie2017_03_03_11_01_41.pdf<\/a><\/p>\n<p>SAES, D\u00e9cio. A forma\u00e7\u00e3o do Estado burgu\u00eas no Brasil (1888-1891)<br \/>\n<a href=\"https:\/\/drive.google.com\/open?id=1xPVn_Ki1r1bgrZurbjB-OnpqU8zbVq1k\">https:\/\/drive.google.com\/open?id=1xPVn_Ki1r1bgrZurbjB-OnpqU8zbVq1k<\/a><\/p>\n<p>SAES, D\u00e9cio. A rep\u00fablica do capital<br \/>\n<a href=\"https:\/\/drive.google.com\/open?id=1Wk2E0kZJQNpHWdGXaSlqnATznJ1ntuBI\">https:\/\/drive.google.com\/open?id=1Wk2E0kZJQNpHWdGXaSlqnATznJ1ntuBI<\/a><\/p>\n<p>SAES, D\u00e9cio. A quest\u00e3o da evolu\u00e7\u00e3o da cidadania pol\u00edtica no Brasil<br \/>\n<a href=\"http:\/\/www.scielo.br\/pdf\/ea\/v15n42\/v15n42a21.pdf\">http:\/\/www.scielo.br\/pdf\/ea\/v15n42\/v15n42a21.pdf<\/a><\/p>\n<p>SANTOS, Sandra Costa dos. Cabanagem: crise pol\u00edtica e situa\u00e7\u00e3o revolucion\u00e1ria<br \/>\n<a href=\"http:\/\/repositorio.unicamp.br\/bitstream\/REPOSIP\/279778\/1\/Santos_SandraCostados_M.pdf\">http:\/\/repositorio.unicamp.br\/bitstream\/REPOSIP\/279778\/1\/Santos_SandraCostados_M.pdf<\/a><\/p>\n<p>SARTORETTO, Leonardo. Crise e transi\u00e7\u00e3o: um cap\u00edtulo da moderniza\u00e7\u00e3o conservadora da autocracia no Brasil<br \/>\n<a href=\"https:\/\/repositorio.unesp.br\/handle\/11449\/151586\">https:\/\/repositorio.unesp.br\/handle\/11449\/151586<\/a><\/p>\n<p>SILVA, Mayra Goulart et al. Hegemonia, fra\u00e7\u00e3o de classe e financeiriza\u00e7\u00e3o do capital: elementos para uma abordagem marxista e sist\u00eamica sobre a crise pol\u00edtica brasileira<br \/>\n<a href=\"https:\/\/dialnet.unirioja.es\/servlet\/articulo?codigo=6408186\">https:\/\/dialnet.unirioja.es\/servlet\/articulo?codigo=6408186<\/a><\/p>\n<p>SILVA, Carla Luciana et al. (orgs.). Estado e poder: ditadura e democracia<br \/>\n<a href=\"http:\/\/www.historiaepoder.net\/images\/textos\/ditadurademocracia.pdf\">http:\/\/www.historiaepoder.net\/images\/textos\/ditadurademocracia.pdf<\/a><\/p>\n<p>SILVA, Carla Luciana et al. (orgs.). Ditadura, Transi\u00e7\u00e3o e Democracia: estudos sobre a domina\u00e7\u00e3o burguesa no Brasil contemporan\u00eao<br \/>\n<a href=\"http:\/\/www.historiaepoder.net\/images\/textos\/livrovsep.pdf\">http:\/\/www.historiaepoder.net\/images\/textos\/livrovsep.pdf<\/a><\/p>\n<p>SILVA, Carla Luciana et al. (orgs.). Ditaduras e Democracias: estudos sobre poder, hegemonia e regimes pol\u00edticos no Brasil (1945-2014)<br \/>\n<a href=\"http:\/\/www.historiaepoder.net\/images\/textos\/livroditaduras.pdf\">http:\/\/www.historiaepoder.net\/images\/textos\/livroditaduras.pdf<\/a><\/p>\n<p>SODR\u00c9, Nelson Werneck. As raz\u00f5es da independ\u00eancia<br \/>\n<a href=\"https:\/\/drive.google.com\/open?id=1OvvhE2MjzcphbKlbVD44SguTjDaOPeFc\">https:\/\/drive.google.com\/open?id=1OvvhE2MjzcphbKlbVD44SguTjDaOPeFc<\/a><\/p>\n<p>SOUZA, Angelita Mattos. Estado e depend\u00eancia no Brasil (1889-1930)<br \/>\n<a href=\"https:\/\/drive.google.com\/open?id=120ygJBh-wPNe2pffqwhvY5zFWjRPMBAW\">https:\/\/drive.google.com\/open?id=120ygJBh-wPNe2pffqwhvY5zFWjRPMBAW<\/a><\/p>\n<p>SOUZA, Marcelo Mattos de. As transforma\u00e7\u00f5es do PCB e a democracia brasileira<br \/>\n<a href=\"http:\/\/repositorio.unb.br\/bitstream\/10482\/7957\/1\/2010_MarceloMattosSouza.pdf\">http:\/\/repositorio.unb.br\/bitstream\/10482\/7957\/1\/2010_MarceloMattosSouza.pdf<\/a><\/p>\n<p>SOUZA FILHO, Rodrigo de. Pol\u00edtica Social no Brasil: notas e cr\u00edticas a partir da Teoria Marxista da Depend\u00eancia<br \/>\n<a href=\"http:\/\/cress-mg.org.br\/publicacoes\/Home\/PDF\/20\">http:\/\/cress-mg.org.br\/publicacoes\/Home\/PDF\/20<\/a><\/p>\n<p>TOLEDO, Caio Navarro de. 1964: Vis\u00f5es cr\u00edticas do golpe \u2013 democracia e reformas no populismo<br \/>\n<a href=\"https:\/\/drive.google.com\/open?id=175xZfxkUJApA0D-fn6F3x38yqPntv6tq\">https:\/\/drive.google.com\/open?id=175xZfxkUJApA0D-fn6F3x38yqPntv6tq<\/a><\/p>\n<p>TOLEDO, Caio Navarro de. 1964: o golpe contra as reformas e a democracia<br \/>\n<a href=\"http:\/\/www.scielo.br\/scielo.php?script=sci_arttext&amp;pid=S0102-01882004000100002\">http:\/\/www.scielo.br\/scielo.php?script=sci_arttext&amp;pid=S0102-01882004000100002<\/a><\/p>\n<p>TOLEDO, Caio Navarro de. 1964: golpismo e democracia \u2013 as fal\u00e1cias do revisionismo<br \/>\n<a href=\"https:\/\/www.ifch.unicamp.br\/criticamarxista\/arquivos_biblioteca\/artigo104artigo2.pdf\">https:\/\/www.ifch.unicamp.br\/criticamarxista\/arquivos_biblioteca\/artigo104artigo2.pdf<\/a><\/p>\n<p>TOLEDO, Caio Navarro de. O governo Goulart e o golpe de 1964<br \/>\n<a href=\"https:\/\/drive.google.com\/open?id=1CU5F0zkdo7wSrw8DpgIUlhRydEHQ5TFd\">https:\/\/drive.google.com\/open?id=1CU5F0zkdo7wSrw8DpgIUlhRydEHQ5TFd<\/a><\/p>\n<p>WEFFORT, Francisco. O populismo na pol\u00edtica brasileira<br \/>\n<a href=\"https:\/\/drive.google.com\/open?id=1Hae9yrnt9RMrXhbgCeNGIthbh3-Ek4Yf\">https:\/\/drive.google.com\/open?id=1Hae9yrnt9RMrXhbgCeNGIthbh3-Ek4Yf<\/a><\/p>\n<p>YAMAUTI, Nilson Nobuaki. A aplica\u00e7\u00e3o da teoria marxista de Estado na interpreta\u00e7\u00e3o do golpe militar de 1\u00ba de abril de 1964<br \/>\n<a href=\"http:\/\/periodicos.uem.br\/ojs\/index.php\/ActaSciHumanSocSci\/article\/view\/154\">http:\/\/periodicos.uem.br\/ojs\/index.php\/ActaSciHumanSocSci\/article\/view\/154<\/a><\/p>\n<div class=\"ssba ssba-wrap\"><\/div>\n","protected":false},"excerpt":{"rendered":"<a class=\"moretag\" href=\"https:\/\/pcb.org.br\/portal2\/20160\"> <\/a>","protected":false},"author":1,"featured_media":0,"comment_status":"closed","ping_status":"closed","sticky":false,"template":"","format":"standard","meta":{"jetpack_post_was_ever_published":false,"_jetpack_newsletter_access":"","_jetpack_dont_email_post_to_subs":false,"_jetpack_newsletter_tier_id":0,"_jetpack_memberships_contains_paywalled_content":false,"_jetpack_memberships_contains_paid_content":false,"footnotes":"","jetpack_publicize_message":"","jetpack_publicize_feature_enabled":true,"jetpack_social_post_already_shared":true,"jetpack_social_options":{"image_generator_settings":{"template":"highway","default_image_id":0,"font":"","enabled":false},"version":2}},"categories":[50],"tags":[221],"class_list":["post-20160","post","type-post","status-publish","format-standard","hentry","category-c61-cultura-revolucionaria","tag-2a"],"jetpack_publicize_connections":[],"jetpack_featured_media_url":"","jetpack_shortlink":"https:\/\/wp.me\/p659gw-5fa","jetpack-related-posts":[],"jetpack_likes_enabled":true,"jetpack_sharing_enabled":true,"_links":{"self":[{"href":"https:\/\/pcb.org.br\/portal2\/wp-json\/wp\/v2\/posts\/20160","targetHints":{"allow":["GET"]}}],"collection":[{"href":"https:\/\/pcb.org.br\/portal2\/wp-json\/wp\/v2\/posts"}],"about":[{"href":"https:\/\/pcb.org.br\/portal2\/wp-json\/wp\/v2\/types\/post"}],"author":[{"embeddable":true,"href":"https:\/\/pcb.org.br\/portal2\/wp-json\/wp\/v2\/users\/1"}],"replies":[{"embeddable":true,"href":"https:\/\/pcb.org.br\/portal2\/wp-json\/wp\/v2\/comments?post=20160"}],"version-history":[{"count":0,"href":"https:\/\/pcb.org.br\/portal2\/wp-json\/wp\/v2\/posts\/20160\/revisions"}],"wp:attachment":[{"href":"https:\/\/pcb.org.br\/portal2\/wp-json\/wp\/v2\/media?parent=20160"}],"wp:term":[{"taxonomy":"category","embeddable":true,"href":"https:\/\/pcb.org.br\/portal2\/wp-json\/wp\/v2\/categories?post=20160"},{"taxonomy":"post_tag","embeddable":true,"href":"https:\/\/pcb.org.br\/portal2\/wp-json\/wp\/v2\/tags?post=20160"}],"curies":[{"name":"wp","href":"https:\/\/api.w.org\/{rel}","templated":true}]}}