{"id":20228,"date":"2018-07-16T22:03:18","date_gmt":"2018-07-17T01:03:18","guid":{"rendered":"https:\/\/pcb.org.br\/portal2\/?p=20228"},"modified":"2018-07-17T09:14:45","modified_gmt":"2018-07-17T12:14:45","slug":"reconstruir-o-brasil-da-direcao-do-socialismo","status":"publish","type":"post","link":"https:\/\/pcb.org.br\/portal2\/20228","title":{"rendered":"Reconstruir o Brasil na dire\u00e7\u00e3o do Socialismo!"},"content":{"rendered":"<p><img decoding=\"async\" class=\"imagem\" title=\"imagem\" src=\"https:\/\/i0.wp.com\/lh3.googleusercontent.com\/Nm5RejZSkqhO9MjKm9CwG7fjpCOGI6aVfJTybbbmWcY0031djJlqi6CVH0DsAISDfKB-zqiRRub2SHBIDjEclPRpL-s1b9yK-ig6c5TaaLPUoEY99lw3gaXOsSn_jsaJJWpzpsoXEDzd1WcKhWt6X6AeBVYZ1n60qdMAB1gM3phzcNFyVUuvH-qJy0qc06OsU8Z4GFpSKKuaWNaHkE4K_96mQh9PDIzGSs4FT5TI5sFQtVHXclMozo_vfWeQ0Pi8FD-AV4f8dCG1qcq2Ngmpa3QXuKjjuhUaeIdtxjyUYdwTowtDrBXL1IwOMqvgwoI8JuaUt--Rl2gzHb_kYLDQN6vBXnufx5oDn4LHgaC-_yfIYne_Qh1rbMv6n9u8gH96A-6vLrhq55arxpgMRxtEr1wQdmAvz7YH7J5SaMFGwqc2u8drLXL5SGEnuEjhvHGcU66hfg01-j4igMpUJ7te2dncKXlroChDcyd4fqBEkzMEeCUmZIyYqEorbnwZE4v-8rlSQ5nxZwIXpd8AJDl4bG7zcx_wbINjqXnzYTh7FcCpu6qFLtdP4bZf6t1X7xuRiAYFa8JDnjufqs_8izVkd1gOIi0NA-oORTfxmdr90TW-SbnJYqUCNiHb9hrBbNvfMdixDjPItrjqqI12mlSlQ93-ADq-A_bzNQ=w500-h262-no\" alt=\"imagem\" \/><!--more--><strong>VAMOS SEM MEDO DE MUDAR O BRASIL!<\/strong><\/p>\n<p>Grande ato pol\u00edtico nacional de formaliza\u00e7\u00e3o do apoio pol\u00edtico do PCB \u00e0 pr\u00e9 candidatura de Guilherme Boulos e S\u00f4nia Guajajara para a presid\u00eancia da rep\u00fablica. Tais candidatos expressam a frente pol\u00edtica e social que re\u00fane PCB, PSOL, M\u00eddia Ninja, MTST, Movimento Ind\u00edgena e outros movimentos populares.<\/p>\n<p>Na ocasi\u00e3o o PCB lan\u00e7ar\u00e1 a sua contribui\u00e7\u00e3o pol\u00edtica ao programa da frente. Vamos sem medo de mudar o Brasil!<\/p>\n<p>Presen\u00e7as confirmadas: Guilherme Boulos, S\u00f4nia Guajajara, Edmilson Costa, Juliano Medeiros, Marcelo Freixo, Glauber Braga, Tarc\u00edsio Motta, Marcelo Edmundo, Jos\u00e9 Paulo Netto, Mauro Iasi, Noca da Portela, Amanda Palha, Telma Taurepang, T\u00falio Lopes, Daniel Cristiano, Marta Bar\u00e7ante, Heitor Cesar, Maria Carol,Caio Andrade, L\u00edgia Fernandes.<\/p>\n<p>Data: <strong>20 de julho, a partir das 18:30<\/strong><br \/>\nLocal: <strong>Sindicato dos Petroleiros RJ. Avenida Passos, 34 &#8211; Centro &#8211; Rio de Janeiro.<\/strong><\/p>\n","protected":false},"excerpt":{"rendered":"<a class=\"moretag\" href=\"https:\/\/pcb.org.br\/portal2\/20228\"> <\/a>","protected":false},"author":1,"featured_media":0,"comment_status":"closed","ping_status":"closed","sticky":false,"template":"","format":"standard","meta":{"jetpack_post_was_ever_published":false,"_jetpack_newsletter_access":"","_jetpack_dont_email_post_to_subs":false,"_jetpack_newsletter_tier_id":0,"_jetpack_memberships_contains_paywalled_content":false,"_jetpack_memberships_contains_paid_content":false,"footnotes":"","jetpack_publicize_message":"","jetpack_publicize_feature_enabled":true,"jetpack_social_post_already_shared":true,"jetpack_social_options":{"image_generator_settings":{"template":"highway","default_image_id":0,"font":"","enabled":false},"version":2}},"categories":[7],"tags":[234],"class_list":["post-20228","post","type-post","status-publish","format-standard","hentry","category-s8-brasil","tag-6b"],"jetpack_publicize_connections":[],"jetpack_featured_media_url":"","jetpack_shortlink":"https:\/\/wp.me\/p659gw-5gg","jetpack-related-posts":[],"jetpack_likes_enabled":true,"jetpack_sharing_enabled":true,"_links":{"self":[{"href":"https:\/\/pcb.org.br\/portal2\/wp-json\/wp\/v2\/posts\/20228","targetHints":{"allow":["GET"]}}],"collection":[{"href":"https:\/\/pcb.org.br\/portal2\/wp-json\/wp\/v2\/posts"}],"about":[{"href":"https:\/\/pcb.org.br\/portal2\/wp-json\/wp\/v2\/types\/post"}],"author":[{"embeddable":true,"href":"https:\/\/pcb.org.br\/portal2\/wp-json\/wp\/v2\/users\/1"}],"replies":[{"embeddable":true,"href":"https:\/\/pcb.org.br\/portal2\/wp-json\/wp\/v2\/comments?post=20228"}],"version-history":[{"count":0,"href":"https:\/\/pcb.org.br\/portal2\/wp-json\/wp\/v2\/posts\/20228\/revisions"}],"wp:attachment":[{"href":"https:\/\/pcb.org.br\/portal2\/wp-json\/wp\/v2\/media?parent=20228"}],"wp:term":[{"taxonomy":"category","embeddable":true,"href":"https:\/\/pcb.org.br\/portal2\/wp-json\/wp\/v2\/categories?post=20228"},{"taxonomy":"post_tag","embeddable":true,"href":"https:\/\/pcb.org.br\/portal2\/wp-json\/wp\/v2\/tags?post=20228"}],"curies":[{"name":"wp","href":"https:\/\/api.w.org\/{rel}","templated":true}]}}