{"id":20249,"date":"2018-07-16T22:45:08","date_gmt":"2018-07-17T01:45:08","guid":{"rendered":"https:\/\/pcb.org.br\/portal2\/?p=20249"},"modified":"2018-07-16T22:45:08","modified_gmt":"2018-07-17T01:45:08","slug":"renda-e-contribuicao-de-autonomos-a-previdencia-despencam","status":"publish","type":"post","link":"https:\/\/pcb.org.br\/portal2\/20249","title":{"rendered":"Renda e contribui\u00e7\u00e3o de aut\u00f4nomos \u00e0 Previd\u00eancia despencam"},"content":{"rendered":"<p><img decoding=\"async\" class=\"imagem\" title=\"imagem\" src=\"https:\/\/i0.wp.com\/www.redebrasilatual.com.br\/trabalho\/2018\/07\/com-governo-temer-novos-trabalhadores-autonomos-ganham-menos-segundo-dieese\/trabalhadores-autonomos\/image_preview\" alt=\"imagem\" \/><!--more-->Pesquisa do Dieese aponta que ganho \u00e9 33% menor, e que 80% desses trabalhadores deixaram de contribuir com a Previd\u00eancia Social. Mulheres negras s\u00e3o mais afetadas nos \u00faltimos dois anos<\/p>\n<p>Rede Brasil Atual<\/p>\n<p>S\u00e3o Paulo \u2013\u00a0Os trabalhadores que se tornaram aut\u00f4nomos, nos \u00faltimos dois anos, ganham 33% a menos do que faturavam os brasileiros sem v\u00ednculos empregat\u00edcios antes do governo Temer. Al\u00e9m disso, oito em cada dez desses trabalhadores deixaram de contribuir com a Previd\u00eancia Social.<\/p>\n<p>Os dados que confirmam a realidade dessa categoria fazem parte de pesquisa divulgada pelo Dieese, com base em informa\u00e7\u00f5es do IBGE. O instituto tamb\u00e9m revela que, assim como no trabalho formal,\u00a0mulheres negras aut\u00f4nomas t\u00eam ainda menores rendimentos.<\/p>\n<p>No Brasil, a cartilha neoliberal faz de empreendedorismo um eufemismo para\u00a0tentativa de driblar o desemprego, encontrada pelos 5 milh\u00f5es de brasileiros que come\u00e7aram a trabalhar por conta pr\u00f3pria durante o governo Temer. S\u00e3o 23 milh\u00f5es de trabalhadores n\u00e3o t\u00eam v\u00ednculo empregat\u00edcio.<\/p>\n<p>De acordo com o economista do Dieese Gustavo Monteiro, os aut\u00f4nomos da\u00a0crise econ\u00f4mica\u00a0ganham menos de um sal\u00e1rio m\u00ednimo por m\u00eas e assim como no mercado de trabalho formal, as mulheres negras t\u00eam o menor rendimento com uma m\u00e9dia mensal de R$ 809.<\/p>\n<p>&#8220;A diferen\u00e7a (salarial entre homens brancos e mulheres negras) persistente no mercado dos que est\u00e3o por conta pr\u00f3pria. S\u00f3 que nesse caso \u00e9 ainda pior, porque como eles est\u00e3o em ocupa\u00e7\u00f5es de mais baixa qualifica\u00e7\u00e3o, em setores menos din\u00e2micos, eles j\u00e1 ganham menos do que os empregados assalariados&#8221;, explica Monteiro, no\u00a0<i>Seu Jornal<\/i>\u00a0da\u00a0<b>TVT.<\/b><\/p>\n<p>Outra quest\u00e3o levantada pelo relat\u00f3rio do Dieese afirma que mais de 80% dos trabalhadores aut\u00f4nomos n\u00e3o contribuem com a Previd\u00eancia Social, o que atrapalha ou at\u00e9 inviabiliza a aposentadoria. Como explica o motorista\u00a0por aplicativo, L\u00facio Tom\u00e9 da Silva, que h\u00e1 mais de um ano, precisou tornar-se aut\u00f4nomo para sair do desemprego. Hoje, com uma renda que caiu pela metade, o motorista n\u00e3o consegue arcar com a previd\u00eancia. &#8220;N\u00e3o pago porque n\u00e3o consigo ou n\u00e3o d\u00e1 para programar. O dinheiro \u00e9 mais curto tamb\u00e9m e vai fazer uma falta se voc\u00ea for paga por fora&#8221;, ressalta Silva.<\/p>\n<p><b>Assista \u00e0 reportagem de J\u00f4 Miyagui:\u00a0https:\/\/youtu.be\/ifmP_OrC7yU<\/b><\/p>\n<p><span class=\"embed-youtube\" style=\"text-align:center; display: block;\"><iframe loading=\"lazy\" class=\"youtube-player\" width=\"747\" height=\"421\" src=\"https:\/\/www.youtube.com\/embed\/ifmP_OrC7yU?version=3&#038;rel=1&#038;showsearch=0&#038;showinfo=1&#038;iv_load_policy=1&#038;fs=1&#038;hl=pt-BR&#038;autohide=2&#038;wmode=transparent\" allowfullscreen=\"true\" style=\"border:0;\" sandbox=\"allow-scripts allow-same-origin allow-popups allow-presentation allow-popups-to-escape-sandbox\"><\/iframe><\/span><\/p>\n<p>Ilustra\u00e7\u00e3o:\u00a0Os aut\u00f4nomos da crise econ\u00f4mica ganham menos de um sal\u00e1rio m\u00ednimo por m\u00eas<\/p>\n<p>http:\/\/www.redebrasilatual.com.br\/trabalho\/2018\/07\/com-governo-temer-novos-trabalhadores-autonomos-ganham-menos-segundo-dieese<\/p>\n","protected":false},"excerpt":{"rendered":"<a class=\"moretag\" href=\"https:\/\/pcb.org.br\/portal2\/20249\"> <\/a>","protected":false},"author":1,"featured_media":0,"comment_status":"closed","ping_status":"closed","sticky":false,"template":"","format":"standard","meta":{"jetpack_post_was_ever_published":false,"_jetpack_newsletter_access":"","_jetpack_dont_email_post_to_subs":false,"_jetpack_newsletter_tier_id":0,"_jetpack_memberships_contains_paywalled_content":false,"_jetpack_memberships_contains_paid_content":false,"footnotes":"","jetpack_publicize_message":"","jetpack_publicize_feature_enabled":true,"jetpack_social_post_already_shared":true,"jetpack_social_options":{"image_generator_settings":{"template":"highway","default_image_id":0,"font":"","enabled":false},"version":2}},"categories":[190],"tags":[222],"class_list":["post-20249","post","type-post","status-publish","format-standard","hentry","category-fora-temer","tag-2b"],"jetpack_publicize_connections":[],"jetpack_featured_media_url":"","jetpack_shortlink":"https:\/\/wp.me\/p659gw-5gB","jetpack-related-posts":[],"jetpack_likes_enabled":true,"jetpack_sharing_enabled":true,"_links":{"self":[{"href":"https:\/\/pcb.org.br\/portal2\/wp-json\/wp\/v2\/posts\/20249","targetHints":{"allow":["GET"]}}],"collection":[{"href":"https:\/\/pcb.org.br\/portal2\/wp-json\/wp\/v2\/posts"}],"about":[{"href":"https:\/\/pcb.org.br\/portal2\/wp-json\/wp\/v2\/types\/post"}],"author":[{"embeddable":true,"href":"https:\/\/pcb.org.br\/portal2\/wp-json\/wp\/v2\/users\/1"}],"replies":[{"embeddable":true,"href":"https:\/\/pcb.org.br\/portal2\/wp-json\/wp\/v2\/comments?post=20249"}],"version-history":[{"count":0,"href":"https:\/\/pcb.org.br\/portal2\/wp-json\/wp\/v2\/posts\/20249\/revisions"}],"wp:attachment":[{"href":"https:\/\/pcb.org.br\/portal2\/wp-json\/wp\/v2\/media?parent=20249"}],"wp:term":[{"taxonomy":"category","embeddable":true,"href":"https:\/\/pcb.org.br\/portal2\/wp-json\/wp\/v2\/categories?post=20249"},{"taxonomy":"post_tag","embeddable":true,"href":"https:\/\/pcb.org.br\/portal2\/wp-json\/wp\/v2\/tags?post=20249"}],"curies":[{"name":"wp","href":"https:\/\/api.w.org\/{rel}","templated":true}]}}