{"id":20354,"date":"2018-07-29T21:24:00","date_gmt":"2018-07-30T00:24:00","guid":{"rendered":"https:\/\/pcb.org.br\/portal2\/?p=20354"},"modified":"2018-08-15T18:21:23","modified_gmt":"2018-08-15T21:21:23","slug":"pcb-do-ceara-aprova-candidaturas-populares","status":"publish","type":"post","link":"https:\/\/pcb.org.br\/portal2\/20354","title":{"rendered":"PCB do Cear\u00e1 aprova candidaturas populares"},"content":{"rendered":"<p><img decoding=\"async\" class=\"imagem\" title=\"imagem\" src=\"https:\/\/i0.wp.com\/lh3.googleusercontent.com\/Ea8aYlzFU9uItegZUq3lwYtT7qizoQa9KB76spNs28cQRaaZwX0l160_cPlJ6rCcGmGakl9e7sGB3lI-kSsiyCxffDLmR2tyaukElG4Ygk_QgoGQgcwyPkkk2X4qLTZbJqzEQi9umU0WKvjRT871dUHmEXJEWV_c_8NjgN9XT-IWr0Pud775hnnj15rIMe04CKzEou3I93udyOrTMMRxLeZR14dtE9wmouVhoFCrJsy1-spubZXqpEB2czpT1GzWjsS55thJ09fZkOtAtsG_wmFmb0zSY8-GWJpcbJl_fgpiUXB85MAwwFszXDVIhbSGrCo55ZHPj-njnYYoKVVZ_ljP73gnssY5vycCvv4lCqsYUlKXZdJaARGgoKtZUctvTwLQXHiK7zYbaeZQVBJ3LB-grE9JaUrEwpEB720GOAuQtCFZKa3HvieMSQLKESyB7Nc-HjgNpTAUq-m97I5mRBKWgjwfUVd8isBeGxBQIKzUBVhpKwX_Tc-bQ4PxZHb8UovrUgHSJMG8QdT72KE6hzr4ROVW51CQmybBi3PFf_9Gh8sIL9uP-QWhn3QIMhBfX4tUl_NCUuTxHD44kxCcy_K3XxbtZVIlHlgy31r82KK5oijFprjalySHpLdaIMngIpn65nZmOlqyPJVDiiOWNC52ASgkBO7U7g=w1280-h620-no\" alt=\"imagem\" \/><!--more-->Comit\u00ea Regional do PCB do Cear\u00e1<\/p>\n<p>O Partido Comunista Brasileiro (PCB) realizou na \u00faltima quarta-feira, dia 25\/07, sua conven\u00e7\u00e3o eleitoral estadual, convocando a milit\u00e2ncia para aprovar a coliga\u00e7\u00e3o da Frente de Esquerda Socialista com o PSOL e diversos setores dos movimentos populares que est\u00e3o apoiando a chapa. A conven\u00e7\u00e3o aprovou tamb\u00e9m as pr\u00e9-candidaturas de Raquel Lima para vice-governadora e Benedito Oliveira para deputado federal.<\/p>\n<p>Raquel Lima \u00e9 mulher negra da periferia, removida da comunidade do Alto da Paz pela Prefeitura de Fortaleza. Participa ativamente da luta por moradia na capital. Foi candidata a vice-prefeita nas elei\u00e7\u00f5es municipais de 2016, tamb\u00e9m pela Frente de Esquerda Socialista (PSOL\/PCB).<\/p>\n<p>Benedito Oliveira \u00e9 oper\u00e1rio da constru\u00e7\u00e3o civil, coordenador nacional da corrente sindical Unidade Classista e j\u00e1 foi candidato em elei\u00e7\u00f5es passadas para senador, vice-governador e vereador.<\/p>\n<p>A conven\u00e7\u00e3o do PCB contou com a presen\u00e7a de militantes comunistas de diversos setores da luta sindical, como da constru\u00e7\u00e3o civil e dos trabalhadores da ind\u00fastria de cal\u00e7ados, al\u00e9m dos movimentos populares e de luta por moradia. Malta Ara\u00fajo, secret\u00e1rio pol\u00edtico estadual, reafirmou a necessidade de promover a unidade atrav\u00e9s da Frente de Esquerda e da import\u00e2ncia de apresentar o programa do PCB, chamando para a constru\u00e7\u00e3o do poder popular e de colocar o pa\u00eds no rumo ao socialismo.<\/p>\n","protected":false},"excerpt":{"rendered":"<a class=\"moretag\" href=\"https:\/\/pcb.org.br\/portal2\/20354\"> <\/a>","protected":false},"author":1,"featured_media":0,"comment_status":"closed","ping_status":"closed","sticky":false,"template":"","format":"standard","meta":{"jetpack_post_was_ever_published":false,"_jetpack_newsletter_access":"","_jetpack_dont_email_post_to_subs":false,"_jetpack_newsletter_tier_id":0,"_jetpack_memberships_contains_paywalled_content":false,"_jetpack_memberships_contains_paid_content":false,"footnotes":"","jetpack_publicize_message":"","jetpack_publicize_feature_enabled":true,"jetpack_social_post_already_shared":true,"jetpack_social_options":{"image_generator_settings":{"template":"highway","default_image_id":0,"font":"","enabled":false},"version":2}},"categories":[268,5],"tags":[234],"class_list":["post-20354","post","type-post","status-publish","format-standard","hentry","category-eleicoes-2018","category-s4-pcb","tag-6b"],"jetpack_publicize_connections":[],"jetpack_featured_media_url":"","jetpack_shortlink":"https:\/\/wp.me\/p659gw-5ii","jetpack-related-posts":[],"jetpack_likes_enabled":true,"jetpack_sharing_enabled":true,"_links":{"self":[{"href":"https:\/\/pcb.org.br\/portal2\/wp-json\/wp\/v2\/posts\/20354","targetHints":{"allow":["GET"]}}],"collection":[{"href":"https:\/\/pcb.org.br\/portal2\/wp-json\/wp\/v2\/posts"}],"about":[{"href":"https:\/\/pcb.org.br\/portal2\/wp-json\/wp\/v2\/types\/post"}],"author":[{"embeddable":true,"href":"https:\/\/pcb.org.br\/portal2\/wp-json\/wp\/v2\/users\/1"}],"replies":[{"embeddable":true,"href":"https:\/\/pcb.org.br\/portal2\/wp-json\/wp\/v2\/comments?post=20354"}],"version-history":[{"count":0,"href":"https:\/\/pcb.org.br\/portal2\/wp-json\/wp\/v2\/posts\/20354\/revisions"}],"wp:attachment":[{"href":"https:\/\/pcb.org.br\/portal2\/wp-json\/wp\/v2\/media?parent=20354"}],"wp:term":[{"taxonomy":"category","embeddable":true,"href":"https:\/\/pcb.org.br\/portal2\/wp-json\/wp\/v2\/categories?post=20354"},{"taxonomy":"post_tag","embeddable":true,"href":"https:\/\/pcb.org.br\/portal2\/wp-json\/wp\/v2\/tags?post=20354"}],"curies":[{"name":"wp","href":"https:\/\/api.w.org\/{rel}","templated":true}]}}