{"id":20356,"date":"2018-07-29T21:18:08","date_gmt":"2018-07-30T00:18:08","guid":{"rendered":"https:\/\/pcb.org.br\/portal2\/?p=20356"},"modified":"2018-07-29T21:18:08","modified_gmt":"2018-07-30T00:18:08","slug":"belicistas-natos","status":"publish","type":"post","link":"https:\/\/pcb.org.br\/portal2\/20356","title":{"rendered":"Belicistas natos"},"content":{"rendered":"<p><img decoding=\"async\" class=\"imagem\" title=\"imagem\" src=\"https:\/\/i0.wp.com\/lh3.googleusercontent.com\/t1kaVghX8nzLsQiz6U3p0bnqIaT4Kyeu9sW5FV1H17pOXYH32AT2aL5UVN5rfd6XIkCV5AlTwyczk-n54g6-8CFMqfWk01jG8CfHQ5OTNppLXmzcF0WdosntJGWL_DoMGf9cojABJx8XH-Rr7Qtfv2FLZIC_72BqLZTByFZNXhZXCOFCfo3d7F0wti5AfbqQLQTmjc5xng6oi_q-Mh_iyLErEi5hvfxvFb9H0NdCfoETE8YRs3xxgNahwNGy-quyKSP8NJnifzSVSSPO_OY1_Mfl9TXw0P2z5qljKi5P2fIcCHquuWdXuCXMaLLMrRjnJOUDxMf97Q6mxRTIewcs7-j9H6RfUmMvX6eb9xFoNaqD79WEvUiN7mXPZFN_E1lEgBqFHx65ICfW7j1TmYa58HooP6QtOd8-pj76VqkUmKDmdePtQt9_RuWJANAcHFnoox3qD9rgtrEulQSmQqsHPwtgPe1kFvBRN7ftsQhofEX7CIpdYaCkCCeHdEmsIWAG4eUX6vBtBThdB8YnCTOjtC8mQRdQoSVBDIEnfLHx116kbbN2HVxrmiWRdU8o6UvIdxFliT7BaRZJ7HKsR7jquZTs_t0nBE3hF5pueKBJJ6Z-T1bl6EK3EN6twBAJ7eJxGLEiSqoVsKRK2-SR0gTRMSaMAWFq2-0WMg=w640-h480-no\" alt=\"imagem\" \/><!--more-->Jorge Cadima<\/p>\n<p><a href=\"https:\/\/www.odiario.info\/belicistas-natos\/\" target=\"_blank\" rel=\"noopener\">Odiario.info<\/a><\/p>\n<p>A Cimeira da OTAN revelou de novo, publicamente, as intensas contradi\u00e7\u00f5es e disputas entre as velhas pot\u00eancias imperialistas. N\u00e3o \u00e9 um fato secund\u00e1rio, nem um mero problema de pessoas ou birras: o terremoto em curso tem bases objetivas profundas.<\/p>\n<p>Reflete a profund\u00edssima crise do capitalismo. Reflete o esgotamento dos mecanismos de reprodu\u00e7\u00e3o do capital e o consequente acirrar das disputas pelos lucros ainda dispon\u00edveis. Reflete a inexor\u00e1vel desloca\u00e7\u00e3o do centro de gravidade econ\u00f4mico do espa\u00e7o euro-atl\u00e2ntico para leste. Reflete o decenal decl\u00ednio econ\u00f4mico e financeiro dos EUA, tamb\u00e9m face \u00e0 UE, e simultaneamente o seu poderio militar.<\/p>\n<p>A diatribe de Trump contra a Alemanha e o gasoduto que a ligar\u00e1 \u00e0 R\u00fassia evidenciou que, longe do palavreado sobre \u00abvalores\u00bb ou \u00abdefesa\u00bb, est\u00e3o em jogo o poder e as negociatas, com destaque para a energia e armamento. Sempre foi assim. A novidade \u00e9 que as repreens\u00f5es que, em p\u00fablico, eram dadas (por todos) aos \u00abpa\u00edses recalcitrantes\u00bb atingem agora aliados, em diretas televisivas no caf\u00e9 da manh\u00e3.<\/p>\n<p>Ao contr\u00e1rio da Cimeira dos G7, desta vez houve declara\u00e7\u00e3o final. A ilus\u00f3ria recomposi\u00e7\u00e3o baseou-se na escalada militarista. Os ataques da fac\u00e7\u00e3o globalista do capital contra Trump s\u00e3o ferozes. O Trilateralista Wolf chama-lhe um \u00abignorante perigoso\u00bb (Financial Times, 10.7.18) que est\u00e1 \u00abem guerra contra a ordem mundial liberal\u00bb (FT, 3.7.18).<\/p>\n<p>Mas, no momento de decidir, todos acompanham Trump, aumentando as despesas militares (p\u00fablicas) em 266 bilh\u00f5es de d\u00f3lares, que gerar\u00e3o colossais lucros (privados).<\/p>\n<p>Incluindo a UE dos \u00abvalores europeus\u00bb. Incluindo Tsipras e Costa. Face \u00e0s repreens\u00f5es, todos aprovam uma Declara\u00e7\u00e3o Final que \u00e9 um monumento \u00e0 mentira. A OTAN comemorou os seus 50 anos com a guerra \u00e0 Iugosl\u00e1via, violando o Direito Internacional e a ONU (hoje presidida pelo ent\u00e3o primeiro-ministro portugu\u00eas, que deu o seu aval a essa guerra). Destruiu pa\u00edses inteiros, como a L\u00edbia. Sustenta a a\u00e7\u00e3o dos fascistas na Ucr\u00e2nia e Israel. A Col\u00f4mbia narco-terrorista tornou-se seu membro associado. Ao longo do ano, o patr\u00e3o da OTAN violou acordos internacionais sobre o Ir\u00e3 e Jerusal\u00e9m. Dispara em todas as dire\u00e7\u00f5es.<\/p>\n<p>As empresas que compram petr\u00f3leo ao Ir\u00e3 deixar\u00e3o de ter acesso ao mercado dos EUA (New York Times, 26.6.18). Mas a Declara\u00e7\u00e3o da OTAN tem o desplante de come\u00e7ar proclamando que s\u00e3o \u00abas a\u00e7\u00f5es agressivas da R\u00fassia, incluindo a amea\u00e7a e o uso da for\u00e7a para alcan\u00e7ar objetivos pol\u00edticos\u00bb que \u00abdesafiam a Alian\u00e7a e minam a seguran\u00e7a Euro-Atl\u00e2ntica e a ordem internacional baseada em regras\u00bb. O del\u00edrio torna-se absurdo quando proclama que \u00aba nossa unidade e solidariedade s\u00e3o hoje mais fortes do que nunca\u00bb. O cambaleio do presidente da Comiss\u00e3o Europeia antes (!) do jantar de gala n\u00e3o destoou, afinal, na farsa grotesca desta Cimeira.<\/p>\n<p>Mas o assunto \u00e9 s\u00e9rio. N\u00e3o se trata apenas de que as despesas belicistas ser\u00e3o roubadas aos povos. A OTAN sempre foi um instrumento de domina\u00e7\u00e3o do imperialismo dos EUA, e o militarismo alimenta a rea\u00e7\u00e3o (externa e interna) e as din\u00e2micas de guerra. As querelas entre m\u00e1fias capitalistas em disputa por territ\u00f3rios e riquezas j\u00e1 produziram guerras mundiais. Quem pensa que combate a m\u00e1fia pagando-lhe tributos est\u00e1 enganado. \u00c9 urgente exigir: fim da OTAN!<\/p>\n<p>*Este artigo foi publicado no Avante! n\u00ba 2329, 19.07.2018<\/p>\n<p>https:\/\/www.odiario.info\/belicistas-natos\/<\/p>\n","protected":false},"excerpt":{"rendered":"<a class=\"moretag\" href=\"https:\/\/pcb.org.br\/portal2\/20356\"> <\/a>","protected":false},"author":1,"featured_media":0,"comment_status":"closed","ping_status":"closed","sticky":false,"template":"","format":"standard","meta":{"jetpack_post_was_ever_published":false,"_jetpack_newsletter_access":"","_jetpack_dont_email_post_to_subs":false,"_jetpack_newsletter_tier_id":0,"_jetpack_memberships_contains_paywalled_content":false,"_jetpack_memberships_contains_paid_content":false,"footnotes":"","jetpack_publicize_message":"","jetpack_publicize_feature_enabled":true,"jetpack_social_post_already_shared":true,"jetpack_social_options":{"image_generator_settings":{"template":"highway","default_image_id":0,"font":"","enabled":false},"version":2}},"categories":[38],"tags":[219],"class_list":["post-20356","post","type-post","status-publish","format-standard","hentry","category-c43-imperialismo","tag-manchete"],"jetpack_publicize_connections":[],"jetpack_featured_media_url":"","jetpack_shortlink":"https:\/\/wp.me\/p659gw-5ik","jetpack-related-posts":[],"jetpack_likes_enabled":true,"jetpack_sharing_enabled":true,"_links":{"self":[{"href":"https:\/\/pcb.org.br\/portal2\/wp-json\/wp\/v2\/posts\/20356","targetHints":{"allow":["GET"]}}],"collection":[{"href":"https:\/\/pcb.org.br\/portal2\/wp-json\/wp\/v2\/posts"}],"about":[{"href":"https:\/\/pcb.org.br\/portal2\/wp-json\/wp\/v2\/types\/post"}],"author":[{"embeddable":true,"href":"https:\/\/pcb.org.br\/portal2\/wp-json\/wp\/v2\/users\/1"}],"replies":[{"embeddable":true,"href":"https:\/\/pcb.org.br\/portal2\/wp-json\/wp\/v2\/comments?post=20356"}],"version-history":[{"count":0,"href":"https:\/\/pcb.org.br\/portal2\/wp-json\/wp\/v2\/posts\/20356\/revisions"}],"wp:attachment":[{"href":"https:\/\/pcb.org.br\/portal2\/wp-json\/wp\/v2\/media?parent=20356"}],"wp:term":[{"taxonomy":"category","embeddable":true,"href":"https:\/\/pcb.org.br\/portal2\/wp-json\/wp\/v2\/categories?post=20356"},{"taxonomy":"post_tag","embeddable":true,"href":"https:\/\/pcb.org.br\/portal2\/wp-json\/wp\/v2\/tags?post=20356"}],"curies":[{"name":"wp","href":"https:\/\/api.w.org\/{rel}","templated":true}]}}