{"id":204,"date":"2008-11-05T08:58:12","date_gmt":"2008-11-05T08:58:12","guid":{"rendered":"http:\/\/pcb.org.br\/portal2\/?p=204"},"modified":"2008-11-05T08:58:12","modified_gmt":"2008-11-05T08:58:12","slug":"pela-17o-vez-onu-condena-bloqueio-dos-eua-a-cuba","status":"publish","type":"post","link":"https:\/\/pcb.org.br\/portal2\/204","title":{"rendered":"Pela 17\u00aa vez, ONU condena bloqueio dos EUA a Cuba"},"content":{"rendered":"\n<p>Na introdu\u00e7\u00e3o desse documento, aparece destacada a preocupa\u00e7\u00e3o pela promulga\u00e7\u00e3o e aplica\u00e7\u00e3o por parte dos Estados Unidos de legisla\u00e7\u00f5es e disposi\u00e7\u00f5es regulamentares de alcance extraterritorial como a Lei Helms-Burton.<\/p>\n<p>Na 16\u00aa vota\u00e7\u00e3o deste projeto em 2007, a demanda de extinguir a pol\u00edtica coercitiva americana contra Cuba recebeu apoio quase un\u00e2nime da Assembl\u00e9ia Geral quando 184 de seus 192 membros votaram a favor.<\/p>\n<p>Os Estados Unidos foram acompanhados apenas por Israel, Ilhas Marshall e Palau em sua oposi\u00e7\u00e3o a esse projeto de resolu\u00e7\u00e3o, enquanto a Micron\u00e9sia absteve-se e Alb\u00e2nia, El Salvador e Iraque estiveram ausentes.<\/p>\n<p>Um porta-voz oficial cubano disse que &#8221;pela d\u00e9cima s\u00e9tima vez, a comunidade internacional ter\u00e1 a oportunidade de expressar novamente sua condena\u00e7\u00e3o \u00e0 pol\u00edtica genocida de bloqueio que o governo estadunidense mant\u00e9m contra nosso pa\u00eds&#8221;.<\/p>\n<p>A aplica\u00e7\u00e3o dessa pol\u00edtica por quase 50 anos contra Cuba &#8221;constitui o principal obst\u00e1culo para o desenvolvimento econ\u00f4mico e social do pa\u00eds e uma flagrante viola\u00e7\u00e3o dos direitos humanos de todo o povo cubano&#8221;, observou.<\/p>\n<p>Mas apesar da reiterada rejei\u00e7\u00e3o da Assembl\u00e9ia Geral ao bloqueio econ\u00f4mico contra Cuba, Washington continua a aplica\u00e7\u00e3o dessa medida coercitiva de maneira impune, porque as decis\u00f5es deste alto organismo da ONU n\u00e3o s\u00e3o de cumprimento obrigat\u00f3rio.<\/p>\n<p>O projeto de resolu\u00e7\u00e3o expressa preocupa\u00e7\u00e3o pelo fato de que ap\u00f3s a rejei\u00e7\u00e3o ao bloqueio a Cuba durante 16 anos consecutivos, as autoridades americanas continuam promulgando e aplicando novas medidas para refor\u00e7\u00e1-lo.<\/p>\n<p>Em declara\u00e7\u00f5es \u00e0 Prensa Latina sobre este tema, o presidente da Assembl\u00e9ia Geral, o diplomata nicarag\u00fcense Miguel d&#8217;Escoto, referiu-se a este fato como um dos casos que explicam a necessidade de reforma requerida pela ONU.<\/p>\n<p>&#8220;A id\u00e9ia de que a clara e inequ\u00edvoca voz da Assembl\u00e9ia Geral deve ser tomada como uma simples recomenda\u00e7\u00e3o sem nenhuma obrigatoriedade deve ser enterrada para sempre&#8221;, expressou d&#8217;Escoto.<\/p>\n<p>De todas as formas, os diplomatas cubanos insistem em que seu pa\u00eds &#8221;continuar\u00e1 exigindo o levantamento do bloqueio e n\u00e3o ceder\u00e1 em seu empenho at\u00e9 conseguir sua elimina\u00e7\u00e3o&#8221;.<\/p>\n<p>Com informa\u00e7\u00f5es da ag\u00eancia cubana Prensa Latina: http:\/\/www.prensa-latina.cu\/<\/p>\n","protected":false},"excerpt":{"rendered":"A Assembl\u00e9ia Geral da Organiza\u00e7\u00e3o das Na\u00e7\u00f5es Unidas (ONU) aprovou, pela 17\u00aa vez consecutiva, uma resolu\u00e7\u00e3o que condena os Estados Unidos pelo bloqueio imposto contra Cuba h\u00e1 47 anos. A resolu\u00e7\u00e3o foi votada por 192 pa\u00edses, com 185 condenando o embargo e pedindo seu fim, tr\u00eas votos a favor (EUA, Israel e Palau) e duas absten\u00e7\u00f5es (Micron\u00e9sia e Ilhas Marshal). No ano passado, o bloqueio americano foi condenado por 184 votos a quatro, com uma absten\u00e7\u00e3o.\nO ministro do exterior de Cuba, Felipe P\u00e9rez Roque, afirmou antes da vota\u00e7\u00e3o que ser\u00e1 uma tarefa para o pr\u00f3ximo presidente dos Estados Unidos decidir se o bloqueio \u00e9 uma pol\u00edtica fracassada.\nO projeto de resolu\u00e7\u00e3o, intitulado &#8221;Necessidade de p\u00f4r fim ao bloqueio econ\u00f4mico, comercial e financeiro imposto pelos Estados Unidos da Am\u00e9rica contra Cuba&#8221; foi apresentado pelo ministro cubano de Rela\u00e7\u00f5es Exteriores, Felipe P\u00e9rez Roque.\n<a class=\"moretag\" href=\"https:\/\/pcb.org.br\/portal2\/204\"> <\/a>","protected":false},"author":1,"featured_media":0,"comment_status":"open","ping_status":"open","sticky":false,"template":"","format":"standard","meta":{"jetpack_post_was_ever_published":false,"_jetpack_newsletter_access":"","_jetpack_dont_email_post_to_subs":false,"_jetpack_newsletter_tier_id":0,"_jetpack_memberships_contains_paywalled_content":false,"_jetpack_memberships_contains_paid_content":false,"footnotes":"","jetpack_publicize_message":"","jetpack_publicize_feature_enabled":true,"jetpack_social_post_already_shared":false,"jetpack_social_options":{"image_generator_settings":{"template":"highway","default_image_id":0,"font":"","enabled":false},"version":2}},"categories":[47],"tags":[],"class_list":["post-204","post","type-post","status-publish","format-standard","hentry","category-c57-revolucao-cubana"],"jetpack_publicize_connections":[],"jetpack_featured_media_url":"","jetpack_shortlink":"https:\/\/wp.me\/p659gw-3i","jetpack-related-posts":[],"jetpack_likes_enabled":true,"jetpack_sharing_enabled":true,"_links":{"self":[{"href":"https:\/\/pcb.org.br\/portal2\/wp-json\/wp\/v2\/posts\/204","targetHints":{"allow":["GET"]}}],"collection":[{"href":"https:\/\/pcb.org.br\/portal2\/wp-json\/wp\/v2\/posts"}],"about":[{"href":"https:\/\/pcb.org.br\/portal2\/wp-json\/wp\/v2\/types\/post"}],"author":[{"embeddable":true,"href":"https:\/\/pcb.org.br\/portal2\/wp-json\/wp\/v2\/users\/1"}],"replies":[{"embeddable":true,"href":"https:\/\/pcb.org.br\/portal2\/wp-json\/wp\/v2\/comments?post=204"}],"version-history":[{"count":0,"href":"https:\/\/pcb.org.br\/portal2\/wp-json\/wp\/v2\/posts\/204\/revisions"}],"wp:attachment":[{"href":"https:\/\/pcb.org.br\/portal2\/wp-json\/wp\/v2\/media?parent=204"}],"wp:term":[{"taxonomy":"category","embeddable":true,"href":"https:\/\/pcb.org.br\/portal2\/wp-json\/wp\/v2\/categories?post=204"},{"taxonomy":"post_tag","embeddable":true,"href":"https:\/\/pcb.org.br\/portal2\/wp-json\/wp\/v2\/tags?post=204"}],"curies":[{"name":"wp","href":"https:\/\/api.w.org\/{rel}","templated":true}]}}