{"id":20441,"date":"2018-08-08T17:46:16","date_gmt":"2018-08-08T20:46:16","guid":{"rendered":"https:\/\/pcb.org.br\/portal2\/?p=20441"},"modified":"2018-08-08T17:49:16","modified_gmt":"2018-08-08T20:49:16","slug":"gugu-matematico-campeao-e-militante-comunista","status":"publish","type":"post","link":"https:\/\/pcb.org.br\/portal2\/20441","title":{"rendered":"Gugu: matem\u00e1tico campe\u00e3o e militante comunista"},"content":{"rendered":"<p><img decoding=\"async\" class=\"imagem\" src=\"https:\/\/i1.wp.com\/www.icm2018.org\/wp\/wp-content\/uploads\/2018\/08\/42921740795_e210895361_c.jpg\" \/><!--more--><a href=\"http:\/\/www.icm2018.org\/wp\/2018\/08\/03\/brazils-brightest-gugu-the-communist-mathematician\/\" target=\"_blank\" rel=\"noopener\">International Congress of Mathematicians<\/a><\/p>\n<p>Na introdu\u00e7\u00e3o de Carlos Gustavo Moreira &#8211; mais popularmente conhecido como &#8216;Gugu&#8217; \u2013 em sua palestra plen\u00e1ria sobre Geometria Fractal, Sistemas Din\u00e2micos e Aproxima\u00e7\u00f5es Diofantinas, no terceiro dia do Congresso Internacional dos Matem\u00e1ticos de 2018, Pierre Arnoux destacou sua paix\u00e3o pelo samba e pelo time de futebol do Flamengo, sem deixar de lado sua marcante trajet\u00f3ria de medalhista para coordenador da Olimp\u00edada Brasileira de Matem\u00e1tica.<\/p>\n<p>Antes de Gugu iniciar sua palestra sobre Geometria Fractal, Sistemas Din\u00e2micos e Aproxima\u00e7\u00f5es Diofantinas, ele expressou esperan\u00e7as de uma democracia mais robusta no futuro. Gugu, uma das mais brilhantes estrelas da matem\u00e1tica brasileira e um \u00e1vido partid\u00e1rio do Partido Comunista Brasileiro (PCB), come\u00e7ou cedo. Aos 11 anos, ele poderia ser encontrado correndo com um broche de Marx preso \u00e0 sua camisa. Aos 12 anos, ganhou o Campeonato de Xadrez da cidade do Rio de Janeiro.<\/p>\n<p>Tendo desenvolvido um interesse precoce pela Matem\u00e1tica, Gugu completou de forma impressionante seu diploma de ensino m\u00e9dio e mestrado simultaneamente: a partir dos 14 anos, depois de frequentar o ensino m\u00e9dio pela manh\u00e3, ele corria para o prestigioso Instituto de Matem\u00e1tica Pura e Aplicada (IMPA). Concluiu ambos logo ap\u00f3s completar 17 anos.<\/p>\n<p>Sua pesquisa relaciona aproxima\u00e7\u00f5es diofantinas a outras \u00e1reas da Matem\u00e1tica. Existe um problema fundamental que engloba fra\u00e7\u00f5es e n\u00fameros reais. N\u00fameros irracionais ou fra\u00e7\u00f5es podem aproximar todos os n\u00fameros reais. Pi \u00e9 um n\u00famero irracional que pode ser aproximado por um n\u00famero real atrav\u00e9s de decimais: 3,14 por exemplo. Uma vez que os decimais continuariam para sempre, no entanto, nunca ter\u00e1 uma representa\u00e7\u00e3o num\u00e9rica real perfeita, mas \u00e9 poss\u00edvel chegar perto usando fra\u00e7\u00f5es espec\u00edficas. Algumas fra\u00e7\u00f5es s\u00e3o melhores do que outras para encontrar essas aproxima\u00e7\u00f5es, e parte de seu trabalho mostra como alcan\u00e7ar essas melhores aproxima\u00e7\u00f5es e relacion\u00e1-las a \u00e1reas da Matem\u00e1tica aparentemente n\u00e3o relacionadas, como sistemas din\u00e2micos, teoria do caos e geometria fractal.<\/p>\n<p>Felizmente, sua trajet\u00f3ria na Matem\u00e1tica foi mais bem-sucedida do que sua carreira pol\u00edtica precocemente aposentada, que come\u00e7ou e terminou com meros 133 votos para a candidatura a Vereador do Rio de Janeiro. &#8220;Eu n\u00e3o sou um candidato muito eficaz&#8221;, ele brinca.<\/p>\n<blockquote class=\"wp-embedded-content\" data-secret=\"hnP8mVj3AN\"><p><a href=\"http:\/\/www.icm2018.org\/wp\/2018\/08\/03\/brazils-brightest-gugu-the-communist-mathematician\/\">Brazil&#8217;s brightest: Gugu, the eternal math olympian<\/a><\/p><\/blockquote>\n<p><iframe loading=\"lazy\" class=\"wp-embedded-content\" sandbox=\"allow-scripts\" security=\"restricted\" style=\"position: absolute; clip: rect(1px, 1px, 1px, 1px);\" src=\"http:\/\/www.icm2018.org\/wp\/2018\/08\/03\/brazils-brightest-gugu-the-communist-mathematician\/embed\/#?secret=hnP8mVj3AN\" data-secret=\"hnP8mVj3AN\" width=\"600\" height=\"338\" title=\"&#8220;Brazil&#8217;s brightest: Gugu, the eternal math olympian&#8221; &#8212; ICM News\" frameborder=\"0\" marginwidth=\"0\" marginheight=\"0\" scrolling=\"no\"><\/iframe><\/p>\n","protected":false},"excerpt":{"rendered":"<a class=\"moretag\" href=\"https:\/\/pcb.org.br\/portal2\/20441\"> <\/a>","protected":false},"author":1,"featured_media":0,"comment_status":"closed","ping_status":"closed","sticky":false,"template":"","format":"standard","meta":{"jetpack_post_was_ever_published":false,"_jetpack_newsletter_access":"","_jetpack_dont_email_post_to_subs":false,"_jetpack_newsletter_tier_id":0,"_jetpack_memberships_contains_paywalled_content":false,"_jetpack_memberships_contains_paid_content":false,"footnotes":"","jetpack_publicize_message":"","jetpack_publicize_feature_enabled":true,"jetpack_social_post_already_shared":true,"jetpack_social_options":{"image_generator_settings":{"template":"highway","default_image_id":0,"font":"","enabled":false},"version":2}},"categories":[50],"tags":[228],"class_list":["post-20441","post","type-post","status-publish","format-standard","hentry","category-c61-cultura-revolucionaria","tag-5b"],"jetpack_publicize_connections":[],"jetpack_featured_media_url":"","jetpack_shortlink":"https:\/\/wp.me\/p659gw-5jH","jetpack-related-posts":[],"jetpack_likes_enabled":true,"jetpack_sharing_enabled":true,"_links":{"self":[{"href":"https:\/\/pcb.org.br\/portal2\/wp-json\/wp\/v2\/posts\/20441","targetHints":{"allow":["GET"]}}],"collection":[{"href":"https:\/\/pcb.org.br\/portal2\/wp-json\/wp\/v2\/posts"}],"about":[{"href":"https:\/\/pcb.org.br\/portal2\/wp-json\/wp\/v2\/types\/post"}],"author":[{"embeddable":true,"href":"https:\/\/pcb.org.br\/portal2\/wp-json\/wp\/v2\/users\/1"}],"replies":[{"embeddable":true,"href":"https:\/\/pcb.org.br\/portal2\/wp-json\/wp\/v2\/comments?post=20441"}],"version-history":[{"count":0,"href":"https:\/\/pcb.org.br\/portal2\/wp-json\/wp\/v2\/posts\/20441\/revisions"}],"wp:attachment":[{"href":"https:\/\/pcb.org.br\/portal2\/wp-json\/wp\/v2\/media?parent=20441"}],"wp:term":[{"taxonomy":"category","embeddable":true,"href":"https:\/\/pcb.org.br\/portal2\/wp-json\/wp\/v2\/categories?post=20441"},{"taxonomy":"post_tag","embeddable":true,"href":"https:\/\/pcb.org.br\/portal2\/wp-json\/wp\/v2\/tags?post=20441"}],"curies":[{"name":"wp","href":"https:\/\/api.w.org\/{rel}","templated":true}]}}