{"id":20467,"date":"2018-08-09T20:40:52","date_gmt":"2018-08-09T23:40:52","guid":{"rendered":"https:\/\/pcb.org.br\/portal2\/?p=20467"},"modified":"2018-08-09T20:40:52","modified_gmt":"2018-08-09T23:40:52","slug":"partidos-comunistas-e-operarios-condenam-atentado-a-maduro","status":"publish","type":"post","link":"https:\/\/pcb.org.br\/portal2\/20467","title":{"rendered":"Partidos Comunistas e Oper\u00e1rios condenam atentado a Maduro"},"content":{"rendered":"<p><img decoding=\"async\" class=\"imagem\" title=\"imagem\" src=\"https:\/\/i0.wp.com\/lh3.googleusercontent.com\/W0Az35O3dH_CSMgS1gxdXHPiRgvaWqdCmTh-l539JYh6WYCQO9xhd-R7uQwd_vFwrThQZ80a_Bi2Ai-3E2YRe8IfVhUnqfBrObOd88b4HoiyOfXRDJPgNbsz_jELDgAA5dgsQD2-8dxhONTu5daGidwZtdw0zi9fKYsH1ET90HadsJmIcZHAAetQ2pi2GwdjllrYxfMwQl5ykwY4Gf96ubxgwqJADjigUpLb57VHOzzEVTduTHVrBuD6wu5iHtV-q20q7nhRmIyOcnqf0WgI7AIrbMfmEhiMBA67G841_6GwQD3WnR3HOYIFdXx1up-a7yL1rJMvZN-771KMxKM_YpdYQ1ZcW4qty3bYOa_lodyC2nWR3sjJRzEqsW_B-7jmFJ0z5WWxjEzpmAclQgeP-hvOh-qFQNFVGSZ1aigrnIkSzvsEypa4wK7Mx3jDjvL4wAtCtEULaoxWqZh2fUEaoNFHv5AYFBKMSoIiKE3JwiPyT3AsITp2jkzOEPvxqGLsC9ex9k8anqzSo8VHaQYWBtvqyiau8DJ2ZijexlHi6tn607Py-gIbALk2kPHid7iD6WzIUcFUo2K5JVZ4xzvheM_o68wk2lThP_PsQGWjr5TfGhHl8JnEYsyk3WPr0bWjXW2aFTn7PBYFqF42fOT10OAw7xj6Reju3g=w720-h540-no\" alt=\"imagem\" \/><!--more-->DECLARA\u00c7\u00c3O<\/p>\n<p><strong>Condenamos o atentado terrorista contra o Presidente Maduro e expressamos solidariedade \u00e0 Venezuela<\/strong><\/p>\n<p>Os Partidos Comunistas e Oper\u00e1rios e as organiza\u00e7\u00f5es populares presentes no VI Congresso do Partido Comunista do M\u00e9xico condenamos o atentado terrorista contra o Presidente da Rep\u00fablica Bolivariana da Venezuela, o Compatriota Nicol\u00e1s Maduro Moros, durante o ato de celebra\u00e7\u00e3o do 81\u00ba Anivers\u00e1rio da Guarda Nacional Bolivariana.<\/p>\n<p>Repudiamos contundentemente esta nova agress\u00e3o planificada desde os c\u00edrculos imperialistas de Washington e pela oligarquia colombiana contra a soberania da Venezuela e contra o direito do povo venezuelano dirigir seus pr\u00f3prios destinos.<\/p>\n<p>Expressamos ao Partido Comunista da Venezuela toda nossa solidariedade na luta.<\/p>\n<p>Cidade de M\u00e9xico, 06 de Agosto de 2018.<\/p>\n<p>Partido Comunista Brasileiro<\/p>\n<p>Partido Comunista Peruano<\/p>\n<p>Partido Comunista Paraguaio<\/p>\n<p>Partido Comunista da Gr\u00e9cia<\/p>\n<p>Partido Comunista dos Povos de Espanha<\/p>\n<p>Partido Comunista de El Salvador<\/p>\n<p>Partido dos Comunistas dos EUA<\/p>\n<p>Partido Comunista da Venezuela<\/p>\n<p>Partido Comunista do M\u00e9xico<\/p>\n<p>For\u00e7a Alternativa Revolucion\u00e1ria do Comum-Col\u00f4mbia<\/p>\n<p>Partido Popular Socialista do M\u00e9xico<\/p>\n<p>Frente Democr\u00e1tica Popular<\/p>\n<p>Frente Amplia de Luta Popular-Dire\u00e7\u00e3o Coletiva<\/p>\n<p>Resist\u00eancia IMSS<\/p>\n<p>DECLARACI\u00d3N<\/p>\n<p><strong>Condenamos atentado terrorista contra Presidente Maduro, expresamos solidaridad a Venezuela<\/strong><\/p>\n<p>Los Partidos Comunistas y Obreros y las organizaciones populares, presentes en el VI Congreso del Partido Comunista de M\u00e9xico condenamos el atentado terrorista contra el Presidente de la Rep\u00fablica Bolivariana de Venezuela, el Compatriota Nicol\u00e1s Maduro Moros, durante al acto de celebraci\u00f3n del 81 Aniversario de la Guardia Nacional Bolivariana.<\/p>\n<p>Repudiamos contundentemente esta nueva agresi\u00f3n planificada desde los c\u00edrculos imperialistas de Washington y la oligarqu\u00eda colombiana contra la soberan\u00eda Venezuela y contra el derecho del pueblo venezolano de dirigir sus propios destinos.<\/p>\n<p>Le\u00a0 expresamos al Partido Comunista de Venezuela toda nuestra solidaridad en la lucha.<\/p>\n<p>Ciudad de M\u00e9xico, 06 de Agosto de 2018<\/p>\n<p>Partido Comunista Brasile\u00f1o<\/p>\n<p>Partido Comunista Peruano<\/p>\n<p>Partido Comunista Paraguayo<\/p>\n<p>Partido Comunista de Grecia<\/p>\n<p>Partido Comunista de los Pueblos de Espa\u00f1a<\/p>\n<p>Partido Comunista del Salvador<\/p>\n<p>Partido de los Comunistas de EEUU<\/p>\n<p>Partido Comunista de Venezuela<\/p>\n<p>Partido Comunista de M\u00e9xico<\/p>\n<p>Fuerza Alternativa Revolucionaria del Com\u00fan-Colombia<\/p>\n<p>Partido Popular Socialista de M\u00e9xico<\/p>\n<p>Frente Democr\u00e1tico Popular<\/p>\n<p>Frente Amplio de Lucha Popular-Direcci\u00f3n Colectiva<\/p>\n<p>Resistencia IMSS<\/p>\n","protected":false},"excerpt":{"rendered":"<a class=\"moretag\" href=\"https:\/\/pcb.org.br\/portal2\/20467\"> <\/a>","protected":false},"author":1,"featured_media":0,"comment_status":"closed","ping_status":"closed","sticky":false,"template":"","format":"standard","meta":{"jetpack_post_was_ever_published":false,"_jetpack_newsletter_access":"","_jetpack_dont_email_post_to_subs":false,"_jetpack_newsletter_tier_id":0,"_jetpack_memberships_contains_paywalled_content":false,"_jetpack_memberships_contains_paid_content":false,"footnotes":"","jetpack_publicize_message":"","jetpack_publicize_feature_enabled":true,"jetpack_social_post_already_shared":true,"jetpack_social_options":{"image_generator_settings":{"template":"highway","default_image_id":0,"font":"","enabled":false},"version":2}},"categories":[37],"tags":[234],"class_list":["post-20467","post","type-post","status-publish","format-standard","hentry","category-c42-comunistas","tag-6b"],"jetpack_publicize_connections":[],"jetpack_featured_media_url":"","jetpack_shortlink":"https:\/\/wp.me\/p659gw-5k7","jetpack-related-posts":[],"jetpack_likes_enabled":true,"jetpack_sharing_enabled":true,"_links":{"self":[{"href":"https:\/\/pcb.org.br\/portal2\/wp-json\/wp\/v2\/posts\/20467","targetHints":{"allow":["GET"]}}],"collection":[{"href":"https:\/\/pcb.org.br\/portal2\/wp-json\/wp\/v2\/posts"}],"about":[{"href":"https:\/\/pcb.org.br\/portal2\/wp-json\/wp\/v2\/types\/post"}],"author":[{"embeddable":true,"href":"https:\/\/pcb.org.br\/portal2\/wp-json\/wp\/v2\/users\/1"}],"replies":[{"embeddable":true,"href":"https:\/\/pcb.org.br\/portal2\/wp-json\/wp\/v2\/comments?post=20467"}],"version-history":[{"count":0,"href":"https:\/\/pcb.org.br\/portal2\/wp-json\/wp\/v2\/posts\/20467\/revisions"}],"wp:attachment":[{"href":"https:\/\/pcb.org.br\/portal2\/wp-json\/wp\/v2\/media?parent=20467"}],"wp:term":[{"taxonomy":"category","embeddable":true,"href":"https:\/\/pcb.org.br\/portal2\/wp-json\/wp\/v2\/categories?post=20467"},{"taxonomy":"post_tag","embeddable":true,"href":"https:\/\/pcb.org.br\/portal2\/wp-json\/wp\/v2\/tags?post=20467"}],"curies":[{"name":"wp","href":"https:\/\/api.w.org\/{rel}","templated":true}]}}