{"id":20469,"date":"2018-08-09T20:46:09","date_gmt":"2018-08-09T23:46:09","guid":{"rendered":"https:\/\/pcb.org.br\/portal2\/?p=20469"},"modified":"2018-08-09T20:46:09","modified_gmt":"2018-08-09T23:46:09","slug":"pc-da-belgica-se-retira-do-partido-da-esquerda-europeia","status":"publish","type":"post","link":"https:\/\/pcb.org.br\/portal2\/20469","title":{"rendered":"PC da B\u00e9lgica se retira do Partido da Esquerda Europeia"},"content":{"rendered":"<p><img decoding=\"async\" class=\"imagem\" title=\"imagem\" src=\"https:\/\/i0.wp.com\/lh3.googleusercontent.com\/x2V2eUytpzBs9sQGuJpmIZgE8UJhmHZKD-pMXU6RYGOkvj78JN-VYFA-H77PJgCNR6Kp3KlwTAJoZ4cNXMWHomPhcWK2ITSFtDcNp3Wm1V7HS8muJr60g_cVWH7LG7ZjosCOT92DUzgWr4OloWsOfE2NShFvRWRapxnLFSNyQp9n7VuGGZEpyddSG5N5q25d0ZthhOQhvJawXvM3sc48frraJ1KMWMcsTl5MpqcL_UKS2qSaj-DWaI4x2C61BQojEAv1XqhuJitq43tzzSGshns_6bkoNY5d6jG1QeawcjdQikRXKW7uPVqLP_IlizztP34ZoC5AlUWX0CyJvFMVyK9EV_8xQWVTHDupX-2J5dJMjbVcD3dKNTglWsAfD6pU0bLNg8t2wBfs4jdGwLaMmv2zsq9yjdFdT630ogKrXXykmFqu8VNPeb6K_EsHS4EYC1ERpVMGAK-jz7hF2X7I_AjqrCyDb2sNW8vhaPdf2jcU4iTjwyfFolWfBLzqVXmERZ-rGZhz9tMtbYycx6lC64Qm6x9PYhX7FcGvP1zS_aQYosz2C6ZbGThOlPhML3KLYrNeVtc4XUKzVDLl9j66C7APSexbJ1Zr_CUF_NY6REM6WAb3uBcCm9cnyHWNm2RmaTAVAWNIOcCxGozkff949iyCGOXy0Y6NSA=w540-h445-no\" alt=\"imagem\" \/><!--more-->O Partido Comunista da B\u00e9lgica decidiu, em seu \u00faltimo Congresso, realizado recentemente, se retirar do Partido da Esquerda Europeia &#8211; PEE &#8211; um partido-frente formado por organiza\u00e7\u00f5es de esquerda. A decis\u00e3o se deu por voto secreto e foi referendada por 83% dos delegados.<\/p>\n<p>Entre as principais raz\u00f5es apresentadas para a decis\u00e3o est\u00e3o a a hostilidade mostrada pelo PEE em rela\u00e7\u00e3o \u00e0s experi\u00eancias de constru\u00e7\u00e3o socialista no s\u00e9culo XX &#8211; o chamado &#8220;Socialismo Real&#8221;, que, para os belgas, proporcionou in\u00fameras conquistas \u00e0 classe trabalhadora dos pa\u00edses socialistas e era uma &#8220;rela\u00e7\u00e3o de poder que foi favor\u00e1vel aos trabalhadores como um todo&#8221;. Com o seu colapso, para os comunistas belgas, abriram-se as portas para a globaliza\u00e7\u00e3o capitalista.<\/p>\n<p><img decoding=\"async\" class=\"imagem\" title=\"imagem\" src=\"https:\/\/i0.wp.com\/lh3.googleusercontent.com\/ZSXjlbakTxvMUvHy876Rz04Ddgy_a4nE4ySEGoVV-ooK4Kb5DcvDrCrBdtU3NX1P14uD34Ugogv6BQwbMi_7IXFMhAwbbfz0tuLTI0AVrr6V3QqeyE5ANldSkJu0n0a-344KgRiMdXnnFDIT-B0kni4-Nuk9Zl0zeQqwuOvpVAldXAajPu4MKzHDBsacQDjSK7td4h8NLwILJnAMeDzU4i0bvI4jGwCqm10zRwwwd8lO6tv4J3xB4QSXwL5PWEJNs6ud6I5ud0QAED1_MVDndzDLRoGKfEELQBR1icDd7g_uqZzPZ9p3IdQn9pQ3y1qzFMcdJrDPXDrjWV78iroXWwgQgFs1bWTbegk9C_U_gCEy2ZIkczofR70QjYjo27jer-DRwYArwPliFh9FGaqna9u7wBXW4AZruUfz6z-evPFseQ9ROTArhEP63yJq-nhnBHaQ4PNiGKnv_TckwAL6UHJEiNyiKR8ZYCL7J79XvKy_pFW7chDs_7FL1qR-X4JFNa7t6CUrsxR31dRtWPojFqBw0nixJhaPdk2Kh734oGIz_I_06yC4b6lsd66wXOEumRrM2_ZdtCq9aHyvHgQPTV46Kf_L0CKzq3S4u4AA-8AmVk03nL839UbJWcHJbv3R39QB31Kjm5CiauCxtI-pjhZAQD8o-HDgVg=w391-h295-no\" alt=\"imagem\" \/>O PEE foi caracterizado pelos comunistas belgas como &#8220;um clube de discuss\u00e3o, elitista e tecnocr\u00e1tico&#8221;, que n\u00e3o considerou a sua reivindica\u00e7\u00e3o de caracterizar a situa\u00e7\u00e3o na Ucr\u00e2nia como um verdadeiro golpe de estado fascista e tampouco concordou com a proposi\u00e7\u00e3o de sa\u00edda da OTAN e de sua dissolu\u00e7\u00e3o. Por fim, a recente visita de um representante do Partido da Esquerda Europeia\u00a0 a um dos assentamentos israelenses perto da Faixa de Gaza, onde ele plantou \u00e1rvores como parte da coopera\u00e7\u00e3o com a organiza\u00e7\u00e3o sionista &#8220;Keren Kayemet&#8221; (Fundo Nacional Judaico), conhecida por sua grande responsabilidade na pol\u00edtica de limpeza \u00e9tnica contra os palestinos, foi outro fato decisivo para a sa\u00edda dos comunistas belgas do PEE.<\/p>\n","protected":false},"excerpt":{"rendered":"<a class=\"moretag\" href=\"https:\/\/pcb.org.br\/portal2\/20469\"> <\/a>","protected":false},"author":1,"featured_media":0,"comment_status":"closed","ping_status":"closed","sticky":false,"template":"","format":"standard","meta":{"jetpack_post_was_ever_published":false,"_jetpack_newsletter_access":"","_jetpack_dont_email_post_to_subs":false,"_jetpack_newsletter_tier_id":0,"_jetpack_memberships_contains_paywalled_content":false,"_jetpack_memberships_contains_paid_content":false,"footnotes":"","jetpack_publicize_message":"","jetpack_publicize_feature_enabled":true,"jetpack_social_post_already_shared":true,"jetpack_social_options":{"image_generator_settings":{"template":"highway","default_image_id":0,"font":"","enabled":false},"version":2}},"categories":[266,100],"tags":[233],"class_list":["post-20469","post","type-post","status-publish","format-standard","hentry","category-belgica","category-c113-a-semana-no-olhar-comunista","tag-6a"],"jetpack_publicize_connections":[],"jetpack_featured_media_url":"","jetpack_shortlink":"https:\/\/wp.me\/p659gw-5k9","jetpack-related-posts":[],"jetpack_likes_enabled":true,"jetpack_sharing_enabled":true,"_links":{"self":[{"href":"https:\/\/pcb.org.br\/portal2\/wp-json\/wp\/v2\/posts\/20469","targetHints":{"allow":["GET"]}}],"collection":[{"href":"https:\/\/pcb.org.br\/portal2\/wp-json\/wp\/v2\/posts"}],"about":[{"href":"https:\/\/pcb.org.br\/portal2\/wp-json\/wp\/v2\/types\/post"}],"author":[{"embeddable":true,"href":"https:\/\/pcb.org.br\/portal2\/wp-json\/wp\/v2\/users\/1"}],"replies":[{"embeddable":true,"href":"https:\/\/pcb.org.br\/portal2\/wp-json\/wp\/v2\/comments?post=20469"}],"version-history":[{"count":0,"href":"https:\/\/pcb.org.br\/portal2\/wp-json\/wp\/v2\/posts\/20469\/revisions"}],"wp:attachment":[{"href":"https:\/\/pcb.org.br\/portal2\/wp-json\/wp\/v2\/media?parent=20469"}],"wp:term":[{"taxonomy":"category","embeddable":true,"href":"https:\/\/pcb.org.br\/portal2\/wp-json\/wp\/v2\/categories?post=20469"},{"taxonomy":"post_tag","embeddable":true,"href":"https:\/\/pcb.org.br\/portal2\/wp-json\/wp\/v2\/tags?post=20469"}],"curies":[{"name":"wp","href":"https:\/\/api.w.org\/{rel}","templated":true}]}}