{"id":20499,"date":"2018-08-13T17:18:12","date_gmt":"2018-08-13T20:18:12","guid":{"rendered":"https:\/\/pcb.org.br\/portal2\/?p=20499"},"modified":"2018-08-13T17:18:12","modified_gmt":"2018-08-13T20:18:12","slug":"brasil-bate-recorde-anual-de-mortes-violentas","status":"publish","type":"post","link":"https:\/\/pcb.org.br\/portal2\/20499","title":{"rendered":"Brasil bate recorde anual de mortes violentas"},"content":{"rendered":"<p><img decoding=\"async\" class=\"imagem\" title=\"imagem\" src=\"https:\/\/i0.wp.com\/www.prensalatina.com.br\/images\/2018\/agosto\/09\/muertes-violentas.jpg\" alt=\"imagem\" \/><!--more--><a href=\"http:\/\/www.prensalatina.com.br\/index.php?o=rn&amp;id=18473&amp;SEO=brasil-bate-recorde-anual-de-mortes-violentas-quase-64-mil-em-2017\" target=\"_blank\" rel=\"noopener\">Prensa Latina<\/a><\/p>\n<p>O Brasil bateu seu pr\u00f3prio recorde hist\u00f3rico de mortes violentas ao registrar quase 64 mil em 2017, 2,9 por cento a mais que no ano anterior, revelou relat\u00f3rio do F\u00f3rum Brasileiro de Seguran\u00e7a P\u00fablica.<\/p>\n<p>Ao todo foram 63 mil e 880 assassinatos intencionais, uma m\u00e9dia de 175 por dia e uma taxa de 30,8 para cada 100 mil habitantes, detalhou a organiza\u00e7\u00e3o sem fins lucrativos cujo prop\u00f3sito \u00e9 atuar como um espa\u00e7o permanente e inovador de debate, articula\u00e7\u00e3o e coopera\u00e7\u00e3o t\u00e9cnica para a seguran\u00e7a p\u00fablica no pa\u00eds.<\/p>\n<p>Segundo a fonte, o n\u00famero de homic\u00eddios dolosos chegou a 55 mil e 900 (2,1 por cento a mais do que em 2016) e o de les\u00f5es corporais seguidas de morte foi de 955, 12,3 por cento de crescimento interanual. Enquanto, os latrocinios (dois mil 460) acusaram um decr\u00e9scimo do 8,2 por cento.<\/p>\n<p>Significativamente aumentou o n\u00famero de mortos como consequ\u00eancia das interven\u00e7\u00f5es policiais, que se elevou at\u00e9 cinco mil e 144 (14 por dia), 20 por cento a mais do que em 2016. Pelo contr\u00e1rio, a cifra de pol\u00edciais falecidos caiu 4,9 pontos percentuais, situando-se em 367.<\/p>\n<p>Os estupros tamb\u00e9m se elevaram em mais de oito por cento at\u00e9 se situar em 60 mil e 18 casos informados, entretanto quatro mil e 539 mulheres foram v\u00edtimas de homic\u00eddio, 6,1 por cento acima do ano anterior, e delas mil e 133 por causa de feminicidios.<\/p>\n<p>Foi denunciado, tamb\u00e9m, o desaparecimento de 82 mil e 684 pessoas em 2017.<\/p>\n<p>De acordo com o F\u00f3rum Brasileiro de Seguran\u00e7a P\u00fablica, em 2016 o n\u00famero de presos no Brasil era de 729 mil e 463, o dobro da capacidade das quais disp\u00f5e o sistema penitenci\u00e1rio nacional e que \u00e9 de 367 mil e 217.<\/p>\n<p>rgh\/mpm\/jcfl\/gdc<\/p>\n<p>http:\/\/www.prensalatina.com.br\/index.php?o=rn&#038;id=18473&#038;SEO=brasil-bate-recorde-anual-de-mortes-violentas-quase-64-mil-em-2017<\/p>\n","protected":false},"excerpt":{"rendered":"<a class=\"moretag\" href=\"https:\/\/pcb.org.br\/portal2\/20499\"> <\/a>","protected":false},"author":1,"featured_media":0,"comment_status":"closed","ping_status":"closed","sticky":false,"template":"","format":"standard","meta":{"jetpack_post_was_ever_published":false,"_jetpack_newsletter_access":"","_jetpack_dont_email_post_to_subs":false,"_jetpack_newsletter_tier_id":0,"_jetpack_memberships_contains_paywalled_content":false,"_jetpack_memberships_contains_paid_content":false,"footnotes":"","jetpack_publicize_message":"","jetpack_publicize_feature_enabled":true,"jetpack_social_post_already_shared":true,"jetpack_social_options":{"image_generator_settings":{"template":"highway","default_image_id":0,"font":"","enabled":false},"version":2}},"categories":[244],"tags":[228],"class_list":["post-20499","post","type-post","status-publish","format-standard","hentry","category-violencia","tag-5b"],"jetpack_publicize_connections":[],"jetpack_featured_media_url":"","jetpack_shortlink":"https:\/\/wp.me\/p659gw-5kD","jetpack-related-posts":[],"jetpack_likes_enabled":true,"jetpack_sharing_enabled":true,"_links":{"self":[{"href":"https:\/\/pcb.org.br\/portal2\/wp-json\/wp\/v2\/posts\/20499","targetHints":{"allow":["GET"]}}],"collection":[{"href":"https:\/\/pcb.org.br\/portal2\/wp-json\/wp\/v2\/posts"}],"about":[{"href":"https:\/\/pcb.org.br\/portal2\/wp-json\/wp\/v2\/types\/post"}],"author":[{"embeddable":true,"href":"https:\/\/pcb.org.br\/portal2\/wp-json\/wp\/v2\/users\/1"}],"replies":[{"embeddable":true,"href":"https:\/\/pcb.org.br\/portal2\/wp-json\/wp\/v2\/comments?post=20499"}],"version-history":[{"count":0,"href":"https:\/\/pcb.org.br\/portal2\/wp-json\/wp\/v2\/posts\/20499\/revisions"}],"wp:attachment":[{"href":"https:\/\/pcb.org.br\/portal2\/wp-json\/wp\/v2\/media?parent=20499"}],"wp:term":[{"taxonomy":"category","embeddable":true,"href":"https:\/\/pcb.org.br\/portal2\/wp-json\/wp\/v2\/categories?post=20499"},{"taxonomy":"post_tag","embeddable":true,"href":"https:\/\/pcb.org.br\/portal2\/wp-json\/wp\/v2\/tags?post=20499"}],"curies":[{"name":"wp","href":"https:\/\/api.w.org\/{rel}","templated":true}]}}