{"id":2052,"date":"2011-11-10T09:48:29","date_gmt":"2011-11-10T09:48:29","guid":{"rendered":"http:\/\/pcb.org.br\/portal2\/?p=2052"},"modified":"2011-11-10T09:48:29","modified_gmt":"2011-11-10T09:48:29","slug":"comandante-alfonso-cano-viveras-sempre","status":"publish","type":"post","link":"https:\/\/pcb.org.br\/portal2\/2052","title":{"rendered":"COMANDANTE ALFONSO CANO \u2013 VIVER\u00c1S SEMPRE!"},"content":{"rendered":"\n<p>Os inimigos do povo, os oligarcas, a burguesia que tem por norma a ambi\u00e7\u00e3o, seguem pensando que os povos se somam \u00e0 luta de algumas pessoas. Creem, em sua mente assassina, que acabando com os dirigentes e personalidades destacadas de uma for\u00e7a revolucion\u00e1ria, acabar\u00e3o com a luta que eles levam a cabo. Parecem desconhecer o fato contundente de que s\u00e3o essas pessoas, esses indiv\u00edduos not\u00e1veis, que se somam \u00e0 luta dos povos, e que os povos n\u00e3o podem ser derrotados quando assumem com valor e convic\u00e7\u00e3o revolucion\u00e1ria seu papel libertador na hist\u00f3ria.<\/p>\n<p>Alfonso Cano foi, sem d\u00favida, um revolucion\u00e1rio exemplar, dedicado desde jovem a lutar pela revolu\u00e7\u00e3o socialista na Col\u00f4mbia, sua causa, seu exemplo, sua brilhante capacidade foi produto da aprendizagem do povo colombiano em sua luta para derrotar a oligarquia que pisoteava os trabalhadores, que assassinava os trabalhadores rurais, que perseguia os estudantes; a aprendizagem de um povo cansado de ser enviado \u00e0 guerra por causas estranhas aos seus interesses, para defender as causas dos exploradores que, em sua rivalidade utilizavam milhares de pequenos agricultores e trabalhadores colombianos como bucha de canh\u00e3o; a aprendizagem de um povo que n\u00e3o inventou a guerra, mas que nasceu em meio a ela e que simplesmente decidiu afront\u00e1-la com sua pr\u00f3pria for\u00e7a, com sua pr\u00f3pria causa, desta vez pela Revolu\u00e7\u00e3o, a P\u00e1tria Grande e o Socialismo.<\/p>\n<p>O comandante Alfonso Cano n\u00e3o inventou as FARC, n\u00e3o inventou a guerra, n\u00e3o inventou a luta revolucion\u00e1ria; o comandante Cano se somou a ela, se formou na organiza\u00e7\u00e3o. Sua capacidade individual n\u00e3o pode se explicar sem as causas que a provocam nem sem a experi\u00eancia e a aprendizagem do Ex\u00e9rcito do Povo her\u00f3ico que leva anos combatendo com singular valor e aud\u00e1cia um ex\u00e9rcito assassino apoiado por paramilitares e pelos grandes terroristas do mundo, o ex\u00e9rcito ianque.<\/p>\n<p>O governo genocida da Col\u00f4mbia, cego pela ira e pela ambi\u00e7\u00e3o burguesa, tem sido incapaz de derrotar as FARC. Sistematicamente, por d\u00e9cadas, tem assassinado lutadores sociais, sindicalistas, trabalhadores rurais, estudantes, atacando covardemente os guerrilheiros e suas bases de apoio; em lugar de combater as causas que tornam poss\u00edvel a guerra, segue alimentando dia a dia as causas que levam milhares de explorados na Col\u00f4mbia a pegar em armas para lutar por sua liberta\u00e7\u00e3o.<\/p>\n<p>Nos os \u00faltimos anos, sua estrat\u00e9gia militar se focou na ilus\u00e3o de que se acertam golpes nos comandantes das FARC, os derrotam, e deste modo tem executado planos militares milion\u00e1rios, lan\u00e7ando indiscriminadamente bombardeios sobre algumas zonas de opera\u00e7\u00e3o dos guerrilheiros, buscando executar seus dirigentes. N\u00e3o podemos negar que tiveram \u00eaxito em alguns casos. O que n\u00e3o podem e n\u00e3o poder\u00e3o lograr \u00e9 dobrar a f\u00e9rrea vontade de luta dos guerrilheiros, n\u00e3o podem e n\u00e3o poder\u00e3o derrot\u00e1-los porque a causa revolucion\u00e1ria \u00e9 invenc\u00edvel.<\/p>\n<p>Estes golpes, cuja efetividade militar \u00e9 limitada, est\u00e3o orientados por seu efeito propagand\u00edstico; se prop\u00f5e atrav\u00e9s deles convencer o povo colombiano de sua derrota, convencer os revolucion\u00e1rios do mundo de que \u00e9 in\u00fatil combater as for\u00e7as armadas do imperialismo. O que n\u00e3o dizem \u00e9 que os combatentes farianos seguem em p\u00e9 na luta, acertando golpes cotidianos no plano pol\u00edtico e militar ao ex\u00e9rcito colombiano, \u00e0 pol\u00edcia nacional, aos agentes estadunidenses, \u00e0 oligarquia.<\/p>\n<p>Parecem ignorar que, enquanto assassinam covardemente alguns dos brilhantes dirigentes das fileiras das FARC, se formam milhares de sucessores, que o povo organizado tem a capacidade de formar novos quadros, novos dirigentes que n\u00e3o somente podem igualar os abatidos, sen\u00e3o que em cada um deles vivem os ca\u00eddos, vivem sua experi\u00eancia, sua coragem, seu valor, sua vontade inquebrant\u00e1vel; nas fileiras dos combatentes farianos surgem n\u00e3o s\u00f3 de forma individual, mas sobretudo coletiva, que ocupar\u00e3o o lugar de Marulanda, de Jacobo Arenas, de Efra\u00edn Guzm\u00e1n, Ra\u00fal Reyes, Iv\u00e1n R\u00edos, Jorge Brice\u00f1o (Mono Jojoy) e Alfonso Cano.<\/p>\n<p>Os homens s\u00e3o mortais, a morte h\u00e1 de chegar em algum momento, por causas naturais ou por causas sociais; cair combatendo \u00e9 um risco que cada guerrilheiro corre com convic\u00e7\u00e3o e entrega, por\u00e9m a luta revolucion\u00e1ria \u00e9 imortal, a burguesia tem feito de tudo e n\u00e3o conseguiu nem conseguir\u00e1 mat\u00e1-la; por hora, poder\u00e3o festejar, mas seus dias no poder acabar\u00e3o, a explora\u00e7\u00e3o morrer\u00e1 com certeza e os her\u00f3icos combatentes sempre ter\u00e3o na hist\u00f3ria um lugar por seu aporte \u00e0 causa mais nobre da humanidade: o comunismo.<\/p>\n<p>Hasta Siempre Comandante Alfonso Cano!<\/p>\n<p>Hasta siempre combatentes ca\u00eddos na luta revolucion\u00e1ria!<\/p>\n<p>Pela p\u00e1tria grande e o socialismo\u2026 Toda solidariedade \u00e0s For\u00e7as Armadas Revolucion\u00e1rias da Col\u00f4mbia &#8211; Ex\u00e9rcito do povo!<\/p>\n<p>PARTIDO COMUNISTA DO M\u00c9XICO<\/p>\n","protected":false},"excerpt":{"rendered":"\n\n\nCr\u00e9dito: PCM\n\n\n\n\n\n\n\n\nNota pol\u00edtica do PCM \u2013 Partido Comunista do M\u00e9xico\n<a class=\"moretag\" href=\"https:\/\/pcb.org.br\/portal2\/2052\"> <\/a>","protected":false},"author":1,"featured_media":0,"comment_status":"open","ping_status":"open","sticky":false,"template":"","format":"standard","meta":{"jetpack_post_was_ever_published":false,"_jetpack_newsletter_access":"","_jetpack_dont_email_post_to_subs":false,"_jetpack_newsletter_tier_id":0,"_jetpack_memberships_contains_paywalled_content":false,"_jetpack_memberships_contains_paid_content":false,"footnotes":"","jetpack_publicize_message":"","jetpack_publicize_feature_enabled":true,"jetpack_social_post_already_shared":false,"jetpack_social_options":{"image_generator_settings":{"template":"highway","default_image_id":0,"font":"","enabled":false},"version":2}},"categories":[34],"tags":[],"class_list":["post-2052","post","type-post","status-publish","format-standard","hentry","category-c39-colombia"],"jetpack_publicize_connections":[],"jetpack_featured_media_url":"","jetpack_shortlink":"https:\/\/wp.me\/p659gw-x6","jetpack-related-posts":[],"jetpack_likes_enabled":true,"jetpack_sharing_enabled":true,"_links":{"self":[{"href":"https:\/\/pcb.org.br\/portal2\/wp-json\/wp\/v2\/posts\/2052","targetHints":{"allow":["GET"]}}],"collection":[{"href":"https:\/\/pcb.org.br\/portal2\/wp-json\/wp\/v2\/posts"}],"about":[{"href":"https:\/\/pcb.org.br\/portal2\/wp-json\/wp\/v2\/types\/post"}],"author":[{"embeddable":true,"href":"https:\/\/pcb.org.br\/portal2\/wp-json\/wp\/v2\/users\/1"}],"replies":[{"embeddable":true,"href":"https:\/\/pcb.org.br\/portal2\/wp-json\/wp\/v2\/comments?post=2052"}],"version-history":[{"count":0,"href":"https:\/\/pcb.org.br\/portal2\/wp-json\/wp\/v2\/posts\/2052\/revisions"}],"wp:attachment":[{"href":"https:\/\/pcb.org.br\/portal2\/wp-json\/wp\/v2\/media?parent=2052"}],"wp:term":[{"taxonomy":"category","embeddable":true,"href":"https:\/\/pcb.org.br\/portal2\/wp-json\/wp\/v2\/categories?post=2052"},{"taxonomy":"post_tag","embeddable":true,"href":"https:\/\/pcb.org.br\/portal2\/wp-json\/wp\/v2\/tags?post=2052"}],"curies":[{"name":"wp","href":"https:\/\/api.w.org\/{rel}","templated":true}]}}