{"id":2053,"date":"2011-11-10T09:57:06","date_gmt":"2011-11-10T09:57:06","guid":{"rendered":"http:\/\/pcb.org.br\/portal2\/?p=2053"},"modified":"2011-11-10T09:57:06","modified_gmt":"2011-11-10T09:57:06","slug":"ujc-repudia-invasao-da-usp","status":"publish","type":"post","link":"https:\/\/pcb.org.br\/portal2\/2053","title":{"rendered":"UJC REPUDIA INVAS\u00c3O DA USP!"},"content":{"rendered":"\n<p>A Coordena\u00e7\u00e3o nacional da UJC vem a p\u00fablico repudiar veementemente a invas\u00e3o do campus da USP pelas tropas da pol\u00edcia militar, por solicita\u00e7\u00e3o do reitor dessa institui\u00e7\u00e3o.<\/p>\n<p>Tal opera\u00e7\u00e3o se transformou em um grande espet\u00e1culo midi\u00e1tico, chegando ao c\u00famulo de mobilizar mais de 400 policiais, 50 viaturas, helic\u00f3pteros e tropa de choque contra alguns estudantes desarmados que estavam ocupando a reitoria, culminando na pris\u00e3o de dezenas deles.<\/p>\n<p>Este ato lament\u00e1vel de trucul\u00eancia \u00e9 uma mensagem muita clara para todos os estudantes, professores e trabalhadores da universidade: a criminaliza\u00e7\u00e3o de qualquer movimento social. Esta criminaliza\u00e7\u00e3o na USP fica ainda mais n\u00edtida com a pol\u00edtica capitaneada pela reitoria e o governo do Estado de S\u00e3o Paulo com rela\u00e7\u00e3o \u00e0 onda de militariza\u00e7\u00e3o atrav\u00e9s das a\u00e7\u00f5es da PM na Universidade. Criminaliza\u00e7\u00e3o de movimentos em defesa da universidade p\u00fablica que \u00e9 tamb\u00e9m express\u00e3o do processo de privatiza\u00e7\u00f5es que assola a pr\u00f3pria l\u00f3gica interna da universidade p\u00fablica brasileira<\/p>\n<p>A Uni\u00e3o da Juventude Comunista conclama entidades e personalidades democr\u00e1ticas, progressistas e de esquerda a se somar \u00e0 luta pela n\u00e3o puni\u00e7\u00e3o, penal e administrativa, dos estudantes que foram presos, pela autonomia universit\u00e1ria, pela retirada das tropas das pol\u00edcias militares desta e de todas as universidades brasileiras, com abertura de concurso p\u00fablico para guardas desarmados com fun\u00e7\u00e3o definida pela comunidade universit\u00e1ria e pela imediata destitui\u00e7\u00e3o do reitor da USP.<\/p>\n<p>Coordena\u00e7\u00e3o Nacional da UJC<\/p>\n","protected":false},"excerpt":{"rendered":"\n\n\nCr\u00e9dito: UJC\n\n\n\n\n\n\n\n\nUNI\u00c3O DA JUVENTUDE COMUNISTA\n<a class=\"moretag\" href=\"https:\/\/pcb.org.br\/portal2\/2053\"> <\/a>","protected":false},"author":1,"featured_media":0,"comment_status":"open","ping_status":"open","sticky":false,"template":"","format":"standard","meta":{"jetpack_post_was_ever_published":false,"_jetpack_newsletter_access":"","_jetpack_dont_email_post_to_subs":false,"_jetpack_newsletter_tier_id":0,"_jetpack_memberships_contains_paywalled_content":false,"_jetpack_memberships_contains_paid_content":false,"footnotes":"","jetpack_publicize_message":"","jetpack_publicize_feature_enabled":true,"jetpack_social_post_already_shared":false,"jetpack_social_options":{"image_generator_settings":{"template":"highway","default_image_id":0,"font":"","enabled":false},"version":2}},"categories":[27],"tags":[],"class_list":["post-2053","post","type-post","status-publish","format-standard","hentry","category-c27-ujc"],"jetpack_publicize_connections":[],"jetpack_featured_media_url":"","jetpack_shortlink":"https:\/\/wp.me\/p659gw-x7","jetpack-related-posts":[],"jetpack_likes_enabled":true,"jetpack_sharing_enabled":true,"_links":{"self":[{"href":"https:\/\/pcb.org.br\/portal2\/wp-json\/wp\/v2\/posts\/2053","targetHints":{"allow":["GET"]}}],"collection":[{"href":"https:\/\/pcb.org.br\/portal2\/wp-json\/wp\/v2\/posts"}],"about":[{"href":"https:\/\/pcb.org.br\/portal2\/wp-json\/wp\/v2\/types\/post"}],"author":[{"embeddable":true,"href":"https:\/\/pcb.org.br\/portal2\/wp-json\/wp\/v2\/users\/1"}],"replies":[{"embeddable":true,"href":"https:\/\/pcb.org.br\/portal2\/wp-json\/wp\/v2\/comments?post=2053"}],"version-history":[{"count":0,"href":"https:\/\/pcb.org.br\/portal2\/wp-json\/wp\/v2\/posts\/2053\/revisions"}],"wp:attachment":[{"href":"https:\/\/pcb.org.br\/portal2\/wp-json\/wp\/v2\/media?parent=2053"}],"wp:term":[{"taxonomy":"category","embeddable":true,"href":"https:\/\/pcb.org.br\/portal2\/wp-json\/wp\/v2\/categories?post=2053"},{"taxonomy":"post_tag","embeddable":true,"href":"https:\/\/pcb.org.br\/portal2\/wp-json\/wp\/v2\/tags?post=2053"}],"curies":[{"name":"wp","href":"https:\/\/api.w.org\/{rel}","templated":true}]}}