{"id":20573,"date":"2018-08-20T19:32:26","date_gmt":"2018-08-20T22:32:26","guid":{"rendered":"https:\/\/pcb.org.br\/portal2\/?p=20573"},"modified":"2018-08-20T19:32:26","modified_gmt":"2018-08-20T22:32:26","slug":"colombia-eln-pela-vida-e-pela-paz","status":"publish","type":"post","link":"https:\/\/pcb.org.br\/portal2\/20573","title":{"rendered":"Col\u00f4mbia. ELN: Pela vida e pela Paz"},"content":{"rendered":"<p><img decoding=\"async\" class=\"imagem\" title=\"imagem\" src=\"https:\/\/i0.wp.com\/www.resumenlatinoamericano.org\/wp-content\/uploads\/2018\/08\/14-de-agosto-eln-620x400.jpg\" alt=\"imagem\" \/><!--more-->Resumen Latinoamericano \/ 14 de agosto de 2018 \/\u00a0Isaura Ochoa<\/p>\n<p>Os v\u00ednculos do presidente Duque com Uribe V\u00e9lez geram preocupa\u00e7\u00e3o pelos antecedentes, como os encarceramentos, os chamados falsos positivos judiciais e mais de 400 l\u00edderes assassinados desde 2016.<\/p>\n<p>O novo Governo sentiu a festa da resist\u00eancia, em um evento hist\u00f3rico, pois \u00e9 a primeira vez que um presidente toma posse com o povo na rua fazendo-lhe um chamado de aten\u00e7\u00e3o.<\/p>\n<p>&#8220;Pela vida e pela paz&#8221;, a sociedade colombiana realizou em 7 de agosto 113 concentra\u00e7\u00f5es em 82 cidades da Col\u00f4mbia; al\u00e9m de 60 plant\u00f5es na Europa e na Am\u00e9rica.<\/p>\n<p>Em Medell\u00edn, a marcha imensa se iniciou no Teatro Pablo Tob\u00f3n Uribe, no chamado &#8220;basti\u00e3o uribista&#8221;, com milhares de antioquenhos gritando em plena luz do dia: &#8220;Antioquia n\u00e3o \u00e9 Uribe&#8221;.<\/p>\n<p>Em Bucaramanga, professores, estudantes, trabalhadores, fam\u00edlias e coletivos de mulheres se declararam em desobedi\u00eancia civil diante do novo Governo. O ponto de encontro foi a Universidade Industrial de Santander (UIS) e o percurso da mobiliza\u00e7\u00e3o terminou no Parque San P\u00edo, onde um palanque esperava os marchantes e seu &#8220;carnaval de resist\u00eancia&#8221;, como eles pr\u00f3prios chamaram, com atos culturais e discursos que dinamizaram o encontro.<\/p>\n<p>Em Barrancabermeja, trabalhadores e trabalhadoras da Uni\u00f3n Sindical Obrera (USO), representantes de organiza\u00e7\u00f5es do Magdalena Medio e jovens participaram da manifesta\u00e7\u00e3o na qual exigiram garantias para a oposi\u00e7\u00e3o e defesa da vida das lideran\u00e7as e dos l\u00edderes sociais.<\/p>\n<p>Ap\u00f3s percorrer as principais ruas de Cali, muitos calenhos e calenhas realizaram uma\u00a0<em>\u201cCulat\u00f3n\u201d<\/em>\u00a0para expressar que \u201co governo de Duque n\u00e3o nos representa\u201d; do mesmo modo, v\u00e1rios povos ind\u00edgenas chegaram \u00e0 cidade para repudiar a repress\u00e3o contra as comunidades e seus l\u00edderes. Tamb\u00e9m em Popay\u00e1n os povos do sudoeste colombiano levantaram sua voz de resist\u00eancia contra as pol\u00edticas belicistas da bancada uribista.<\/p>\n<p>Em C\u00facuta, os povos se mobilizaram pelas ruas da cidade exigindo respeito a seus direitos e liberdades, denunciando a persegui\u00e7\u00e3o e assassinato de l\u00edderes sociais, al\u00e9m de repudiar o massacre perpetuado por encapuzados em plena luz do dia em 30 de julho passado, em El Tarra, um dos munic\u00edpios mais militarizados da regi\u00e3o.<\/p>\n<p>Em Casanare, no marco da mobiliza\u00e7\u00e3o nacional pela vida e pela paz, camponeses e ind\u00edgenas, representados por v\u00e1rias organiza\u00e7\u00f5es sociais e defensores de direitos humanos, se pronunciaram em um ato p\u00fablico onde repudiaram o estigmatiza\u00e7\u00e3o e criminaliza\u00e7\u00e3o de lideran\u00e7as sociais. Al\u00e9m disso, expuseram estar mais firmes que nunca pela defesa de seus territ\u00f3rios, visibilizando as problem\u00e1ticas das pol\u00edticas extrativistas mineral-energ\u00e9ticas.<\/p>\n<p>Em Barranquilla, diversas organiza\u00e7\u00f5es sociais e culturais participaram do \u2018Carnaval pela Vida e pela Paz\u2019, que ocorreu no parque do Cemit\u00e9rio Universal. E muito pr\u00f3ximo, em Cartagena, no hist\u00f3rico Camell\u00f3n de Los M\u00e1rtires, se fizeram p\u00fablicos os clamores pelo fim dos assassinatos sistem\u00e1ticos contra os l\u00edderes sociais, o respeito \u00e0 vida de toda a comunidade e pela defesa da democracia e os Acordos de Paz amea\u00e7ados pelos seguidores de Uribe V\u00e9lez.<\/p>\n<p>Em Bogot\u00e1, milhares de manifestantes sa\u00edram do Parkway, da Universidade Nacional e do Sena da estrada 30 para a Pra\u00e7a de La Hoja, expressando seu desacordo com o regresso de Uribe \u00e0 presid\u00eancia; al\u00e9m disso, denunciaram o modelo pol\u00edtico e econ\u00f4mico que representa o gabinete de Duque, a persegui\u00e7\u00e3o judicial e o assassinato de l\u00edderes e lideran\u00e7as sociais que vem se apresentando a n\u00edvel nacional.<\/p>\n<p>Em n\u00edvel internacional, em Buenos Aires, Argentina e no Rio de Janeiro, no Brasil, assim como em 60 cidades, grupos de pessoas realizaram vig\u00edlias para exigir das autoridades colombianas garantias que permitam proteger a vida.<\/p>\n<p>Assim, Paris e Lion, na Fran\u00e7a, Berlim, na Alemanha, Genebra e Berna na Su\u00ed\u00e7a, Valencia, na Espanha, e Bruxelas, na B\u00e9lgica, foram alguns lugares onde se realizaram protestos contra o novo governo da Col\u00f4mbia.<\/p>\n<p>Fonte:\u00a0http:\/\/www.resumenlatinoamericano.org\/2018\/08\/14\/colombia-eln-por-la-vida-y-por-la-paz\/<\/p>\n<p>Tradu\u00e7\u00e3o: Partido Comunista Brasileiro (PCB)<\/p>\n","protected":false},"excerpt":{"rendered":"<a class=\"moretag\" href=\"https:\/\/pcb.org.br\/portal2\/20573\"> <\/a>","protected":false},"author":1,"featured_media":0,"comment_status":"closed","ping_status":"closed","sticky":false,"template":"","format":"standard","meta":{"jetpack_post_was_ever_published":false,"_jetpack_newsletter_access":"","_jetpack_dont_email_post_to_subs":false,"_jetpack_newsletter_tier_id":0,"_jetpack_memberships_contains_paywalled_content":false,"_jetpack_memberships_contains_paid_content":false,"footnotes":"","jetpack_publicize_message":"","jetpack_publicize_feature_enabled":true,"jetpack_social_post_already_shared":true,"jetpack_social_options":{"image_generator_settings":{"template":"highway","default_image_id":0,"font":"","enabled":false},"version":2}},"categories":[34],"tags":[233],"class_list":["post-20573","post","type-post","status-publish","format-standard","hentry","category-c39-colombia","tag-6a"],"jetpack_publicize_connections":[],"jetpack_featured_media_url":"","jetpack_shortlink":"https:\/\/wp.me\/p659gw-5lP","jetpack-related-posts":[],"jetpack_likes_enabled":true,"jetpack_sharing_enabled":true,"_links":{"self":[{"href":"https:\/\/pcb.org.br\/portal2\/wp-json\/wp\/v2\/posts\/20573","targetHints":{"allow":["GET"]}}],"collection":[{"href":"https:\/\/pcb.org.br\/portal2\/wp-json\/wp\/v2\/posts"}],"about":[{"href":"https:\/\/pcb.org.br\/portal2\/wp-json\/wp\/v2\/types\/post"}],"author":[{"embeddable":true,"href":"https:\/\/pcb.org.br\/portal2\/wp-json\/wp\/v2\/users\/1"}],"replies":[{"embeddable":true,"href":"https:\/\/pcb.org.br\/portal2\/wp-json\/wp\/v2\/comments?post=20573"}],"version-history":[{"count":0,"href":"https:\/\/pcb.org.br\/portal2\/wp-json\/wp\/v2\/posts\/20573\/revisions"}],"wp:attachment":[{"href":"https:\/\/pcb.org.br\/portal2\/wp-json\/wp\/v2\/media?parent=20573"}],"wp:term":[{"taxonomy":"category","embeddable":true,"href":"https:\/\/pcb.org.br\/portal2\/wp-json\/wp\/v2\/categories?post=20573"},{"taxonomy":"post_tag","embeddable":true,"href":"https:\/\/pcb.org.br\/portal2\/wp-json\/wp\/v2\/tags?post=20573"}],"curies":[{"name":"wp","href":"https:\/\/api.w.org\/{rel}","templated":true}]}}