{"id":20579,"date":"2018-08-20T19:44:31","date_gmt":"2018-08-20T22:44:31","guid":{"rendered":"https:\/\/pcb.org.br\/portal2\/?p=20579"},"modified":"2018-08-20T19:44:31","modified_gmt":"2018-08-20T22:44:31","slug":"a-cada-6-horas-uma-pessoa-e-morta-pela-policia-do-rio-de-janeiro","status":"publish","type":"post","link":"https:\/\/pcb.org.br\/portal2\/20579","title":{"rendered":"A cada 6 horas uma pessoa \u00e9 morta pela pol\u00edcia do Rio de Janeiro"},"content":{"rendered":"<p><img decoding=\"async\" class=\"imagem\" title=\"imagem\" src=\"https:\/\/i0.wp.com\/www.esquerdadiario.com.br\/local\/cache-vignettes\/L653xH327\/arton24495-e80e2.jpg?1534359428\" alt=\"imagem\" \/><!--more-->Amanda Navarro<\/p>\n<p>DI\u00c1RIO LIBERDADE<\/p>\n<p>Em 7 meses de interven\u00e7\u00e3o federal no Rio de Janeiro, foram contabilizadas 895 mortes por interven\u00e7\u00e3o policial: o maior n\u00famero de mortes desde 2003.<\/p>\n<p>Desde que a Interven\u00e7\u00e3o Federal no Rio de Janeiro foi decretada por Michel Temer, o cen\u00e1rio da cidade carioca \u00e9 cada vez mais calamitoso: nos 7 meses em que as for\u00e7as armadas est\u00e3o nas ruas do Rio de Janeiro j\u00e1 foram registradas 895 mortes por confronto policial. O cen\u00e1rio carioca brutal: \u00e9 como se fossem mortos pela pol\u00edcia uma pessoa a cada 6 horas.<\/p>\n<p>O Estado do Rio de Janeiro vem sendo o mais sens\u00edvel \u00e0 crise que o pa\u00eds enfrenta e a &#8220;seguran\u00e7a p\u00fablica&#8221; \u00e9 um dos principais temas de debate, como se mostram na corrida eleitoral deste ano. As opera\u00e7\u00f5es policiais nas favelas cariocas arrancam vidas todos os dias: recentemente, o adolescente Marcos Vin\u00edcius, foi acertado na barriga por uma bala disparada por um policial em um blindado. A morte de Marcos e de muitos outros jovens negros das favelas cariocas mostram que n\u00e3o h\u00e1 discurso sobre &#8220;seguran\u00e7a&#8221; ou guerra \u00e0s drogas nas balas das policias e do ex\u00e9rcito.<\/p>\n<p>A vereadora Marielle Franco (PSOL) assassinada numa rua movimentada do Rio de Janeiro durante a madrugada, tamb\u00e9m mostra a fal\u00eancia deste modelo de &#8220;seguran\u00e7a&#8221; e da guerra \u00e0s drogas. Marielle denunciava a viol\u00eancia policial nas favelas cariocas e foi friamente assassinada. At\u00e9 hoje, mais de 150 dias ap\u00f3s a morte de Marielle o caso permanece sem respostas: Estado n\u00e3o solu\u00e7\u00e3o ao seu brutal assassinato e h\u00e1 suspeita de envolvimento do MDB, mostrando ainda mais o cen\u00e1rio de viol\u00eancia no Rio e a liga\u00e7\u00e3o entre as pol\u00edcias, mil\u00edcias, tr\u00e1fico e o Estado.<\/p>\n<p>Segundo o Instituto de Seguran\u00e7a P\u00fablica, a cada 9 mortes uma ocorreu na regi\u00e3o de S\u00e3o Gon\u00e7alo: o aumento foi de 89% quando comparado \u00e0 anos anteriores. Em seguida, encontra-se Duque de Caxias, com 84 casos e Queimados, com 74 casos. O n\u00famero de mortes por interven\u00e7\u00e3o policial \u00e9 o maior desde 2003.<\/p>\n<p><img decoding=\"async\" class=\"imagem\" title=\"imagem\" src=\"https:\/\/i0.wp.com\/www.esquerdadiario.com.br\/local\/cache-vignettes\/L653xH393\/auto_de_resistencia_graf-c572b.jpg?1534359428\" alt=\"imagem\" \/><em>Mortes por interven\u00e7\u00e3o policial no Rio. Fonte: O Globo<\/em><\/p>\n<p>Os trabalhadores e jovens, em particular negros, s\u00e3o os que mais sofrem com a suposta guerra ao tr\u00e1fico declarada pelo Estado, que utiliza de todo seu aparato repressivo para encarcerar e assassinar a popula\u00e7\u00e3o. Al\u00e9m das mil\u00edcias presentes nas favelas disputando poder e fazendo v\u00edtimas, controlando grande parte do Rio de Janeiro, chegando at\u00e9 mesmo a cobrar taxas da popula\u00e7\u00e3o para que tenham acesso \u00e0 \u00e1gua, na Zona Oeste do Rio. A rela\u00e7\u00e3o entre o Estado, a mil\u00edcia e a pol\u00edcia \u00e9 mais \u00edntima e complexa do que parece. O assassinato de Marielle, Anderson, Marcos Vin\u00edcius e muitas outras v\u00edtimas do cotidiano de a\u00e7\u00e3o das policias e milicias tem como culpado o Estado, que se utiliza dos aparatos repressivos, garantindo espa\u00e7o para outras organiza\u00e7\u00f5es repressivas como as mil\u00edcias, que aterrorizam a vida da popula\u00e7\u00e3o perif\u00e9rica carioca.<\/p>\n<p>A crise que enfrenta a cidade carioca, que vem lavado suas ruas de sangue negro exige um programa capaz de encarar as ra\u00edzes do problema da viol\u00eancia no Rio, que n\u00e3o passa por aumentar policiamento, refor\u00e7ar a intelig\u00eancia policial ou colocar o ex\u00e9rcito nas ruas, e sim, combater toda \u00e0 mis\u00e9ria que est\u00e1 exposta a popula\u00e7\u00e3o, atrav\u00e9s da legaliza\u00e7\u00e3o das drogas e do n\u00e3o pagamento da d\u00edvida p\u00fablica, capaz ent\u00e3o de destinar recursos \u00e0 sa\u00fade e educa\u00e7\u00e3o, e todos os demais campos que possam reestruturar e tirar milhares de jovens e trabalhadores das condi\u00e7\u00f5es impostas pelo capitalismo.<\/p>\n<p>http:\/\/www.esquerdadiario.com.br\/A-cada-6-horas-uma-pessoa-e-morta-nas-maos-da-policia-no-Rio-de-Janeiro<\/p>\n","protected":false},"excerpt":{"rendered":"<a class=\"moretag\" href=\"https:\/\/pcb.org.br\/portal2\/20579\"> <\/a>","protected":false},"author":1,"featured_media":0,"comment_status":"closed","ping_status":"closed","sticky":false,"template":"","format":"standard","meta":{"jetpack_post_was_ever_published":false,"_jetpack_newsletter_access":"","_jetpack_dont_email_post_to_subs":false,"_jetpack_newsletter_tier_id":0,"_jetpack_memberships_contains_paywalled_content":false,"_jetpack_memberships_contains_paid_content":false,"footnotes":"","jetpack_publicize_message":"","jetpack_publicize_feature_enabled":true,"jetpack_social_post_already_shared":true,"jetpack_social_options":{"image_generator_settings":{"template":"highway","default_image_id":0,"font":"","enabled":false},"version":2}},"categories":[244],"tags":[224],"class_list":["post-20579","post","type-post","status-publish","format-standard","hentry","category-violencia","tag-3b"],"jetpack_publicize_connections":[],"jetpack_featured_media_url":"","jetpack_shortlink":"https:\/\/wp.me\/p659gw-5lV","jetpack-related-posts":[],"jetpack_likes_enabled":true,"jetpack_sharing_enabled":true,"_links":{"self":[{"href":"https:\/\/pcb.org.br\/portal2\/wp-json\/wp\/v2\/posts\/20579","targetHints":{"allow":["GET"]}}],"collection":[{"href":"https:\/\/pcb.org.br\/portal2\/wp-json\/wp\/v2\/posts"}],"about":[{"href":"https:\/\/pcb.org.br\/portal2\/wp-json\/wp\/v2\/types\/post"}],"author":[{"embeddable":true,"href":"https:\/\/pcb.org.br\/portal2\/wp-json\/wp\/v2\/users\/1"}],"replies":[{"embeddable":true,"href":"https:\/\/pcb.org.br\/portal2\/wp-json\/wp\/v2\/comments?post=20579"}],"version-history":[{"count":0,"href":"https:\/\/pcb.org.br\/portal2\/wp-json\/wp\/v2\/posts\/20579\/revisions"}],"wp:attachment":[{"href":"https:\/\/pcb.org.br\/portal2\/wp-json\/wp\/v2\/media?parent=20579"}],"wp:term":[{"taxonomy":"category","embeddable":true,"href":"https:\/\/pcb.org.br\/portal2\/wp-json\/wp\/v2\/categories?post=20579"},{"taxonomy":"post_tag","embeddable":true,"href":"https:\/\/pcb.org.br\/portal2\/wp-json\/wp\/v2\/tags?post=20579"}],"curies":[{"name":"wp","href":"https:\/\/api.w.org\/{rel}","templated":true}]}}