{"id":20632,"date":"2018-08-26T22:16:21","date_gmt":"2018-08-27T01:16:21","guid":{"rendered":"https:\/\/pcb.org.br\/portal2\/?p=20632"},"modified":"2018-08-26T22:16:21","modified_gmt":"2018-08-27T01:16:21","slug":"pcb-de-goias-lanca-programa-de-governo","status":"publish","type":"post","link":"https:\/\/pcb.org.br\/portal2\/20632","title":{"rendered":"PCB de Goi\u00e1s lan\u00e7a programa de governo"},"content":{"rendered":"<p><img decoding=\"async\" class=\"imagem\" title=\"imagem\" src=\"https:\/\/i0.wp.com\/lh3.googleusercontent.com\/5Pi901MOeK2kdnXzqdVgHDD9bAAS0icFukKzzRxh8DQUVsHzksulZojnuOMtjpcfhqj4oqU5zH1aAEndgT9iZH6xzBno78Nu2uWizfKS5PnYn-X2fCkN2GV8HAjt95KNlYOJbpCgNVWh7s3vGTs_F8Rd44B05Q\" alt=\"imagem\" \/><!--more-->Comit\u00ea Regional do PCB de Goi\u00e1s<\/p>\n<p>O Partido Comunista Brasileiro (PCB) realizou na manh\u00e3 de s\u00e1bado, 25 de agosto, em sua sede oficial, o lan\u00e7amento do programa de governo para as elei\u00e7\u00f5es de outubro. Os candidatos apresentaram as propostas e a leitura pol\u00edtica de conjuntura local e nacional do Partido.<\/p>\n<p>O evento contou com a presen\u00e7a de cerca de 100 pessoas, entre militantes, simpatizantes, amigos e interessados em conhecer os candidatos, ideias e propostas do PCB. Nesse pleito, o Partido lan\u00e7a candidatos em todas as frentes: os estudantes Matheus Benazi, para deputado estadual, e Andriele Qualhato, como deputada federal, a professora Magda Borges, como senadora, e a chapa com os professores Marcelo Lira e Bruna Venceslau para governador e vice-governadora.<\/p>\n<p>O candidato a governador Marcelo Lira afirmou que o programa do PCB n\u00e3o se trata de um programa eleitoral, mas de um programa de movimento, de luta e de enfrentamento da classe trabalhadora, constru\u00eddo com a inten\u00e7\u00e3o de somar for\u00e7as e vozes em torno de um projeto comum de luta. &#8220;N\u00e3o temos aqui candidaturas individuais, temos candidaturas do movimento, e se algum de n\u00f3s aqui for eleito, nossos mandatos estar\u00e3o ligados diretamente ao movimento popular, aos interesses coletivos, e n\u00e3o a interesses mesquinhos e particulares&#8221;.<\/p>\n<p>O candidato comunista destacou a necessidade de fortalecimento da esquerda em um momento de dissemina\u00e7\u00e3o de express\u00f5es pol\u00edticas de extrema-direita, e apresentou o eixo pol\u00edtico da campanha do PCB. &#8220;O maior inimigo dos trabalhadores em Goi\u00e1s \u00e9 o agroneg\u00f3cio, que destr\u00f3i nossa riqueza ambiental, cultural e social, e est\u00e1 nesse pleito representado nas candidaturas tando de Ronaldo Caiado, quanto de Z\u00e9 Eliton, oriundos de oligarquias j\u00e1 consolidadas, quanto de Daniel Vilela, figura que est\u00e1 em processo ainda de consolida\u00e7\u00e3o. Nesse sentido, a coluna vertebral da nossa campanha \u00e9 pela constru\u00e7\u00e3o do poder popular, ou seja, criar e fortalecer \u00f3rg\u00e3os de democracia direta onde os trabalhadores possam discutir e formular pol\u00edticas e projetos, em seus locais de trabalho, moradia e estudo, invertendo a atual l\u00f3gica de funcionamento do Estado&#8221;.<\/p>\n<p><img decoding=\"async\" class=\"imagem\" title=\"imagem\" src=\"https:\/\/i0.wp.com\/lh3.googleusercontent.com\/u2KvCFB6sQDxxECap-XiI-9gko24DgyzPVDZA1-BxaSePbpK_9hGdgEz0yqYjwPBC5JN81MKFztqoCwT_rBBz1Xk5EFSNs839lKPLRZoGtJ1tPFqx2TOHKLYVyyUzNfUCji3Hbd6aXCkbenB9-OACfdxOx0arg\" alt=\"imagem\" \/><!--more-->Reproduzimos abaixo entrevista concedida por Marcelo Lira ao Sistema Sagres de Comunica\u00e7\u00e3o no dia 23\/08.<\/p>\n<p>Candidato do PCB, Marcelo Lira diz que campanha \u00e9 desigual: &#8220;Benef\u00edcio de partidos tradicionais&#8221;<\/p>\n<p>O candidato ao governo de Goi\u00e1s pelo PCB, Marcelo Lira, diz que pretende fortalecer o uso das redes sociais durante o per\u00edodo de campanha eleitoral. Ele destaca que a legenda n\u00e3o tem a mesma estrutura dos grande partidos e que, desta forma, o uso de ferramentas na internet \u00e9 uma maneira de levar a proposta \u00e0 popula\u00e7\u00e3o.<\/p>\n<p>\u201cN\u00f3s do PCB temos ci\u00eancia dessa competi\u00e7\u00e3o desigual em benef\u00edcio de partidos tradicionais, e estamos buscando ter um foco regional. N\u00f3s mapeamos as regi\u00f5es do estado e estamos tentando alcan\u00e7ar as principais cidades do estado. O ideal seria que alcan\u00e7\u00e1ssemos todas. Devido \u00e0 falta de estrutura e a desigual legisla\u00e7\u00e3o que beneficia o outros partidos, acaba n\u00e3o sendo poss\u00edvel\u201d, esclarece.<\/p>\n<p>Marcelo Lira relata que a condi\u00e7\u00e3o de um partido como o PCB \u00e9 muito inferior \u00e0 das grandes candidaturas, e acrescenta que a situa\u00e7\u00e3o de desigualdade foi aprofundada em recentes reformas eleitorais.<\/p>\n<p>\u201c\u00c9 uma disputa desigual por diversos motivos. Os partidos tradicionais t\u00eam ao longo destes dois \u00faltimos anos, ap\u00f3s o golpe, buscaram criar uma legisla\u00e7\u00e3o que os beneficiane ainda mais. Isso lhes d\u00e1 maior acesso ao fundo partid\u00e1rio, a tempo de TV\u201d, acrescenta.<\/p>\n<p>Com informa\u00e7\u00f5es do rep\u00f3rter Samuel Straioto<\/p>\n","protected":false},"excerpt":{"rendered":"<a class=\"moretag\" href=\"https:\/\/pcb.org.br\/portal2\/20632\"> <\/a>","protected":false},"author":1,"featured_media":0,"comment_status":"closed","ping_status":"closed","sticky":false,"template":"","format":"standard","meta":{"jetpack_post_was_ever_published":false,"_jetpack_newsletter_access":"","_jetpack_dont_email_post_to_subs":false,"_jetpack_newsletter_tier_id":0,"_jetpack_memberships_contains_paywalled_content":false,"_jetpack_memberships_contains_paid_content":false,"footnotes":"","jetpack_publicize_message":"","jetpack_publicize_feature_enabled":true,"jetpack_social_post_already_shared":true,"jetpack_social_options":{"image_generator_settings":{"template":"highway","default_image_id":0,"font":"","enabled":false},"version":2}},"categories":[268],"tags":[222],"class_list":["post-20632","post","type-post","status-publish","format-standard","hentry","category-eleicoes-2018","tag-2b"],"jetpack_publicize_connections":[],"jetpack_featured_media_url":"","jetpack_shortlink":"https:\/\/wp.me\/p659gw-5mM","jetpack-related-posts":[],"jetpack_likes_enabled":true,"jetpack_sharing_enabled":true,"_links":{"self":[{"href":"https:\/\/pcb.org.br\/portal2\/wp-json\/wp\/v2\/posts\/20632","targetHints":{"allow":["GET"]}}],"collection":[{"href":"https:\/\/pcb.org.br\/portal2\/wp-json\/wp\/v2\/posts"}],"about":[{"href":"https:\/\/pcb.org.br\/portal2\/wp-json\/wp\/v2\/types\/post"}],"author":[{"embeddable":true,"href":"https:\/\/pcb.org.br\/portal2\/wp-json\/wp\/v2\/users\/1"}],"replies":[{"embeddable":true,"href":"https:\/\/pcb.org.br\/portal2\/wp-json\/wp\/v2\/comments?post=20632"}],"version-history":[{"count":0,"href":"https:\/\/pcb.org.br\/portal2\/wp-json\/wp\/v2\/posts\/20632\/revisions"}],"wp:attachment":[{"href":"https:\/\/pcb.org.br\/portal2\/wp-json\/wp\/v2\/media?parent=20632"}],"wp:term":[{"taxonomy":"category","embeddable":true,"href":"https:\/\/pcb.org.br\/portal2\/wp-json\/wp\/v2\/categories?post=20632"},{"taxonomy":"post_tag","embeddable":true,"href":"https:\/\/pcb.org.br\/portal2\/wp-json\/wp\/v2\/tags?post=20632"}],"curies":[{"name":"wp","href":"https:\/\/api.w.org\/{rel}","templated":true}]}}