{"id":20667,"date":"2018-08-29T20:41:08","date_gmt":"2018-08-29T23:41:08","guid":{"rendered":"https:\/\/pcb.org.br\/portal2\/?p=20667"},"modified":"2018-08-31T18:30:45","modified_gmt":"2018-08-31T21:30:45","slug":"ceara-pao-trabalho-terra-e-moradia","status":"publish","type":"post","link":"https:\/\/pcb.org.br\/portal2\/20667","title":{"rendered":"Cear\u00e1: p\u00e3o, trabalho, terra e moradia!"},"content":{"rendered":"<p><img decoding=\"async\" class=\"imagem\" title=\"imagem\" src=\"https:\/\/i0.wp.com\/lh3.googleusercontent.com\/LPW9oSppnDQJc934jjRtIgNLK_KCl1HM_ijKvLQ8r-lzS8-mrE_Bv_hR5J9zSzLSbm3m0QNuNYOGu2aUrjC1mhCdw6Uk_z3pO6f96EHSya8fHgzmBKsIaPYw5f_J54aodzkRfyl10ASZ2I8zMQK-rz9PKPbc0W6GecshZRsYryPoy0qN9ThSewjWLWf5owdNB7xzK2MxgLgsb4ZjZcCKIApGk8IzPWpjsAxKac_n-Li8exyX9xRR1bSHCqdUWimr9sXIrjGS-8zK1xZ5MKCesWfGZKB40at_Foib924UDIygtLN0wi14pGnV4wPtwH2GQxqUTNdcSOPgXsppSBAWovcqY5sLt5sgV7xFtQ9cl26qZwKVsde5ofJRcNCH85f51zxVZpjxlYh6SHmiqu6RsWWqStZr6MyHvJ5spNTy4swE1AjEnGVDuB9Jc1PvfwJEiVyf6eBCPQ6-VG3-bByim4ibNbbFMg1izxmRCwJnjU-fXXEsDjIOJoqWXPsaI-8WGu3oMTRrjaLn6dKvO0tYgep3539nSqx3VkXRbd8Qy5TAj3sys33a2I-_718yrZMNqx4uRKTv8w-PCrtsSV-6VkekNhc3M_1sBBzlECPM7LsxqoenEhRxGm4TGErWQATXRIg8v-ewWiFCT2UUKGs9oghfuOP3-JNuk69rdjTNpZWyuoX7NhnOKugaug=w622-h350-no\" alt=\"imagem\" \/><!--more-->O PODER POPULAR N\u00ba 35 &#8211; ESPECIAL PCB NAS ELEI\u00c7\u00d5ES 2018<\/p>\n<p>No Cear\u00e1, o PCB mant\u00e9m sua tradi\u00e7\u00e3o de constituir a Frente de Esquerda Socialista com o PSOL e os movimentos sociais que est\u00e3o no dia a dia da luta, representando a classe trabalhadora, a periferia e os movimentos de mulheres, negros e negras e ind\u00edgenas. A coliga\u00e7\u00e3o \u201cCoragem pra lutar!\u201d apresenta: Ailton Lopes (PSOL), banc\u00e1rio, LGBT, para governador; Anna Karina (PSOL), professora da rede estadual e militante feminista, e Jamieson Sim\u00f5es (PSOL), pastor e militante da luta das comunidades da periferia de Fortaleza, para o Senado.<\/p>\n<p><img decoding=\"async\" class=\"imagem\" title=\"imagem\" src=\"https:\/\/i0.wp.com\/lh3.googleusercontent.com\/juUTPS3IFfJP5ewckShTWICKze2dwiuVooTTZQfdTC3fJAy3SnCnFIkibeZhKB3d9-3YlfX_sxMWeaYKVWjNwuFw0or2yofguZ7ge8GmO5KxyEAdElKxiM9d2Pe7VqYGTnH2tec-sDllzZ5w8Enp7-8-Xu9ZhSyFk-7n_wPTP7c658K62FsiGrV1LnXbEsFbsQoRJKX2F1cmps-MaeNTjPViSuAFsIakS5Ie0KTw5PnDBO__whhRsZGLRGtKW3os0ph2cr6G3HcRv78sm49Ne_Iyet-lPiV-m28ALCxtDINmVveH0II5-5Pwc9_s-18169TEexrFZhH6SXhET_5d4Ph4x1neJ_eCD8BP2TjUXV8mu3Khrc05bKLRZYM9zNEtgmfZ1lW6ov9Yiu9YezFdTF562FuQ_kVPUvL-7Qj2MmuUM6WaMSOjXAo0T-ZbTXX3XVTnx9YQRfEGiXShu4sae6ve1ESTQcBW4hcVRenk98FGqP1KBclqGe0HwwrY1UrExKCYzg8OkgkbCM-cQcarQHtLTHsU-pNzWGndc2pDM9Xm_n3WaKEtEo_M5nvFBhNOsyr99jf-PN0HiMZd2Zj7AD4FE78acI0cNB9CBp56AN287wmed0avjcE2IaoMCAGEG2i53b1APUiSH7AEIooJ1AJwx5Pg_0VdEfaC7Eocpip1253dwgcv2veQDQ=w815-h350-no\" alt=\"imagem\" \/>A Frente de Esquerda Socialista combate a tentativa de reelei\u00e7\u00e3o do governador Camilo Santana (PT), num arco de alian\u00e7as composto por golpistas como Eun\u00edcio Oliveira (MDB) e partidos como PRTB e Patriotas, verdadeiros inimigos da classe trabalhadora que desejam manter o sistema pol\u00edtico de conchavos que s\u00f3 favorece a burguesia.<\/p>\n<p>Como vice-governadora, o PCB lan\u00e7a a camarada\u00a0<strong>Raquel Lima<\/strong>, mulher negra da periferia que constr\u00f3i a luta por moradia na Unidade Classista e teve sua casa destru\u00edda na remo\u00e7\u00e3o da comunidade Alto da Paz, em 2014, pelo ent\u00e3o Prefeito de Fortaleza Roberto Cl\u00e1udio (PDT), a mando dos interesses dos poderosos, que querem retirar os pobres da zona costeira para garantir seus empreendimentos.<\/p>\n<p><img decoding=\"async\" class=\"imagem\" title=\"imagem\" src=\"https:\/\/i0.wp.com\/lh3.googleusercontent.com\/towatLm5zkfj6CEgAQ4hAG9N7ycw-0C3jaHX8fez9umO2MteyRfQlr11nX3MoCyaoejUeGzYSmOkfr3uq7DYDbFqCUgB2pkqWghzilLPCvRUMzcxR49b-jMl__tOGIr1YWS1YKyyHBQ6WeR0P7Eedx1_SBrJj85kA8ALokynad8OexqYPtbbLpg3PmYVl1bGxZNgvYx104RtmjfpzdMUZDPxZnv7u1PgjV3yBGcOriLSnT4CpgeJpNLuyLw8iyD4Q0l_DifrRBuc4aC2u1fbeyriz-otVXYI-dUzleaSEfCIF7NFRlI_eMRSLkVWFErV4f0Rbth48nGjVbGtQRaC2V50MHFkuScKUK_R2YvoKajodiUQwd0V4CgYG4m4SMDMGnBYsP12h6Cv_z4jmx5zb8pNjo8ef_ktAu9xkom3lkxpB6LTSNqgPQ4tmSW9v3zpl7xE-TrcyI0IvvRpVdgITK2oxH211L5-TkZIQXYK_d-ZFGsXBjQBS7LQ4D0ypYK8UyP7Mmg6g8XjObgj--9zAdrtXPtcKOM3s7kp0YORreh_JdbWXwShAFvnQtVOSv-kPFUM1OJEBwKliOE9-8Y3zPg9Y0TzNEkZnquE141bKp0MLWa2BaSvKMehs-gM0hcX2e5bUJ7O6yUG5dbI4ZT2t3uQIwkx3DxB_K09oxY_ph46Aw72wzp_xay3dA=w720-h899-no\" alt=\"imagem\" \/>Para deputado federal, apresenta\u00a0<strong>Benedito Oliveira<\/strong>, oper\u00e1rio da constru\u00e7\u00e3o civil, coordenador nacional da Unidade Classista, que atua no movimento sindical e na luta por moradia. Foi diretor do Sindicato dos Trabalhadores da Constru\u00e7\u00e3o Civil de Fortaleza e Regi\u00e3o Metropolitana, al\u00e9m de ter representado o PCB nas elei\u00e7\u00f5es anteriores, como candidato a vereador em 2016, vice-governador em 2014 e senador em 2010. Est\u00e1 sempre presente na luta da classe oper\u00e1ria, nas passeatas e nas comunidades, destacando a import\u00e2ncia de se organizar para a luta e a conquista do poder popular.<\/p>\n","protected":false},"excerpt":{"rendered":"<a class=\"moretag\" href=\"https:\/\/pcb.org.br\/portal2\/20667\"> <\/a>","protected":false},"author":1,"featured_media":0,"comment_status":"closed","ping_status":"closed","sticky":false,"template":"","format":"standard","meta":{"jetpack_post_was_ever_published":false,"_jetpack_newsletter_access":"","_jetpack_dont_email_post_to_subs":false,"_jetpack_newsletter_tier_id":0,"_jetpack_memberships_contains_paywalled_content":false,"_jetpack_memberships_contains_paid_content":false,"footnotes":"","jetpack_publicize_message":"","jetpack_publicize_feature_enabled":true,"jetpack_social_post_already_shared":true,"jetpack_social_options":{"image_generator_settings":{"template":"highway","default_image_id":0,"font":"","enabled":false},"version":2}},"categories":[268,140],"tags":[226],"class_list":["post-20667","post","type-post","status-publish","format-standard","hentry","category-eleicoes-2018","category-c140-jornal-o-poder-popular","tag-4b"],"jetpack_publicize_connections":[],"jetpack_featured_media_url":"","jetpack_shortlink":"https:\/\/wp.me\/p659gw-5nl","jetpack-related-posts":[],"jetpack_likes_enabled":true,"jetpack_sharing_enabled":true,"_links":{"self":[{"href":"https:\/\/pcb.org.br\/portal2\/wp-json\/wp\/v2\/posts\/20667","targetHints":{"allow":["GET"]}}],"collection":[{"href":"https:\/\/pcb.org.br\/portal2\/wp-json\/wp\/v2\/posts"}],"about":[{"href":"https:\/\/pcb.org.br\/portal2\/wp-json\/wp\/v2\/types\/post"}],"author":[{"embeddable":true,"href":"https:\/\/pcb.org.br\/portal2\/wp-json\/wp\/v2\/users\/1"}],"replies":[{"embeddable":true,"href":"https:\/\/pcb.org.br\/portal2\/wp-json\/wp\/v2\/comments?post=20667"}],"version-history":[{"count":0,"href":"https:\/\/pcb.org.br\/portal2\/wp-json\/wp\/v2\/posts\/20667\/revisions"}],"wp:attachment":[{"href":"https:\/\/pcb.org.br\/portal2\/wp-json\/wp\/v2\/media?parent=20667"}],"wp:term":[{"taxonomy":"category","embeddable":true,"href":"https:\/\/pcb.org.br\/portal2\/wp-json\/wp\/v2\/categories?post=20667"},{"taxonomy":"post_tag","embeddable":true,"href":"https:\/\/pcb.org.br\/portal2\/wp-json\/wp\/v2\/tags?post=20667"}],"curies":[{"name":"wp","href":"https:\/\/api.w.org\/{rel}","templated":true}]}}