{"id":20679,"date":"2018-08-29T20:50:16","date_gmt":"2018-08-29T23:50:16","guid":{"rendered":"https:\/\/pcb.org.br\/portal2\/?p=20679"},"modified":"2018-08-29T20:50:16","modified_gmt":"2018-08-29T23:50:16","slug":"pcb-sc-um-caminho-pra-gente-e-o-poder-popular","status":"publish","type":"post","link":"https:\/\/pcb.org.br\/portal2\/20679","title":{"rendered":"PCB-SC: um caminho pra gente \u00e9 o Poder Popular"},"content":{"rendered":"<p><img decoding=\"async\" class=\"imagem\" title=\"imagem\" src=\"https:\/\/i0.wp.com\/lh3.googleusercontent.com\/cPj6ko9tRHSzZAkkviCFzGv_DplV2dYJrwMWyVtdHJZN_7eJK-vtE46gFRRblphyoJRLosfwcerzpXUxlYZlv-0wj0B1JsMyB6fQE1K_EkVEOrP1XI5SYVPGWV0rYY4Qn7qixbrpIEk5xtiJJr9gdVYPxtQUjuMJH3hsOVrg0BkmKScL5Fvgy08CTY0dfSRkLnE46wivOfLxKYp5aNkcQk7UYc_E1K-Ht4tq17HQdaCKx4zBSa1aOUKZN1INt8lN7EuylSOBpLNqHq7EVO17PesfKlZaizAlwZvNXpSQzxG31zyrTdMeTh4fcDEZTd_-bfx-kDBmnneVSNHjdpWichPfNUx-zUDmrwYOAMglhdxDAhk9VA4HxmvM2ll-ijM6FTvVSTYowcztGIi9dtoDejc3JygEbp9p4vk1yvYM60aY1m-lDsvNIttAQ8X7kLE6Jw-YWZt_x7HCv6VViWWld2cfIXFdJAF7mnZCei1iRc5lI6ndNOE9xDf_EYRr8ammPOFiduxe8jIhmfMR08IjSYefWyVXVaotp4uEgrZGQJkTmSr9kKiKtQSOSElipYPBsPb5S_rPSPV7iRCRQirQbn9m6tZPwW-av0MQ_tZgMtWnCD_L5P9-E5NB0PLE5aqgQcdNEn5SiFzEy2GlJBFlaQKAnsY5bBlYxHROXzPxF-7JDC8ih8POWr-fiA=w483-h363-no\" alt=\"imagem\" \/><!--more--> PODER POPULAR N\u00ba 35 &#8211; ESPECIAL PCB NAS ELEI\u00c7\u00d5ES 2018<\/p>\n<p>Nosso Estado dito europeu sofre com problemas s\u00e9rios: a m\u00e9dia salarial dos trabalhadores \u00e9 de metade do sal\u00e1rio m\u00ednimo necess\u00e1rio calculado pelo DIEESE; a sa\u00fade p\u00fablica est\u00e1 em p\u00e9ssimas condi\u00e7\u00f5es, impondo sacrif\u00edcios ao trabalhador e sofrimento ao povo; a educa\u00e7\u00e3o est\u00e1 abandonada, com um governo que fecha escolas \u00e0s dezenas e imp\u00f5e sucessivas perdas salariais, intimida\u00e7\u00e3o e pioras nas condi\u00e7\u00f5es de trabalho de professores num Estado que ainda tem 180 mil analfabetos; a infraestrutura de rodovias e ferrovias est\u00e1 sucateada; n\u00e3o existe pol\u00edtica estadual de habita\u00e7\u00e3o capaz de enfrentar a falta cr\u00f4nica de moradias, que s\u00f3 em Florian\u00f3polis chega a 10 mil casas. Ao inv\u00e9s de enfrentar as causas sociais da viol\u00eancia, como a desigualdade extrema e a falta de ocupa\u00e7\u00e3o e de perspectivas \u00e0 juventude das periferias, os governantes preferem combater seus efeitos com mais viol\u00eancia, ignorando que a atual &#8220;guerra ao crime&#8221; faz com que a pol\u00edcia brasileira seja uma das que mais mata e que mais morre no mundo.<\/p>\n<p><img decoding=\"async\" class=\"imagem\" title=\"imagem\" src=\"https:\/\/i0.wp.com\/lh3.googleusercontent.com\/Ch0-ytlGzksGs7tMDaJKFj1gxb-TAZbMNt8kz6BmHyy6NNlMZQ5HjXJumPwNh4ScKF_eEpVG5cUwH9p4pWMWO4lJ9petBiqJ6KbJL5iPcLPb-Y76FqprTbldO_QASH0sIexc8UEOmZSil7cdiFCXv-A9o_lqaXlfZVmQTZEpx84YQz1AZ1MMW-rrsBIgmiXApOjdv-2LyFhyEmp6ctnCZpGf-pv-vGqTjGZjc9ATbGDZd1mDskpY0dgRLPcapKYwn1LnKMDmMXMVU5PMefSULiSOnMPa1EMxIZO-nrQhAYyZKU66GVOC_s6iy2ZSQ0-Xzq-tTL8x7diR5uaGLn56hm1q0yMwXOO_vOcT7JLfD1WF6wO7HyHeDAzMy85EToj_Eam85BjLooxrIbjMZ_z-47w14n3dkWaPrGmb41PY-D04HCo2niMJN72XM8m2tmpzrPRqWBw3XjZPwQKh1J_EPlRhJXnO58g5ZAih2p5K7cM3SWnRtoGqdedUhyXvBsVQbTxl77hSUlD_mLRRMGRLKKAFW1wcZd2qqsFLcqA3PFiBw0qMKR_b4LOybKeZOty0ZRhi5CsZLWWaqqljOOg1azATKiN5HLEL3Q0EJwYyuY0jxaqgHpqyaMVPDQRqCkZ_RJtxseGEL_EuxHsPl9QfiKBMcLQaTOZ_9Qalgxi4rg4wK72ZtkpWaKhbwQ=w946-h360-no\" alt=\"imagem\" \/>H\u00e1 uma pol\u00edtica deliberada de desmonte do Estado: o sucateamento da sa\u00fade, da educa\u00e7\u00e3o, da seguran\u00e7a e de outros servi\u00e7os essenciais \u00e0 popula\u00e7\u00e3o faz parte do plano de quem quer transformar nossos direitos em mercadorias, dispon\u00edveis somente a quem possa pag\u00e1-las. O Estado gasta quase R$ 8 bilh\u00f5es com juros da d\u00edvida e isen\u00e7\u00f5es \u00e0s grandes empresas. Mas \u00e9 poss\u00edvel e necess\u00e1rio resgatar o papel do Estado como planejador e indutor de um desenvolvimento ambiental e socialmente sustent\u00e1vel, que garanta ao povo trabalhador acesso \u00e0s riquezas que ele mesmo cria. Para\u00a0<strong>deputado estadual<\/strong>, o PCB apresenta a candidatura do engenheiro da Companhia Catarinense de \u00c1guas e Saneamento<strong>\u00a0Eduardo Grandi (21000)<\/strong>.<\/p>\n<p><img decoding=\"async\" class=\"imagem\" title=\"imagem\" src=\"https:\/\/i0.wp.com\/lh3.googleusercontent.com\/ypEitEQRA6Bv9CfbSlNXIpPRe-kBQg0cF_hi2R0DZrAmVI_0Bk5V5p8UWbMX_jih8dyZRd-SFa7eaFTUwomRE69Lv-6YLL5Hf2uWTcJCG7HJu4n2EMN7C9DL-pZPGT5kr3hVU5G45N7STqNHXIwQBCsb9PEMR54dUVkq3SrnhuOuz5dv8_UuLEPyqgRPx-njMzmALxH0S-UVvuFHA163DlpVP0y6YVy2pF0XAhlkmmr4-Ftjwc8PcLhvay6TgztK2qA8z8myaNO4OxWZ2-bpFpoTx6Fmbrz7a0mYJk5NtgaqmbPf2Mt2jLtJjeIDHn-OEkD9XyVu5zzAcjtG-GQe_vBFO4N04dXI7Wol7HkGw8ArT3vDOkl8qMrzAshdBlxUokV3wynHB6xKzIQEmW6AaxLWj-jgl3i-b30wGe3VoTSYka7UK8cTaHZv3ji_hgizpyuiwyU4C7C-PUNQzDaD7raHvkR4OsFXaIb0iQ1DFIL1NRUGD37AxirotD6z_tKjW--F79udCBe54dcyriCtaWXg0vw1XQ68_O3Zvxpq1_NUJcOUoXesZhbvzoPZ7Mj_TGsdFuCjqnY6C1ypdYlT62jSSNSip2jLrEmPHh-QjMM3558_EVp9pH6CNBm6KlF3VnjpdR4hMg0M9M2vnVuellhmQSq5yjuHkKbSM4xmHbiBwX5iW_eR6_S1zA=w946-h360-no\" alt=\"imagem\" \/>Em composi\u00e7\u00e3o com o PSOL, com Camas\u00e3o para Governador, o PCB lan\u00e7a o nome da camarada\u00a0<strong>Carol Bellaguarda<\/strong>\u00a0a vice-governadora,\u00a0para denunciar o poder das grandes fam\u00edlias ricas e seus comparsas e, ir al\u00e9m, na dire\u00e7\u00e3o de um governo socialista. Contra o desemprego, as amea\u00e7as \u00e0 aposentadoria, a viol\u00eancia contra a mulher, a falta de saneamento, a precariza\u00e7\u00e3o e privatiza\u00e7\u00e3o de escolas e hospitais, da \u00e1gua, luz e dos servi\u00e7os p\u00fablicos, \u00e9 preciso organizar as lutas no rumo do Poder Popular.<\/p>\n<p>S\u00e3o tamb\u00e9m candidatos a Deputado Federal do PCB em SC:\u00a0<strong>Rodrigo Lima (2121)<\/strong>,\u00a0<strong>Giancarlo Capistrano (2123)<\/strong>\u00a0e\u00a0<strong>Filipe Mis\u00e9ria (2100)<\/strong>.<\/p>\n","protected":false},"excerpt":{"rendered":"<a class=\"moretag\" href=\"https:\/\/pcb.org.br\/portal2\/20679\"> <\/a>","protected":false},"author":1,"featured_media":0,"comment_status":"closed","ping_status":"closed","sticky":false,"template":"","format":"standard","meta":{"jetpack_post_was_ever_published":false,"_jetpack_newsletter_access":"","_jetpack_dont_email_post_to_subs":false,"_jetpack_newsletter_tier_id":0,"_jetpack_memberships_contains_paywalled_content":false,"_jetpack_memberships_contains_paid_content":false,"footnotes":"","jetpack_publicize_message":"","jetpack_publicize_feature_enabled":true,"jetpack_social_post_already_shared":true,"jetpack_social_options":{"image_generator_settings":{"template":"highway","default_image_id":0,"font":"","enabled":false},"version":2}},"categories":[268,140],"tags":[224],"class_list":["post-20679","post","type-post","status-publish","format-standard","hentry","category-eleicoes-2018","category-c140-jornal-o-poder-popular","tag-3b"],"jetpack_publicize_connections":[],"jetpack_featured_media_url":"","jetpack_shortlink":"https:\/\/wp.me\/p659gw-5nx","jetpack-related-posts":[],"jetpack_likes_enabled":true,"jetpack_sharing_enabled":true,"_links":{"self":[{"href":"https:\/\/pcb.org.br\/portal2\/wp-json\/wp\/v2\/posts\/20679","targetHints":{"allow":["GET"]}}],"collection":[{"href":"https:\/\/pcb.org.br\/portal2\/wp-json\/wp\/v2\/posts"}],"about":[{"href":"https:\/\/pcb.org.br\/portal2\/wp-json\/wp\/v2\/types\/post"}],"author":[{"embeddable":true,"href":"https:\/\/pcb.org.br\/portal2\/wp-json\/wp\/v2\/users\/1"}],"replies":[{"embeddable":true,"href":"https:\/\/pcb.org.br\/portal2\/wp-json\/wp\/v2\/comments?post=20679"}],"version-history":[{"count":0,"href":"https:\/\/pcb.org.br\/portal2\/wp-json\/wp\/v2\/posts\/20679\/revisions"}],"wp:attachment":[{"href":"https:\/\/pcb.org.br\/portal2\/wp-json\/wp\/v2\/media?parent=20679"}],"wp:term":[{"taxonomy":"category","embeddable":true,"href":"https:\/\/pcb.org.br\/portal2\/wp-json\/wp\/v2\/categories?post=20679"},{"taxonomy":"post_tag","embeddable":true,"href":"https:\/\/pcb.org.br\/portal2\/wp-json\/wp\/v2\/tags?post=20679"}],"curies":[{"name":"wp","href":"https:\/\/api.w.org\/{rel}","templated":true}]}}