{"id":2070,"date":"2011-11-15T22:37:29","date_gmt":"2011-11-15T22:37:29","guid":{"rendered":"http:\/\/pcb.org.br\/portal2\/?p=2070"},"modified":"2011-11-15T22:37:29","modified_gmt":"2011-11-15T22:37:29","slug":"declaracao-sobre-a-morte-de-alfonso-cano","status":"publish","type":"post","link":"https:\/\/pcb.org.br\/portal2\/2070","title":{"rendered":"Declara\u00e7\u00e3o sobre a morte de Alfonso Cano"},"content":{"rendered":"\n<p style=\"text-align: justify; \">A morte em a\u00e7\u00e3o de Alfonso Cano constitui um duro golpe \u00e0s aspira\u00e7\u00f5es do povo colombiano \u00e0 justi\u00e7a social e ao desenvolvimento pac\u00edfico que, h\u00e1 muitos anos, segue sendo frustrado pelo governo colombiano e seu patr\u00e3o, o imperialismo norte-americano.<\/p>\n<p style=\"text-align: justify; \">H\u00e1 mais de sessenta anos, a Col\u00f4mbia sofre repress\u00e3o violenta por parte do Estado e das for\u00e7as paramilitares. Muitas vezes se buscou um caminho pac\u00edfico, s\u00f3 para descobrir que a oligarquia colombiana e o imperialismo norte-americano temem a paz e que os lucros provenientes da guerra acabem.<\/p>\n<p style=\"text-align: justify; \">Para cada amea\u00e7a de um acordo pac\u00edfico sempre existe uma resposta militar. Pol\u00edticos civis e outras personalidades p\u00fablicas envolvidas na busca da paz tamb\u00e9m enfrentam a repress\u00e3o do Estado e as amea\u00e7as dos esquadr\u00f5es paramilitares da morte.<\/p>\n<p style=\"text-align: justify; \">A massiva opera\u00e7\u00e3o militar com o fim de matar Alfonso Cano, usando a \u00faltima tecnologia dos Estados Unidos, demonstra, mais uma vez, a brutalidade do regime de Santos e o vazio de suas palavras.<\/p>\n<p style=\"text-align: justify; \">Ao mesmo tempo, as for\u00e7as do Estado e os paramilitares seguem com a repress\u00e3o sangrenta contra a luta pac\u00edfica dos povos ind\u00edgenas, dos (as) camponeses (as) que expulsam de suas terras, dos (as) trabalhadores (as) organizados (as) em sindicatos, dos (as) estudantes (as).<\/p>\n<p style=\"text-align: justify; \">O Partido Comunista da Irlanda se solidariza e se compromete com o povo colombiano e com sua luta por um caminho pac\u00edfico, justi\u00e7a social, liberta\u00e7\u00e3o nacional e socialismo.<\/p>\n<p style=\"text-align: justify; \">Partido Comunista da Irlanda<\/p>\n<p style=\"text-align: justify; \">Tradu\u00e7\u00e3o: Maria Fernanda M. Scelza (PCB)<\/p>\n<p style=\"text-align: justify; \">\n","protected":false},"excerpt":{"rendered":"\n\n\nCr\u00e9dito: PCI\n\n\n\n\n\n\n\n\nPartido Comunista da Irlanda\n<a class=\"moretag\" href=\"https:\/\/pcb.org.br\/portal2\/2070\"> <\/a>","protected":false},"author":1,"featured_media":0,"comment_status":"open","ping_status":"open","sticky":false,"template":"","format":"standard","meta":{"jetpack_post_was_ever_published":false,"_jetpack_newsletter_access":"","_jetpack_dont_email_post_to_subs":false,"_jetpack_newsletter_tier_id":0,"_jetpack_memberships_contains_paywalled_content":false,"_jetpack_memberships_contains_paid_content":false,"footnotes":"","jetpack_publicize_message":"","jetpack_publicize_feature_enabled":true,"jetpack_social_post_already_shared":false,"jetpack_social_options":{"image_generator_settings":{"template":"highway","default_image_id":0,"font":"","enabled":false},"version":2}},"categories":[34],"tags":[],"class_list":["post-2070","post","type-post","status-publish","format-standard","hentry","category-c39-colombia"],"jetpack_publicize_connections":[],"jetpack_featured_media_url":"","jetpack_shortlink":"https:\/\/wp.me\/p659gw-xo","jetpack-related-posts":[],"jetpack_likes_enabled":true,"jetpack_sharing_enabled":true,"_links":{"self":[{"href":"https:\/\/pcb.org.br\/portal2\/wp-json\/wp\/v2\/posts\/2070","targetHints":{"allow":["GET"]}}],"collection":[{"href":"https:\/\/pcb.org.br\/portal2\/wp-json\/wp\/v2\/posts"}],"about":[{"href":"https:\/\/pcb.org.br\/portal2\/wp-json\/wp\/v2\/types\/post"}],"author":[{"embeddable":true,"href":"https:\/\/pcb.org.br\/portal2\/wp-json\/wp\/v2\/users\/1"}],"replies":[{"embeddable":true,"href":"https:\/\/pcb.org.br\/portal2\/wp-json\/wp\/v2\/comments?post=2070"}],"version-history":[{"count":0,"href":"https:\/\/pcb.org.br\/portal2\/wp-json\/wp\/v2\/posts\/2070\/revisions"}],"wp:attachment":[{"href":"https:\/\/pcb.org.br\/portal2\/wp-json\/wp\/v2\/media?parent=2070"}],"wp:term":[{"taxonomy":"category","embeddable":true,"href":"https:\/\/pcb.org.br\/portal2\/wp-json\/wp\/v2\/categories?post=2070"},{"taxonomy":"post_tag","embeddable":true,"href":"https:\/\/pcb.org.br\/portal2\/wp-json\/wp\/v2\/tags?post=2070"}],"curies":[{"name":"wp","href":"https:\/\/api.w.org\/{rel}","templated":true}]}}