{"id":2072,"date":"2011-11-15T23:06:34","date_gmt":"2011-11-15T23:06:34","guid":{"rendered":"http:\/\/pcb.org.br\/portal2\/?p=2072"},"modified":"2011-11-15T23:06:34","modified_gmt":"2011-11-15T23:06:34","slug":"comunicado-do-secretariado-das-farc-ep","status":"publish","type":"post","link":"https:\/\/pcb.org.br\/portal2\/2072","title":{"rendered":"Comunicado do Secretariado das FARC-EP"},"content":{"rendered":"\n<p>A morte em combate do camarada e comandante Alfonso Cano deixa de luto o conjunto do movimento antiimperialista mundial, todas as v\u00edtimas da explora\u00e7\u00e3o capitalista, o movimento universal pelo socialismo, cada um dos povos que al\u00e7am as bandeiras da soberania, dignidade e da democracia, particularmente na Am\u00e9rica Latina, no Caribe e na Col\u00f4mbia.<\/p>\n<p>Tamb\u00e9m lacera as fibras mais nobres dos seus entes queridos. Para eles, nosso abra\u00e7o solid\u00e1rio. Compartimos intensamente seu sofrimento, sabemos melhor que ningu\u00e9m o que significa essa perda. Igual carinho doloroso estendemos \u00e0s fam\u00edlias dos demais combatentes que pereceram nos mesmos feitos. Seu sangue e suas vidas nos inspiram desde j\u00e1 a futuras vit\u00f3rias.<\/p>\n<p>As l\u00e1grimas de felicidade do Presidente Santos revelam que por obra sua caiu realmente um grande, um admir\u00e1vel homem, um revolucion\u00e1rio de altura hist\u00f3rica. Um formid\u00e1vel interlocutor daqueles que havia que desconstruir-se antes de qualquer tentativa de aproxima\u00e7\u00e3o. Como Manuel e Jacobo, Alfonso sempre soube ser um grande professor. E aprendemos com ele.<\/p>\n<p>Suas id\u00e9ias e sua genial condu\u00e7\u00e3o s\u00e3o parte do arsenal ideol\u00f3gico, pol\u00edtico e militar das FARC &#8211; Ex\u00e9rcito do Povo. Ningu\u00e9m poder\u00e1 jamais nos tirar isso. Seu talento e atividade revolucion\u00e1ria cresceram e maduraram junto com nossa hist\u00f3ria. Nos dias de Marquet\u00e1lia militava j\u00e1 nas filas da juventude comunista. At\u00e9 sua morte em combate, nada p\u00f4de distrai-lo da luta.<\/p>\n<p>Completou cinq\u00fcenta anos cont\u00ednuos de combate contra o regime, escritos por uma capacidade de an\u00e1lise e uma invej\u00e1vel coer\u00eancia ideol\u00f3gica e pol\u00edtica. Nascido em Bogot\u00e1, homem simples e de humor fino, dirigente estudantil e comunit\u00e1rio, antrop\u00f3logo dos tempos duros da Universidade Nacional, audaz militante clandestino, ser\u00e1 eterno exemplo do intelectual comprometido at\u00e9 a morte.<\/p>\n<p>Seus inimigos do imp\u00e9rio e da oligarquia jamais se cansar\u00e3o de tentar apagar sua obra. Ao lado de seu perfil pol\u00edtico, o camarada Alfonso Cano demonstrou possuir uma elevada capacidade militar. Soube conduzir primeiro os comandos conjuntos Central e Ocidental e logo todas as FARC, at\u00e9 o n\u00edvel que hoje em dia aterroriza\u00a0 o militarismo fascista da Col\u00f4mbia.<\/p>\n<p>Eles sabem muito bem o que representamos as FARC. A express\u00e3o real da organiza\u00e7\u00e3o e a luta indom\u00e1vel contra a globaliza\u00e7\u00e3o capitalista. Somos um povo armado que denuncia e combate o car\u00e1ter terrorista da democracia de mercado. Milhares e milhares de mulheres e homens que marchamos compactos no caminho da constru\u00e7\u00e3o de uma na\u00e7\u00e3o e um mundo sem opressores.<\/p>\n<p>As reservas petroleiras da Col\u00f4mbia, ao ritmo que pensam extrai-las, estar\u00e3o esgotadas por completo nos pr\u00f3ximos quatro anos. Pretendem nos enganar com a id\u00e9ia de que para esse momento se haver\u00e1 encontrado suficiente petr\u00f3leo para outros tantos anos. Nosso destino \u00e9 permitir que o imp\u00e9rio economize seu pr\u00f3prio petr\u00f3leo, e pagar com esse dinheiro os cr\u00e9ditos para a infra-estrutura funcional a esse roubo. Obviamente os cr\u00e9ditos ser\u00e3o dados pelos bancos internacionais. E para consegui-los o pa\u00eds dever\u00e1 comprometer-se a realizar grandes e crescentes cortes nos direitos sociais dos colombianos. Reformas tribut\u00e1rias, reformas previdenci\u00e1rias, trabalhistas, na sa\u00fade e na educa\u00e7\u00e3o. Semelhante agress\u00e3o avan\u00e7a agora \u00e0 toda for\u00e7a no Congresso da Rep\u00fablica.<\/p>\n<p>O TLC e a abertura indecente para o investimento estrangeiro amea\u00e7am colocar-se na frente dos mais valiosos patrim\u00f4nios humanos, ambientais e econ\u00f4micos do pa\u00eds. Gigantescos projetos aur\u00edferos, carbon\u00edferos, tur\u00edsticos, agroindustriais, bioenerg\u00e9ticos e agropecu\u00e1rios, entre outros, al\u00e9m de espoliar nossas riquezas, espremer\u00e3o impunemente a m\u00e3o de obra em graus intoler\u00e1veis.<\/p>\n<p>Pretendem avan\u00e7ar de forma acelerada na execu\u00e7\u00e3o de um modelo de desenvolvimento inequitativo e antipatri\u00f3tico, produto das manipula\u00e7\u00f5es forjadas no pal\u00e1cio presidencial e nos distintos minist\u00e9rios, aprovado pelo poder legislativo e declarado exeq\u00fc\u00edvel pela justi\u00e7a, que n\u00e3o toma em conta minimamente a opini\u00e3o do povo colombiano, cujos direitos s\u00e3o afetados.<\/p>\n<p>E esse modelo, que come\u00e7ou a ser constru\u00eddo a d\u00e9cadas atr\u00e1s com a violenta estrat\u00e9gia paramilitar, se apresenta como a salva\u00e7\u00e3o econ\u00f4mica do pa\u00eds, as locomotivas que nos levar\u00e3o adiante. Nele se fundem o capital transnacional e a corrupta classe dirigente colombiana, que ganha com somas fabulosas em cada acordo e contrato celebrados.<\/p>\n<p>N\u00e3o existem na Col\u00f4mbia espa\u00e7os de discuss\u00e3o que tenham a capacidade de influenciar ou determinar de algum modo as decis\u00f5es ligadas ao modelo de desenvolvimento. Como ficou demonstrado nas recentes elei\u00e7\u00f5es locais, os partidos pol\u00edticos foram dilu\u00eddos a mesquinhas lideran\u00e7as corruptas e carentes de princ\u00edpios. As for\u00e7as pol\u00edticas que podiam discutir o modelo est\u00e3o minadas.<\/p>\n<p>Somente duas formas de luta se op\u00f5em de modo corajoso e pertinaz. A luta de rua nas marchas e protestos, e a luta guerrilheira nas montanhas. As recentes disposi\u00e7\u00f5es sobre a Seguran\u00e7a Cidad\u00e3 aproximam a primeira \u00e0 delinq\u00fc\u00eancia e atribui a ela penas de pris\u00e3o. Ao mesmo tempo nos exigem a desmobiliza\u00e7\u00e3o sob a amea\u00e7a de aniquila\u00e7\u00e3o total.<\/p>\n<p>Esse \u00e9 o marco em que toma corpo o desesperado desejo de fazer render as FARC-EP. Sabemos muito bem quais s\u00e3o os prop\u00f3sitos do presidente Santos, enriquecer ainda mais os mais ricos e levar ainda mais mis\u00e9ria aos mais pobres. Resulta, como conseq\u00fc\u00eancia, de cardial import\u00e2ncia construir pontes necess\u00e1rias para fortalecer, unificar e defender as duas formas de luta vigentes.<\/p>\n<p>Mobiliza\u00e7\u00e3o de massas e luta guerrilheira est\u00e3o chamadas a convergir em um eixo estrat\u00e9gico, a solu\u00e7\u00e3o pol\u00edtica ao conflito que se realiza na Col\u00f4mbia. A guerra n\u00e3o \u00e9 mais que a determina\u00e7\u00e3o do imp\u00e9rio e da oligarquia de fechar todos os caminhos da oposi\u00e7\u00e3o aos seus planos de despojamento, o martelo com que as classes dominantes esperam esmagar a inconformidade.<\/p>\n<p>A resist\u00eancia her\u00f3ica da insurg\u00eancia colombiana, igual que a voz alta do povo mobilizado em protestos, n\u00e3o pode cessar com um falso chamado \u00e0 negocia\u00e7\u00e3o e ao consenso. Qualquer tentativa de desmobilizar a luta popular sem que solu\u00e7\u00f5es que erradiquem suas causas estar\u00e1 condenada ao fracasso. N\u00e3o pode haver paz com repress\u00e3o e fome.<\/p>\n<p>As FARC-EP rendemos homenagem \u00e0 mem\u00f3ria do nosso Comandante Alfonso Cano. Por nosso povo e por ele, nos comprometemos a persistir na busca da solu\u00e7\u00e3o pol\u00edtica at\u00e9 alcan\u00e7ar uma paz democr\u00e1tica com dignidade e justi\u00e7a social. A voz dos estudantes, trabalhadores, camponeses, comunidades ind\u00edgenas e negras, desempregados, aposentados, mulheres e classes m\u00e9dias angustiadas tem que ser escutada e atendida na Col\u00f4mbia.<\/p>\n<p>Com o camarada Alfonso recordamos aos iludidos:<\/p>\n<p>\u201cDesmobilizar-se \u00e9 sin\u00f4nimo de in\u00e9rcia, \u00e9 entrega covarde, \u00e9 rendi\u00e7\u00e3o e trai\u00e7\u00e3o \u00e0 causa popular e ao ide\u00e1rio revolucion\u00e1rio que cultivamos e lutamos por transforma\u00e7\u00f5es sociais, \u00e9 uma indignidade que leva impl\u00edcita uma mensagem de desesperan\u00e7a ao povo que confia em nosso compromisso\u201d.<\/p>\n<p>Comandante Alfonso Cano:<\/p>\n<p>Morrer pela P\u00e1tria \u00e9 viver para sempre!!!<\/p>\n<p>Secretariado do Estado Maior Central das FARC-EP<\/p>\n<p>Novembro de 2011.<\/p>\n<p>Traduzido pelo Coletivo Paulo Petry, n\u00facleo da UJC\/PCB em Cuba.<\/p>\n","protected":false},"excerpt":{"rendered":"\n\n\nCr\u00e9dito:PCP\n\n\n\n\n\n\n\n\nA queda em combate do Comandante Alfonso Cano (Secretariado do Estado Maior Central das FARC-EP)\n<a class=\"moretag\" href=\"https:\/\/pcb.org.br\/portal2\/2072\"> <\/a>","protected":false},"author":1,"featured_media":0,"comment_status":"open","ping_status":"open","sticky":false,"template":"","format":"standard","meta":{"jetpack_post_was_ever_published":false,"_jetpack_newsletter_access":"","_jetpack_dont_email_post_to_subs":false,"_jetpack_newsletter_tier_id":0,"_jetpack_memberships_contains_paywalled_content":false,"_jetpack_memberships_contains_paid_content":false,"footnotes":"","jetpack_publicize_message":"","jetpack_publicize_feature_enabled":true,"jetpack_social_post_already_shared":false,"jetpack_social_options":{"image_generator_settings":{"template":"highway","default_image_id":0,"font":"","enabled":false},"version":2}},"categories":[34],"tags":[],"class_list":["post-2072","post","type-post","status-publish","format-standard","hentry","category-c39-colombia"],"jetpack_publicize_connections":[],"jetpack_featured_media_url":"","jetpack_shortlink":"https:\/\/wp.me\/p659gw-xq","jetpack-related-posts":[],"jetpack_likes_enabled":true,"jetpack_sharing_enabled":true,"_links":{"self":[{"href":"https:\/\/pcb.org.br\/portal2\/wp-json\/wp\/v2\/posts\/2072","targetHints":{"allow":["GET"]}}],"collection":[{"href":"https:\/\/pcb.org.br\/portal2\/wp-json\/wp\/v2\/posts"}],"about":[{"href":"https:\/\/pcb.org.br\/portal2\/wp-json\/wp\/v2\/types\/post"}],"author":[{"embeddable":true,"href":"https:\/\/pcb.org.br\/portal2\/wp-json\/wp\/v2\/users\/1"}],"replies":[{"embeddable":true,"href":"https:\/\/pcb.org.br\/portal2\/wp-json\/wp\/v2\/comments?post=2072"}],"version-history":[{"count":0,"href":"https:\/\/pcb.org.br\/portal2\/wp-json\/wp\/v2\/posts\/2072\/revisions"}],"wp:attachment":[{"href":"https:\/\/pcb.org.br\/portal2\/wp-json\/wp\/v2\/media?parent=2072"}],"wp:term":[{"taxonomy":"category","embeddable":true,"href":"https:\/\/pcb.org.br\/portal2\/wp-json\/wp\/v2\/categories?post=2072"},{"taxonomy":"post_tag","embeddable":true,"href":"https:\/\/pcb.org.br\/portal2\/wp-json\/wp\/v2\/tags?post=2072"}],"curies":[{"name":"wp","href":"https:\/\/api.w.org\/{rel}","templated":true}]}}