{"id":20751,"date":"2018-09-06T20:56:07","date_gmt":"2018-09-06T23:56:07","guid":{"rendered":"https:\/\/pcb.org.br\/portal2\/?p=20751"},"modified":"2018-09-06T21:26:59","modified_gmt":"2018-09-07T00:26:59","slug":"venezuela-reivindica-luta-de-mulheres-indigenas-da-patria-grande","status":"publish","type":"post","link":"https:\/\/pcb.org.br\/portal2\/20751","title":{"rendered":"Venezuela reivindica luta de mulheres ind\u00edgenas da P\u00e1tria Grande"},"content":{"rendered":"<p><img decoding=\"async\" class=\"imagem\" title=\"imagem\" src=\"https:\/\/i0.wp.com\/www.prensalatina.com.br\/images\/2018\/septiembre\/05\/G.In.jpg\" alt=\"imagem\" \/><!--more-->Caracas, 5 set (Prensa Latina)<\/p>\n<p>O presidente da Venezuela, Nicol\u00e1s Maduro, afirmou que o Governo bolivariano reivindica as lutas empreendidas pelas mulheres da P\u00e1tria Grande, a prop\u00f3sito de se comemorar, em 05 de setembro, o Dia Internacional da Mulher Ind\u00edgena.<\/p>\n<p>Atrav\u00e9s da rede social Twitter, o chefe de Estado exaltou a figura da guerreira do povo Aymara, Bartolina Sisa, que lutou contra a discrimina\u00e7\u00e3o e abusos cometidos pelos opressores espanh\u00f3is no Alto Peru.<\/p>\n<p>Recordou que a l\u00edder ind\u00edgena faleceu em 5 de setembro de 1782, raz\u00e3o pela qual se designou a data como o Dia Internacional da Mulher Ind\u00edgena.<\/p>\n<p>&#8220;Comemoramos o Dia Internacional da Mulher Ind\u00edgena em homenagem a Bartolina Sisa, guerreira do povo Aymara que se op\u00f4s, ativamente, ao colonialismo espanhol no Alto Peru. Hoje reivindicamos as lutas de nossas irm\u00e3s ind\u00edgenas da P\u00e1tria Grande&#8221;, escreveu Maduro na plataforma digital.<\/p>\n<p>Nascida em 24 de agosto de 1754, Bartolina Sisa esteve casada com o l\u00edder T\u00fapac Katari, com quem organizou a resist\u00eancia ind\u00edgena dos povos andinos contra o colonialismo espanhol no Cuzco, Peru.<\/p>\n<p>A guerreira aymara, considerada uma das mulheres mais valentes da \u00e9poca, morreu esquartejada pelas for\u00e7as reais durante a rebeli\u00e3o anticolonial no Alto Peru.<\/p>\n<p>Dados emitidos pela Organiza\u00e7\u00e3o das Na\u00e7\u00f5es Unidas informam a exist\u00eancia no mundo de 370 milh\u00f5es de ind\u00edgenas.<\/p>\n<p>Na Venezuela, de acordo com o \u00faltimo Censo de Popula\u00e7\u00e3o realizado em 2011, declararam-se pertencentes a algum povo ind\u00edgena 724.592 mil pessoas, das quais, 359.016 mil s\u00e3o mulheres, o que representa 49,54 por cento de toda a popula\u00e7\u00e3o origin\u00e1ria.<\/p>\n<p>Desde 1983, os povos do mundo comemoram o Dia Internacional da Mulher Ind\u00edgena em homenagem \u00e0s portadoras da heran\u00e7a cultural e ancestral das comunidades origin\u00e1rias.<\/p>\n<p>rgh\/odf\/mm\/gdc<\/p>\n<p>https:\/\/www.prensalatina.com.br\/index.php?o=rn&#038;id=19047&#038;SEO=venezuela-reivindica-luta-de-mulheres-indigenas-da-patria-grande<\/p>\n","protected":false},"excerpt":{"rendered":"<a class=\"moretag\" href=\"https:\/\/pcb.org.br\/portal2\/20751\"> <\/a>","protected":false},"author":1,"featured_media":0,"comment_status":"closed","ping_status":"closed","sticky":false,"template":"","format":"standard","meta":{"jetpack_post_was_ever_published":false,"_jetpack_newsletter_access":"","_jetpack_dont_email_post_to_subs":false,"_jetpack_newsletter_tier_id":0,"_jetpack_memberships_contains_paywalled_content":false,"_jetpack_memberships_contains_paid_content":false,"footnotes":"","jetpack_publicize_message":"","jetpack_publicize_feature_enabled":true,"jetpack_social_post_already_shared":true,"jetpack_social_options":{"image_generator_settings":{"template":"highway","default_image_id":0,"font":"","enabled":false},"version":2}},"categories":[8,163],"tags":[227],"class_list":["post-20751","post","type-post","status-publish","format-standard","hentry","category-america-latina","category-movimento-indigena","tag-5a"],"jetpack_publicize_connections":[],"jetpack_featured_media_url":"","jetpack_shortlink":"https:\/\/wp.me\/p659gw-5oH","jetpack-related-posts":[],"jetpack_likes_enabled":true,"jetpack_sharing_enabled":true,"_links":{"self":[{"href":"https:\/\/pcb.org.br\/portal2\/wp-json\/wp\/v2\/posts\/20751","targetHints":{"allow":["GET"]}}],"collection":[{"href":"https:\/\/pcb.org.br\/portal2\/wp-json\/wp\/v2\/posts"}],"about":[{"href":"https:\/\/pcb.org.br\/portal2\/wp-json\/wp\/v2\/types\/post"}],"author":[{"embeddable":true,"href":"https:\/\/pcb.org.br\/portal2\/wp-json\/wp\/v2\/users\/1"}],"replies":[{"embeddable":true,"href":"https:\/\/pcb.org.br\/portal2\/wp-json\/wp\/v2\/comments?post=20751"}],"version-history":[{"count":0,"href":"https:\/\/pcb.org.br\/portal2\/wp-json\/wp\/v2\/posts\/20751\/revisions"}],"wp:attachment":[{"href":"https:\/\/pcb.org.br\/portal2\/wp-json\/wp\/v2\/media?parent=20751"}],"wp:term":[{"taxonomy":"category","embeddable":true,"href":"https:\/\/pcb.org.br\/portal2\/wp-json\/wp\/v2\/categories?post=20751"},{"taxonomy":"post_tag","embeddable":true,"href":"https:\/\/pcb.org.br\/portal2\/wp-json\/wp\/v2\/tags?post=20751"}],"curies":[{"name":"wp","href":"https:\/\/api.w.org\/{rel}","templated":true}]}}