{"id":20755,"date":"2018-09-06T21:04:25","date_gmt":"2018-09-07T00:04:25","guid":{"rendered":"https:\/\/pcb.org.br\/portal2\/?p=20755"},"modified":"2018-09-06T21:04:25","modified_gmt":"2018-09-07T00:04:25","slug":"a-argentina-e-a-liberdade-de-expressao-no-capitalismo","status":"publish","type":"post","link":"https:\/\/pcb.org.br\/portal2\/20755","title":{"rendered":"A Argentina e a liberdade de express\u00e3o no capitalismo"},"content":{"rendered":"<p><img decoding=\"async\" class=\"imagem\" title=\"imagem\" src=\"https:\/\/i0.wp.com\/www.resumenlatinoamericano.org\/wp-content\/uploads\/2018\/09\/telam21-1-620x400.jpg\" alt=\"imagem\" \/><!--more-->strong&gt;Jones Manoel*<\/p>\n<p>A imensa maioria do povo brasileiro n\u00e3o sabe que a Argentina est\u00e1 sendo destru\u00edda em ritmo acelerado. Sobre a Venezuela todo brasileiro acha que sabe alguma coisa. Todos os dias em todos os meios de comunica\u00e7\u00e3o aparece uma not\u00edcia negativa sobre a p\u00e1tria de Hugo Ch\u00e1vez. O brasileiro informado pela m\u00eddia burguesa acredita que a Venezuela \u00e9 o pior pa\u00eds da Am\u00e9rica Latina para se viver. Quando a Argentina era governada por Cristina\u00a0Kirchner, a t\u00f4nica se repetia.<\/p>\n<p>Agora a Argentina \u00e9 governada pelo liberal Macri. Macri, o liberal, aplica um programa econ\u00f4mico liberal totalmente alinhado aos EUA. Resultado? Maior infla\u00e7\u00e3o e taxa de juros da Am\u00e9rica do Sul (n\u00e3o, n\u00e3o \u00e9 na Venezuela), crescimento desastroso da mis\u00e9ria, pobreza, desigualdade, viol\u00eancia, depress\u00e3o e suic\u00eddio. E em breve teremos mais bases militares dos EUA na Argentina.<\/p>\n<p>Tem noticias sobre a Argentina? Tem sim. Mas poucas e r\u00e1pidas. Bem r\u00e1pidas. N\u00e3o vai passar em todos os telejornais e muito menos ser tema de extensas reportagens especiais. N\u00e3o mesmo.<\/p>\n<p>N\u00e3o \u00e9 proibido falar sobre a Argentina. &#8220;Apenas&#8221; a imensa maioria do povo brasileiro n\u00e3o ser\u00e1 informada sobre o que se passa no pa\u00eds vizinho. O capital, aquele que seleciona as not\u00edcias, n\u00e3o vai deixar.<\/p>\n<p><strong>Nota de O PODER POPULAR:<\/strong><\/p>\n<p>Para saber alguma coisa sobre o que est\u00e1 acontecendo na Argentina, \u00e9 preciso recorrer a m\u00eddias alternativas, como a\u00a0www.resumenlatinoamericano.org, que publica diariamente reportagens sobre as lutas populares na Am\u00e9rica Latina, a exemplo da mat\u00e9ria abaixo e de outras, cujos links est\u00e3o disponibilizados abaixo:<\/p>\n<p><strong>Argentina: sob a chuva e com muito frio, uma multid\u00e3o marchou em defesa da universidade p\u00fablica<\/strong><\/p>\n<p>30 de agosto de 2018<\/p>\n<p>\u201cNem a tormenta perfeita nem o presidente imperfeito v\u00e3o nos frear\u201d, assegurou sob a intensa chuva um dos milhares de docentes postados em frente ao Congresso junto a outros milhares de estudantes, pesquisadores, autoridades acad\u00eamicas, representantes sindicais e trabalhadores n\u00e3o docentes das 57 universidades p\u00fablicas, que se preparavam para marchar rumo \u00e0 Casa Rosada em defesa da educa\u00e7\u00e3o p\u00fablica. \u201cTodos os n\u00edveis educativos est\u00e3o aqui apoiando os universit\u00e1rios para que quem habita a Casa Rosada saiba que a prioridade da comunidade educacional e de cada fam\u00edlia \u00e9 a educa\u00e7\u00e3o\u201d, sentenciou o secret\u00e1rio geral da UTE, Eduardo L\u00f3ppez, e na marcha j\u00e1 eram milhares.<\/p>\n<p>A marcha convocada por estudantes, docentes e trabalhadores n\u00e3o docentes das 57 casas de estudo de todo o pa\u00eds foi crescendo ao calor da intransig\u00eancia do Governo na voz do ministro da Educa\u00e7\u00e3o, Alejandro Finocchiaro, que ap\u00f3s quatro semanas de conflito continua negando a redu\u00e7\u00e3o or\u00e7ament\u00e1ria para as casas de altos estudos e oferecendo 15% de aumento salarial na parit\u00e1ria docente. \u201c\u00c9 uma marcha contundente. Este Governo vai ter dificuldades para poder avan\u00e7ar sobre a educa\u00e7\u00e3o p\u00fablica, porque isto vai mais al\u00e9m de um tema salarial\u201d, defendeu o secret\u00e1rio geral da Conadu, Carlos de Feo, em di\u00e1logo com C5N.<\/p>\n<p>O titular da Conadu defendeu que \u201cainda que o Governo tente reduzir o conflito a uma reivindica\u00e7\u00e3o salarial, isto se trata de algo superior, que tem rela\u00e7\u00e3o com a diminui\u00e7\u00e3o do or\u00e7amento, e estas milhares de pessoas est\u00e3o demonstrando que n\u00e3o est\u00e3o dispostos a que isso continue acontecendo\u201d. O ministro Finocchiaro tamb\u00e9m reduziu a quest\u00f5es partid\u00e1rias em uma de suas explica\u00e7\u00f5es para camuflar o pedido da comunidade educativa e assegurou que s\u00f3 se tratava de uma \u201calian\u00e7a kirchnerotroskista\u201d.<\/p>\n<p>\u201cEstamos aqui apesar do clima inclemente. Estamos reclamando porque a situa\u00e7\u00e3o na universidade \u00e9 desastrosa, assim como na ci\u00eancia\u201d, denunciou um docente da Faculdade de Exatas da UBA, empapado apesar o guarda-chuva. \u201cO ataque n\u00e3o surpreende, o ataque \u00e9 \u00e0 ci\u00eancia e \u00e0 universidade, \u00e9 \u00e0 produ\u00e7\u00e3o de conhecimento\u201d, lamentou o docente integrante do Sindicato de Trabalhadores Docentes da UBA.<\/p>\n<p>A mobiliza\u00e7\u00e3o come\u00e7ou pouco depois das 18:00, do Congresso at\u00e9 a Casa Rosada, onde o Gabinete presidencial continuava assimilando o impacto da nova corrida do d\u00f3lar, enquanto os docentes advertiam que essa corrida tamb\u00e9m impactar\u00e1 as pesquisas universit\u00e1rias. \u201cO que est\u00e1 em perigo \u00e9 a educa\u00e7\u00e3o p\u00fablica em todos os n\u00edveis e o que o Governo faz \u00e9 mentir. Por\u00e9m, o macrismo se meteu com um s\u00edmbolo que \u00e9 a educa\u00e7\u00e3o p\u00fablica\u201d, avaliou a titular da CTERA, Sonia Aleso.\u00a0E os guarda-chuva continuam chegando \u00e0 Plaza de Mayo, a chuva diminu\u00eda e at\u00e9 se via um arco-\u00edris sobre a Pir\u00e2mide de Mayo.<\/p>\n<p>http:\/\/www.resumenlatinoamericano.org\/2018\/09\/06\/argentina-claudio-katz-al-borde-del-abismo\/<\/p>\n<p>http:\/\/www.resumenlatinoamericano.org\/2018\/09\/06\/el-fracaso-de-macri-y-su-laboratorio-neoliberal-en-argentina\/<\/p>\n<p>http:\/\/www.resumenlatinoamericano.org\/2018\/09\/05\/argentina-resumen-gremial-trabajadores-de-prensa-marcharon-en-reclamo-por-las-reincorporaciones-de-los-357-despedidos-en-la-agencia-telam-fotos\/<\/p>\n<p>http:\/\/www.resumenlatinoamericano.org\/2018\/09\/05\/argentina-manifestacion-frente-al-ex-ministerio-de-salud-en-repudio-a-su-degradacion-a-secretaria\/<\/p>\n<p>http:\/\/www.resumenlatinoamericano.org\/2018\/09\/05\/argentina-organizaciones-sociales-convocan-a-plan-de-lucha-fuera-el-fmi-basta-de-hambre\/<\/p>\n<p><strong>*Militante do PCB de Pernambuco<\/strong><\/p>\n","protected":false},"excerpt":{"rendered":"<a class=\"moretag\" href=\"https:\/\/pcb.org.br\/portal2\/20755\"> <\/a>","protected":false},"author":1,"featured_media":0,"comment_status":"closed","ping_status":"closed","sticky":false,"template":"","format":"standard","meta":{"jetpack_post_was_ever_published":false,"_jetpack_newsletter_access":"","_jetpack_dont_email_post_to_subs":false,"_jetpack_newsletter_tier_id":0,"_jetpack_memberships_contains_paywalled_content":false,"_jetpack_memberships_contains_paid_content":false,"footnotes":"","jetpack_publicize_message":"","jetpack_publicize_feature_enabled":true,"jetpack_social_post_already_shared":true,"jetpack_social_options":{"image_generator_settings":{"template":"highway","default_image_id":0,"font":"","enabled":false},"version":2}},"categories":[57],"tags":[223],"class_list":["post-20755","post","type-post","status-publish","format-standard","hentry","category-c68-argentina","tag-3a"],"jetpack_publicize_connections":[],"jetpack_featured_media_url":"","jetpack_shortlink":"https:\/\/wp.me\/p659gw-5oL","jetpack-related-posts":[],"jetpack_likes_enabled":true,"jetpack_sharing_enabled":true,"_links":{"self":[{"href":"https:\/\/pcb.org.br\/portal2\/wp-json\/wp\/v2\/posts\/20755","targetHints":{"allow":["GET"]}}],"collection":[{"href":"https:\/\/pcb.org.br\/portal2\/wp-json\/wp\/v2\/posts"}],"about":[{"href":"https:\/\/pcb.org.br\/portal2\/wp-json\/wp\/v2\/types\/post"}],"author":[{"embeddable":true,"href":"https:\/\/pcb.org.br\/portal2\/wp-json\/wp\/v2\/users\/1"}],"replies":[{"embeddable":true,"href":"https:\/\/pcb.org.br\/portal2\/wp-json\/wp\/v2\/comments?post=20755"}],"version-history":[{"count":0,"href":"https:\/\/pcb.org.br\/portal2\/wp-json\/wp\/v2\/posts\/20755\/revisions"}],"wp:attachment":[{"href":"https:\/\/pcb.org.br\/portal2\/wp-json\/wp\/v2\/media?parent=20755"}],"wp:term":[{"taxonomy":"category","embeddable":true,"href":"https:\/\/pcb.org.br\/portal2\/wp-json\/wp\/v2\/categories?post=20755"},{"taxonomy":"post_tag","embeddable":true,"href":"https:\/\/pcb.org.br\/portal2\/wp-json\/wp\/v2\/tags?post=20755"}],"curies":[{"name":"wp","href":"https:\/\/api.w.org\/{rel}","templated":true}]}}