{"id":2085,"date":"2011-11-18T15:30:17","date_gmt":"2011-11-18T15:30:17","guid":{"rendered":"http:\/\/pcb.org.br\/portal2\/?p=2085"},"modified":"2011-11-18T15:30:17","modified_gmt":"2011-11-18T15:30:17","slug":"ep-lancamentos-de-outubro","status":"publish","type":"post","link":"https:\/\/pcb.org.br\/portal2\/2085","title":{"rendered":"EP: Lan\u00e7amentos de Outubro!"},"content":{"rendered":"\n<p>Uma das principais caracter\u00edsticas que marca a produ\u00e7\u00e3o itelectual de Carlos Nelson Coutinho \u00e9 a vincula\u00e7\u00e3o de suas reflex\u00f5es te\u00f3ricas (a cr\u00edtica filos\u00f3fica e liter\u00e1ria) e a an\u00e1lise hist\u00f3rico-pol\u00edtica (especialmente da forma\u00e7\u00e3o social brasileira) \u00e0s lutas sociais do povo brasileiro. Essa vincula\u00e7\u00e3o \u00e9 tamb\u00e9m marcante em Cultura e sociedade no Brasil, uma reuni\u00e3o de diversos ensaios, escritos ao longo de mais de 40 anos \u2013 o primeiro deles data de 1965 e o mais recente \u00e9 de 2006.S\u00e3o v\u00e1rios os aspectos que trazem unidade a este livro: a perspectiva marxista adotada na an\u00e1lise dos diferentes temas; a preocupa\u00e7\u00e3o em compreender os diferentes aspectos da din\u00e2mica da forma\u00e7\u00e3o social brasileira, e seus reflexos tanto na cultura \u2013 atrav\u00e9s do trato de romancistas brasileiros e tamb\u00e9m do papel intelectual em uma sociedade como a brasileira \u2013 quanto na an\u00e1lise pol\u00edtica, ao tra\u00e7ar relex\u00f5es sobre tr\u00eas importantes int\u00e9rpretes marxistas da realidade brasileira.<\/p>\n<p>A compreens\u00e3o de que forma e conte\u00fado constituem uma unidade, assim com oa de que a sociedade deve ser sempre analisada a partir do ponto de vista da totalidade \u00e9 algo presente ao longo de todo o livro. Nesse sentido, pode-se perceber a marcada influ\u00eancia de dois pensadores marxistas: Gy\u00f6rgy Luk\u00e1cs e Antonio Gramsci, &#8220;que nos ensinam a ver nas formas e nas ideias algo mais do que as leis da escrita ou a coer\u00eancia do discurso: formas e ideias s\u00e3o tamb\u00e9m express\u00e3o condensada de constela\u00e7\u00f5es sociais, meios privilegiados de reproduzir espiritualmente as contradi\u00e7\u00f5es reais e, ao mesmo tempo, de propor um modo novo de enfrent\u00e1-las e super\u00e1-las.&#8221;<\/p>\n<hr \/>\n<p>Os estudos sobre os agrot\u00f3xicos, trabalho e sa\u00fade, contidos neste livro, trazem reflex\u00f5es sobre a cadeia produtiva do agroneg\u00f3cio que transformou o agro (agr\u00edcola) em neg\u00f3cio que visa lucro imediato da explora\u00e7\u00e3o da natureza e do homem, sem medir consequ\u00eancias ou se responsabilizar pelos impactos na sa\u00fade-ambiente.As pesquisas refletem uma oportuna interpreta\u00e7\u00e3o de Marx \u2013 o trabalho \u00e9 o movimento das for\u00e7as f\u00edsicas e mentais para transformar a natureza com a finalidade de manter a vida ou melhorar sua qualidade, por\u00e9m, a mais-valia, o lucro e a usura dos capitalistas, os transformaram em mercadoreias que induziram os citados acidentes de trabalho, as intoxica\u00e7\u00f5es agudas e cr\u00f4nicas por agrot\u00f3xicos e fertilizantes qu\u00edmicos, as polui\u00e7\u00f5es das \u00e1guas, do ar, da chuva, dos alimentos e do leite materno.O livro ainda mostra que as comunidades afetadas e pesquisadores resistem a esta destrui\u00e7\u00e3o e est\u00e3o construindo modelo agroecol\u00f3gico sustent\u00e1vel que se contrap\u00f5e \u00a0ao modelo do agroneg\u00f3cio vigente no Cear\u00e1, no Mato Grosso, no Brasil e na Am\u00e9rica Latina. A leitura servir\u00e1 de est\u00edmulos para a implanta\u00e7\u00e3o da &#8220;vigil\u00e2ncia do desenvolvimento&#8221; e para nossa &#8220;Campanha permanente contra os agrot\u00f3xicos e pela vida&#8221;.<\/p>\n<p>Wanderlei Pignati; professor do Instituto de Sa\u00fade Coletivo da Universidade Federal de Mato Grosso<\/p>\n<p><strong>21 de Novembro<\/strong> de 2011 \u2013 Lan\u00e7amento do livro<a href=\"http:\/\/expressaopopular.com.br\/livros\/expressao-popular\/partido-e-revolucao-1848-1989\" target=\"_blank\"><strong> Partido e Revolu\u00e7\u00e3o 1848-1989<\/strong><\/a>, de Marcelo Braz, na Oficina Nacional da ABEPSS,\u00a0no Rio de Janeiro. Mais informa\u00e7\u00f5es:\u00a0<a href=\"http:\/\/www.ess.ufrj.br\/\" target=\"_blank\">http:\/\/www.ess.ufrj.br\/<\/a><\/p>\n<hr \/>\n<p><strong>21 de Novembro<\/strong> de 2011 \u2013\u00a0Teatro Casa Grande ter\u00e1 palestra de<strong> homenagem a Nelson W. Sodr\u00e9<\/strong><\/p>\n<p>No dia 21 de novembro, a partir das 20 horas, a curadora da obra de Nelson Werneck Sodr\u00e9, Olga Sodr\u00e9, e Lincoln Penna, presidente do MODECOM, far\u00e3o uma palestra na cidade do Rio de Janeiro, no Teatro Casa Grande (Avenida Afr\u00e2nio de Melo Franco, 290 &#8211; Shopping do Leblon).\u00a0O evento ser\u00e1 uma homenagem ao ano do Centen\u00e1rio de nascimento de Nelson Werneck Sodr\u00e9 e ter\u00e1 como tema \u201cO General do Povo e a Hist\u00f3ria da Imprensa no Brasil\u201d.<\/p>\n<p>Na ocasi\u00e3o, estar\u00e1 sendo vendido o livro<a href=\"http:\/\/expressaopopular.com.br\/livros\/expressao-popular\/historia-militar-do-brasil-1\" target=\"_blank\"> Hist\u00f3ria Militar do Brasil<\/a>, editado pela Express\u00e3o Popular.<\/p>\n<hr \/>\n<p>Livraria Express\u00e3o Popular &#8211; Rua Aboli\u00e7\u00e3o, 201 &#8211; Bela Vista S\u00e3o Paulo SP &#8211; CEP: 01319-010<\/p>\n<p>Tel:\u00a011 3105-9500 &#8211; 3522-7516 &#8211; livraria@expressaopopular.com.br<\/p>\n<p>Fonte:\u00a0<a href=\"http:\/\/www.expressaopopular.com.br\" target=\"_blank\">www.expressaopopular.com.br<\/a><\/p>\n","protected":false},"excerpt":{"rendered":"\n\n\nCr\u00e9dito: EP\n\n\n\n\n\n\n\n\nExpress\u00e3o Popular\n<a class=\"moretag\" href=\"https:\/\/pcb.org.br\/portal2\/2085\"> <\/a>","protected":false},"author":1,"featured_media":0,"comment_status":"open","ping_status":"open","sticky":false,"template":"","format":"standard","meta":{"jetpack_post_was_ever_published":false,"_jetpack_newsletter_access":"","_jetpack_dont_email_post_to_subs":false,"_jetpack_newsletter_tier_id":0,"_jetpack_memberships_contains_paywalled_content":false,"_jetpack_memberships_contains_paid_content":false,"footnotes":"","jetpack_publicize_message":"","jetpack_publicize_feature_enabled":true,"jetpack_social_post_already_shared":false,"jetpack_social_options":{"image_generator_settings":{"template":"highway","default_image_id":0,"font":"","enabled":false},"version":2}},"categories":[50],"tags":[],"class_list":["post-2085","post","type-post","status-publish","format-standard","hentry","category-c61-cultura-revolucionaria"],"jetpack_publicize_connections":[],"jetpack_featured_media_url":"","jetpack_shortlink":"https:\/\/wp.me\/p659gw-xD","jetpack-related-posts":[],"jetpack_likes_enabled":true,"jetpack_sharing_enabled":true,"_links":{"self":[{"href":"https:\/\/pcb.org.br\/portal2\/wp-json\/wp\/v2\/posts\/2085","targetHints":{"allow":["GET"]}}],"collection":[{"href":"https:\/\/pcb.org.br\/portal2\/wp-json\/wp\/v2\/posts"}],"about":[{"href":"https:\/\/pcb.org.br\/portal2\/wp-json\/wp\/v2\/types\/post"}],"author":[{"embeddable":true,"href":"https:\/\/pcb.org.br\/portal2\/wp-json\/wp\/v2\/users\/1"}],"replies":[{"embeddable":true,"href":"https:\/\/pcb.org.br\/portal2\/wp-json\/wp\/v2\/comments?post=2085"}],"version-history":[{"count":0,"href":"https:\/\/pcb.org.br\/portal2\/wp-json\/wp\/v2\/posts\/2085\/revisions"}],"wp:attachment":[{"href":"https:\/\/pcb.org.br\/portal2\/wp-json\/wp\/v2\/media?parent=2085"}],"wp:term":[{"taxonomy":"category","embeddable":true,"href":"https:\/\/pcb.org.br\/portal2\/wp-json\/wp\/v2\/categories?post=2085"},{"taxonomy":"post_tag","embeddable":true,"href":"https:\/\/pcb.org.br\/portal2\/wp-json\/wp\/v2\/tags?post=2085"}],"curies":[{"name":"wp","href":"https:\/\/api.w.org\/{rel}","templated":true}]}}