{"id":20914,"date":"2018-09-24T22:09:33","date_gmt":"2018-09-25T01:09:33","guid":{"rendered":"https:\/\/pcb.org.br\/portal2\/?p=20914"},"modified":"2018-09-24T22:17:44","modified_gmt":"2018-09-25T01:17:44","slug":"diaz-canel-cuba-nunca-renunciara-a-revolucao-nem-aceitara-imposicoes-dos-eua","status":"publish","type":"post","link":"https:\/\/pcb.org.br\/portal2\/20914","title":{"rendered":"D\u00edaz-Canel: \u201cCuba nunca renunciar\u00e1 \u00e0 Revolu\u00e7\u00e3o nem aceitar\u00e1 imposi\u00e7\u00f5es dos EUA\u201d"},"content":{"rendered":"<p><img decoding=\"async\" class=\"imagem\" title=\"imagem\" src=\"https:\/\/i0.wp.com\/www.radiorebelde.cu\/images\/images\/cuba\/miguel-diaz-canel.jpg\" alt=\"imagem\" \/><!--more-->Resumen Latinoamericano<\/p>\n<p><em>O Presidente de Cuba falou sobre sua rela\u00e7\u00e3o com Trump, a reforma constitucional do pa\u00eds, o matrim\u00f4nio igualit\u00e1rio em Cuba e a situa\u00e7\u00e3o na Venezuela e Am\u00e9rica Latina.<\/em><\/p>\n<p>O Presidente de Cuba, Miguel D\u00edaz-Canel, afirmou que seu pa\u00eds est\u00e1 disposto ao di\u00e1logo, enquanto n\u00e3o se condicione a soberania nacional,\u00a0<em>\u201cporque n\u00f3s n\u00e3o aceitamos imposi\u00e7\u00f5es, menos ainda dos EUA\u201d<\/em>.<\/p>\n<p><em>\u201cCaso se mantenha esta absurda atitude do Governo dos EUA contra Cuba, n\u00e3o haver\u00e1 di\u00e1logo\u201d<\/em>, afirmou o mandat\u00e1rio em entrevista \u00e0 TeleSUR, a primeira que ofereceu a um meio de comunica\u00e7\u00e3o desde que foi eleito.<\/p>\n<p>D\u00edaz-Canel dialogou com a presidenta do canal internacional, Patricia Villegas, sobre os temas conjunturais da ilha caribenha, como a reforma constitucional cubana, o bloqueio dos Estados Unidos contra a na\u00e7\u00e3o e a situa\u00e7\u00e3o da regi\u00e3o latino-americana.<\/p>\n<p>Em 19 de abril deste ano, D\u00edaz-Canel assumiu como Presidente de Cuba, afirmando que estes foram\u00a0<em>\u201cmeses de muita experi\u00eancia e, tamb\u00e9m, meses que provocaram muita reflex\u00e3o\u201d<\/em>.<\/p>\n<p>Nesse sentido, assinalou que seu Governo, como continuidade dos Governos de Ra\u00fal e Fidel Castro, \u00e9\u00a0<em>\u201cum Governo do povo, para o povo, que \u00e9 o mesmo que ser um Governo para a Revolu\u00e7\u00e3o\u201d<\/em>\u00a0e que, em todo momento conversa com Ra\u00fal Castro e que o consulta sobre as diretrizes do pa\u00eds.<\/p>\n<p>Para isso, se apresentaram quatro pilares fundamentais: prestar conta de sua gest\u00e3o ante as inst\u00e2ncias governamentais e ante o povo; aprofundar a vincula\u00e7\u00e3o, o debate e o di\u00e1logo permanente com o povo; potencializar as plataformas comunicacionais internas e externas no pa\u00eds; ser ainda mais respons\u00e1veis e disciplinados na hora de enfrentar os problemas do pa\u00eds.<\/p>\n<p><strong>\u201cAtualizaremos nosso sistema de m\u00eddias\u201d<\/strong><\/p>\n<p>O mandat\u00e1rio indicou que nas plataformas comunicacionais\u00a0<em>\u201cprevalecem os conte\u00fados desmobilizadores e perversos\u201d<\/em>, e que o dever de Cuba \u00e9 criar e potencializar conte\u00fados enaltecedores.<em>\u00a0\u201cAtualizar todo nosso sistema de m\u00eddias, mais que os meios e s\u00f3 o jornalismo, a cultura comunicacional que necessita o pa\u00eds\u201d<\/em>, disse o presidente.<\/p>\n<p>Para isso, contou que se est\u00e1 aspirando uma primeira etapa\u00a0<em>\u201cde presen\u00e7a no governo eletr\u00f4nico do pa\u00eds, que tem muito seu embasamento em todas as plataformas digitais\u201d<\/em>.<\/p>\n<p><strong>\u201cO que mais atinge os cubanos \u00e9 o bloqueio dos EUA\u201d<\/strong><\/p>\n<p>Com rela\u00e7\u00e3o ao bloqueio que os Estados Unidos imp\u00f5em \u00e0 ilha h\u00e1 mais de 60 anos, D\u00edaz-Canel\u00a0afirmou que este \u00e9\u00a0<em>\u201co principal obst\u00e1culo para o desenvolvimento do pa\u00eds, a coisa que mais atinge a vida cotidiana dos cubanos e cubanas, e tamb\u00e9m a vida econ\u00f4mica e social \u00e9 o bloqueio imposto pelos Estados Unidos, que \u00e9 uma pr\u00e1tica brutal. Eu diria que \u00e9 um evento de lesa humanidade. Atenta contra um povo. \u00c9 um povo condenado a morrer de fome, de necessidades\u201d<\/em>.<\/p>\n<p>O mandat\u00e1rio cubano defendeu que os cubanos desejam viver nas condi\u00e7\u00f5es normais de qualquer pa\u00eds.\u00a0<em>\u201cN\u00f3s n\u00e3o somos uma amea\u00e7a para ningu\u00e9m. O que n\u00f3s temos \u00e9 uma vontade e uma voca\u00e7\u00e3o para justi\u00e7a social, para construir um pa\u00eds melhor\u201d<\/em>, assinalou, acrescentando que o maior impedimento para isso \u00e9 precisamente o bloqueio por parte do imp\u00e9rio.<\/p>\n<p>Por isso, fez uma sauda\u00e7\u00e3o ao povo, felicitando seu compromisso.\u00a0<em>\u201cEstamos conscientes de que dependemos de nossas pr\u00f3prias for\u00e7as, de nosso empenho, de nossa vontade\u201d<\/em>, disse.<\/p>\n<p><strong>\u201cCuba deve atualizar seu modelo econ\u00f4mico e social\u201d<\/strong><\/p>\n<p>Com respeito \u00e0 reforma constitucional, que atualmente se encontra em processo no pa\u00eds, o mandat\u00e1rio assegurou que ante o bloqueio, o Governo chegou \u00e0 conclus\u00e3o de que deve atualizar o modelo econ\u00f4mico e social nas condi\u00e7\u00f5es desse cen\u00e1rio.<\/p>\n<p>Para isso, a reforma constitucional refor\u00e7a os postulados da Revolu\u00e7\u00e3o e, al\u00e9m disso, amplia as vis\u00f5es sobre os direitos civis e direitos humanos.\u00a0<em>\u201c\u00c9 um olhar respons\u00e1vel, \u00e9 um olhar objetivo, \u00e9 um olhar realista\u201d<\/em>, afirmou.<\/p>\n<p>O mandat\u00e1rio acrescentou que, como cubanos,\u00a0<em>\u201cchegamos \u00e0 conclus\u00e3o de que temos que atualizar nosso modelo econ\u00f3mico e social nas condi\u00e7\u00f5es do bloqueio\u201d<\/em>, para isso todos os temas da Constitui\u00e7\u00e3o est\u00e3o em debate.<\/p>\n<p>Ante as cr\u00edticas de que a medida implicaria renunciar ao comunismo, D\u00edaz-Canel assinalou que o Governo nunca renunciar\u00e1 a sua ideologia e nem aos valores da Revolu\u00e7\u00e3o Cubana.\u00a0<em>\u201cOs que est\u00e3o mais preocupados se vai ser socialismo ou comunismo, inclusive, n\u00e3o \u00e9 o povo cubano, mas os que nos detratam do estrangeiro\u201d<\/em>,\u00a0disse o presidente<em>.<\/em><\/p>\n<p>A esse respeito, assinalou que o povo de Cuba assumiu a reforma com altura e compromisso.\u00a0<em>\u201cExiste tanta sabedoria em nosso povo. Existe tanta responsabilidade em como o povo assumiu esse debate\u201d<\/em>.<\/p>\n<p><strong>Apoio ao matrim\u00f4nio igualit\u00e1rio<\/strong><\/p>\n<p>O chefe de Estado cubano assinalou que os temas que antes se assumiam a partir de outra posi\u00e7\u00e3o, e podiam ser tab\u00fas, hoje est\u00e3o sendo tratados com outro enfoque.\u00a0<em>\u201cPortanto, \u00e9 necess\u00e1ria a Reforma Constitucional\u201d.<\/em><\/p>\n<p>Nesse sentido, D\u00edaz-Canel se manifestou de acordo com a uni\u00e3o entre pessoas do mesmo sexo, parte do debate constitucional.<\/p>\n<p><em>\u201cEu defendo que n\u00e3o exista nenhum tipo de discrimina\u00e7\u00e3o\u201d<\/em>, afirmou. Indicou, tamb\u00e9m, que embora essa seja sua postura,\u00a0<em>\u201ca \u00faltima palavra ser\u00e1 dada pelo mandato popular e pela soberania do povo\u201d.<\/em><\/p>\n<p><strong>Campanha internacional contra a reforma constitucional<\/strong><\/p>\n<p>Ante o chamado dos contrarrevolucion\u00e1rios de n\u00e3o participar da vota\u00e7\u00e3o da reforma constitucional, que ocorrer\u00e1 em fevereiro de 2019, o Presidente assinalou que essa campanha\u00a0<em>\u201cn\u00e3o responde a um projeto de desenvolvimento nacional\u201d<\/em>\u00a0e que confia plenamente na participa\u00e7\u00e3o popular, que j\u00e1 se reflete no compromisso de assist\u00eancia e debate que se leva a cabo nestas semanas.<\/p>\n<p>A respeito, assegurou que o desafio de hoje \u00e9 conseguir a unidade da sociedade, sobretudo atrair as novas gera\u00e7\u00f5es.\u00a0<em>\u201cEstou convencido de que o inimigo da Revolu\u00e7\u00e3o Cubana sabe que sua principal aposta para nos atacar \u00e9 fragmentar a unidade\u201d<\/em>\u00a0e, para isso,<em>\u201caponta os jovens que assumiram as conquistas da Revolu\u00e7\u00e3o como um direito\u201d<\/em>, disse.<\/p>\n<p><strong>Rela\u00e7\u00e3o Estados Unidos e Cuba<\/strong><\/p>\n<p>D\u00edaz-Canel assegurou que o di\u00e1logo se constr\u00f3i entre dois e em igualdade:\u00a0<em>\u201cN\u00e3o se pode aspirar a um di\u00e1logo onde uma parte condiciona \u00e0 outra de que tem que renunciar a sua soberania e independ\u00eancia\u201d<\/em>.<\/p>\n<p>Atualmente, e apesar de reconhecer um retrocesso com rela\u00e7\u00e3o aos avan\u00e7os obtidos com a administra\u00e7\u00e3o de Barack Obama, o executivo cubano afirmou que seu Governo est\u00e1 disposto ao di\u00e1logo, desde que n\u00e3o se condicione sua soberania,\u00a0<em>\u201cporque n\u00f3s n\u00e3o aceitamos imposi\u00e7\u00f5es, menos ainda dos EUA (&#8230;). Caso se mantenha esta absurda atitude do Governo dos EUA contra Cuba, n\u00e3o haver\u00e1 di\u00e1logo\u201d<\/em>, sentenciou.<\/p>\n<p>Assim, criticou as medidas de Trump contra Cuba, as quais qualificou como uma\u00a0<em>\u201cm\u00e1fia anticubana\u201d<\/em>, acusando-a de desfavorecer e limitar pessoas, fam\u00edlias e empres\u00e1rios dos EUA a ter rela\u00e7\u00f5es comerciais, financeiras e sociais, ao n\u00e3o permitir viajar \u00e0 ilha.<\/p>\n<p>Al\u00e9m disso, repudiou as acusa\u00e7\u00f5es de agress\u00e3o contra diplomatas da Embaixada dos EUA em Cuba.\u00a0<em>\u201cN\u00f3s temos muita \u00e9tica para atacar os outros. (\u2026) Cuba n\u00e3o ataca, Cuba defende, Cuba compartilha, \u00e9 solid\u00e1ria\u201d<\/em>, afirmou.<\/p>\n<p><strong>\u201cA Venezuela est\u00e1 resistindo \u00e0 guerra n\u00e3o convencional\u201d<\/strong><\/p>\n<p>Miguel D\u00edaz-Canel\u00a0celebrou sua amizade com a Venezuela e destacou que Nicol\u00e1s Maduro\u00a0<em>\u201c\u00e9 um l\u00edder consequente, com um compromisso tremendo com o legado de Ch\u00e1vez\u201d<\/em>.<\/p>\n<p>Dessa forma, saudou o povo venezuelano, que\u00a0<em>\u201cfoi agredido na express\u00e3o mais alta de guerra n\u00e3o convencional\u201d<\/em>, denunciando tamb\u00e9m que no pa\u00eds\u00a0<em>\u201cexiste um bloqueio econ\u00f4mico e financeiro\u201d<\/em>\u00a0do qual sair\u00e1 vitorioso, j\u00e1 que os venezuelanos\u00a0<em>\u201cest\u00e3o resistindo e vencendo\u201d<\/em>.<\/p>\n<p>Com rela\u00e7\u00e3o aos organismos de integra\u00e7\u00e3o e solidariedade entre os povos da regi\u00e3o, como Unasul e ALBA, o Presidente disse que as na\u00e7\u00f5es mais fr\u00e1geis ser\u00e3o aquelas que terminar\u00e3o entregando-se ao imp\u00e9rio e que\u00a0<em>\u201cnos desunirmos daria a possibilidade de que se destruam as constru\u00e7\u00f5es sociais e pol\u00edticas\u201d.<\/em><\/p>\n<p>Ao ser consultado sobre o processo de paz na Col\u00f4mbia, D\u00edaz-Canel\u00a0afirmou que o debate pertence somente ao povo colombiano e que apoiar\u00e3o o caminho para a tranquilidade da sociedade.<\/p>\n<p>Sobre o M\u00e9xico, afirmou que a vit\u00f3ria de Andr\u00e9s Manuel L\u00f3pez Obrador foi recebida com muita satisfa\u00e7\u00e3o pelos cubanos e que seu Governo \u00e9 uma esperan\u00e7a para os mexicanos e a Am\u00e9rica Latina, pois promete balancear o equil\u00edbrio de poderes na regi\u00e3o.<\/p>\n<p>V\u00eddeo:\u00a0https:\/\/www.youtube.com\/watch?v=aqkftQS-S9M<\/p>\n<p>Fonte:\u00a0http:\/\/www.resumenlatinoamericano.org\/2018\/09\/20\/diaz-canel-cuba-nunca-renunciara-a-la-revolucion-y-no-aceptamos-imposiciones-de-eeuu\/<\/p>\n<p>Tradu\u00e7\u00e3o: Partido Comunista Brasileiro (PCB)<\/p>\n","protected":false},"excerpt":{"rendered":"<a class=\"moretag\" href=\"https:\/\/pcb.org.br\/portal2\/20914\"> <\/a>","protected":false},"author":1,"featured_media":0,"comment_status":"closed","ping_status":"closed","sticky":false,"template":"","format":"standard","meta":{"jetpack_post_was_ever_published":false,"_jetpack_newsletter_access":"","_jetpack_dont_email_post_to_subs":false,"_jetpack_newsletter_tier_id":0,"_jetpack_memberships_contains_paywalled_content":false,"_jetpack_memberships_contains_paid_content":false,"footnotes":"","jetpack_publicize_message":"","jetpack_publicize_feature_enabled":true,"jetpack_social_post_already_shared":true,"jetpack_social_options":{"image_generator_settings":{"template":"highway","default_image_id":0,"font":"","enabled":false},"version":2}},"categories":[47],"tags":[233],"class_list":["post-20914","post","type-post","status-publish","format-standard","hentry","category-c57-revolucao-cubana","tag-6a"],"jetpack_publicize_connections":[],"jetpack_featured_media_url":"","jetpack_shortlink":"https:\/\/wp.me\/p659gw-5rk","jetpack-related-posts":[],"jetpack_likes_enabled":true,"jetpack_sharing_enabled":true,"_links":{"self":[{"href":"https:\/\/pcb.org.br\/portal2\/wp-json\/wp\/v2\/posts\/20914","targetHints":{"allow":["GET"]}}],"collection":[{"href":"https:\/\/pcb.org.br\/portal2\/wp-json\/wp\/v2\/posts"}],"about":[{"href":"https:\/\/pcb.org.br\/portal2\/wp-json\/wp\/v2\/types\/post"}],"author":[{"embeddable":true,"href":"https:\/\/pcb.org.br\/portal2\/wp-json\/wp\/v2\/users\/1"}],"replies":[{"embeddable":true,"href":"https:\/\/pcb.org.br\/portal2\/wp-json\/wp\/v2\/comments?post=20914"}],"version-history":[{"count":0,"href":"https:\/\/pcb.org.br\/portal2\/wp-json\/wp\/v2\/posts\/20914\/revisions"}],"wp:attachment":[{"href":"https:\/\/pcb.org.br\/portal2\/wp-json\/wp\/v2\/media?parent=20914"}],"wp:term":[{"taxonomy":"category","embeddable":true,"href":"https:\/\/pcb.org.br\/portal2\/wp-json\/wp\/v2\/categories?post=20914"},{"taxonomy":"post_tag","embeddable":true,"href":"https:\/\/pcb.org.br\/portal2\/wp-json\/wp\/v2\/tags?post=20914"}],"curies":[{"name":"wp","href":"https:\/\/api.w.org\/{rel}","templated":true}]}}