{"id":20921,"date":"2018-09-24T22:20:12","date_gmt":"2018-09-25T01:20:12","guid":{"rendered":"https:\/\/pcb.org.br\/portal2\/?p=20921"},"modified":"2018-09-24T22:22:32","modified_gmt":"2018-09-25T01:22:32","slug":"amanda-palha-2122-solidariedade-ao-povo-pankararu","status":"publish","type":"post","link":"https:\/\/pcb.org.br\/portal2\/20921","title":{"rendered":"Amanda Palha 2122: solidariedade ao povo Pankararu!"},"content":{"rendered":"<p><img decoding=\"async\" class=\"imagem\" title=\"imagem\" src=\"https:\/\/i0.wp.com\/lh3.googleusercontent.com\/ArXqOhcUl0Z1UywDxcnkLoOrNb7I2z-BqHYVYViYBx3LJ16O0C5Yx_nZeyJQYpiEEnqOECx2osZEN2E-XS3Bv-N5Za8HmB1-2iGkT6UHyizeuAobfscynx2E3V6CcaD8nMuJbF_3Bdkpze-G5JVevvWNf6-KHiCo3BGAEWr2Nxo1Sf7tnV8cv7CzcPd7PVD8JzFIaU9JtqNpghg4TwrhKxm3yxUy2kH3rOqqs26r6f6ogdrsW_MBmr3GVUBFVCXP9pYqB1-FaemB6-DgOdmxw7uq_3b9NWUf9Cr6dsonwboAP6Lln87xJpB5BErlPeu4RHB3Uf0jeejNE6FhGQaeP1uVp4K59mE3b6bNC9ootSMDruVsvOMKC9lSqJLEH0MAA3U6nRMj9tLrSMFxl5gq5cb0_rCemBajy894X3isREUCJBvJGlGaJG7OEM8BoX5-ob3KTp9zz84n8JAf8wJJ21IpPvi9wFrb-eVyxBL0n79NWFQ3lDdv4_Iba0wkjxDwZJXfIFkSN5v5Q_A76uQ50bySXwDOfWpCsKQHU4f0cdcuGBp4rgUrN20rmkmAZdWdZhr7QEmtkfP1YbkArh4gFYG_0jOBvFpwlyK1g8iEJh0rq_8NUfDLf25sj2wbjkRTucUywfhpQ9C8jZT3dGDEnCzEElCemPao54GpGL1S5xu6XdXLkxISmdrz4A=w607-h458-no\" alt=\"imagem\" \/><!--more-->A terra Pankararu foi demarcada em 1940 e homologada em 1987. S\u00e3o mais de 70 anos de luta judicial para que os Pankararu tenham posse total do seu territ\u00f3rio de14.294 ha. Em 1993, a Justi\u00e7a Federal determinou que FUNAI, INCRA e Uni\u00e3o fizessem um levantamento e devida indeniza\u00e7\u00e3o \u00e0queles ocupantes n\u00e3o ind\u00edgenas do territ\u00f3rio. Estes recorreram da decis\u00e3o e o povo Pankararu teve ganho de causa em todas as inst\u00e2ncias por onde o processo passou.<\/p>\n<p>Em 2017, ap\u00f3s novo julgamento, foi determinado que os posseiros teriam 12 meses para desocupar o territ\u00f3rio de forma voluntaria e gradativa a cada tr\u00eas meses. N\u00e3o cumprida a desocupa\u00e7\u00e3o, em 2018 uma nova manobra para adiar a decis\u00e3o judicial de desocupa\u00e7\u00e3o foi gerada por um agravo de instrumento onde foi julgado no dia 19 de junho no TRF5 em Recife e, novamente, dando ganho de causa aos Pankararu. Foi determinada a sa\u00edda dos n\u00e3o ind\u00edgenas num prazo de tr\u00eas meses e terminado esse prazo, a for\u00e7a policial seria acionada para desocupa\u00e7\u00e3o.<\/p>\n<p>Desta forma, no dia 13 de Setembro, o povo Pankararu amanhece com a Pol\u00edcia Federal e Militar, numa for\u00e7a tarefa dentro de seu territ\u00f3rio, executando parte da desintrus\u00e3o, atingindo l\u00edderes do movimento que incentivava desrespeito \u00e0 ordem judicial. Na execu\u00e7\u00e3o, foi encontrado resist\u00eancia por parte dos posseiros, havendo trucul\u00eancia, ataques aos policiais a pedradas; difama\u00e7\u00f5es em redes sociais tentando p\u00f4r a opini\u00e3o publica contra o povo Pankararu com discursos de \u00f3dio e preconceito, como afirmando que \u00edndios s\u00e3o &#8220;vagabundos&#8221;, e os culpando indiretamente pela viol\u00eancia policial acometida as fam\u00edlias, crian\u00e7as e idosos, n\u00e3o ind\u00edgenas.<\/p>\n<p>O povo Pankararu lamenta a desintrus\u00e3o estar acontecendo desta forma, reiterando que a melhor sa\u00edda para todos os lados \u00e9 a partir do di\u00e1logo, que foi tentado durante d\u00e9cadas. Tamb\u00e9m afirmamos que em momento nenhum buscaram nenhum tipo de viol\u00eancia como alternativa para a resolu\u00e7\u00e3o, muito menos a viol\u00eancia policial. E esta \u00faltima \u00e9 fruto do desacato e do avan\u00e7o dos n\u00e3o ind\u00edgenas frente \u00e0 for\u00e7a policial.<\/p>\n<p>Nesse momento pedimos:<br \/>\n1) Apoio de todas e todos para esse momento hist\u00f3rico, tendo em vista que o povo Pankararu est\u00e1 sofrendo com difama\u00e7\u00f5es e preconceitos de todas as formas;<br \/>\n2) Solicitamos investiga\u00e7\u00e3o e refor\u00e7o do estado para garantir a integridade f\u00edsica dos Pankararu e suas lideran\u00e7as que neste momento, sofrem diversas amea\u00e7as;<br \/>\n3) Pedimos ao Estado que os n\u00e3o ind\u00edgenas sejam retirados e realocados para um novo local, de forma pac\u00edfica;<br \/>\n4) Que todos aqueles que difamaram e chamaram, de forma preconceituosa, todo o Povo Pankararu de pregui\u00e7osos e vagabundos, respondam judicialmente por preconceito e racismo.<\/p>\n<p>Atenciosamente,<br \/>\nPovo Pankararu<\/p>\n<p>AMANDA PALHA \u00e9 candidata a deputada federal pelo Partido Comunista Brasileiro (PCB) em Pernambuco. Travesti, educadora popular, militante comunista, \u00e9 comprometida com as lutas populares, com as classes exploradas e com a constru\u00e7\u00e3o da emancipa\u00e7\u00e3o humana.<\/p>\n","protected":false},"excerpt":{"rendered":"<a class=\"moretag\" href=\"https:\/\/pcb.org.br\/portal2\/20921\"> <\/a>","protected":false},"author":1,"featured_media":0,"comment_status":"closed","ping_status":"closed","sticky":false,"template":"","format":"standard","meta":{"jetpack_post_was_ever_published":false,"_jetpack_newsletter_access":"","_jetpack_dont_email_post_to_subs":false,"_jetpack_newsletter_tier_id":0,"_jetpack_memberships_contains_paywalled_content":false,"_jetpack_memberships_contains_paid_content":false,"footnotes":"","jetpack_publicize_message":"","jetpack_publicize_feature_enabled":true,"jetpack_social_post_already_shared":true,"jetpack_social_options":{"image_generator_settings":{"template":"highway","default_image_id":0,"font":"","enabled":false},"version":2}},"categories":[268],"tags":[222],"class_list":["post-20921","post","type-post","status-publish","format-standard","hentry","category-eleicoes-2018","tag-2b"],"jetpack_publicize_connections":[],"jetpack_featured_media_url":"","jetpack_shortlink":"https:\/\/wp.me\/p659gw-5rr","jetpack-related-posts":[],"jetpack_likes_enabled":true,"jetpack_sharing_enabled":true,"_links":{"self":[{"href":"https:\/\/pcb.org.br\/portal2\/wp-json\/wp\/v2\/posts\/20921","targetHints":{"allow":["GET"]}}],"collection":[{"href":"https:\/\/pcb.org.br\/portal2\/wp-json\/wp\/v2\/posts"}],"about":[{"href":"https:\/\/pcb.org.br\/portal2\/wp-json\/wp\/v2\/types\/post"}],"author":[{"embeddable":true,"href":"https:\/\/pcb.org.br\/portal2\/wp-json\/wp\/v2\/users\/1"}],"replies":[{"embeddable":true,"href":"https:\/\/pcb.org.br\/portal2\/wp-json\/wp\/v2\/comments?post=20921"}],"version-history":[{"count":0,"href":"https:\/\/pcb.org.br\/portal2\/wp-json\/wp\/v2\/posts\/20921\/revisions"}],"wp:attachment":[{"href":"https:\/\/pcb.org.br\/portal2\/wp-json\/wp\/v2\/media?parent=20921"}],"wp:term":[{"taxonomy":"category","embeddable":true,"href":"https:\/\/pcb.org.br\/portal2\/wp-json\/wp\/v2\/categories?post=20921"},{"taxonomy":"post_tag","embeddable":true,"href":"https:\/\/pcb.org.br\/portal2\/wp-json\/wp\/v2\/tags?post=20921"}],"curies":[{"name":"wp","href":"https:\/\/api.w.org\/{rel}","templated":true}]}}