{"id":20943,"date":"2018-09-26T22:15:01","date_gmt":"2018-09-27T01:15:01","guid":{"rendered":"https:\/\/pcb.org.br\/portal2\/?p=20943"},"modified":"2018-09-27T08:07:02","modified_gmt":"2018-09-27T11:07:02","slug":"niteroi-tera-homenagem-a-dinarco-reis-filho-militante-historico-do-pcb","status":"publish","type":"post","link":"https:\/\/pcb.org.br\/portal2\/20943","title":{"rendered":"Niter\u00f3i ter\u00e1 homenagem a Dinarco Reis Filho, militante hist\u00f3rico do PCB"},"content":{"rendered":"<p><img decoding=\"async\" class=\"imagem\" title=\"imagem\" src=\"https:\/\/i0.wp.com\/esquerdaonline.com.br\/wp-content\/uploads\/2018\/09\/dinarquinho.jpg\" alt=\"imagem\" \/><!--more-->Lucas Correa*<\/p>\n<p><em>\u201cPorque o dif\u00edcil, amigos, \u00e9 viver pela Revolu\u00e7\u00e3o<\/em><br \/>\n<em>mais dif\u00edcil que morrer por ela espetacularmente\u201d.<\/em><br \/>\nJorge Amado<em>\u00a0(Homens e coisas do Partido Comunista)<\/em><\/p>\n<p>No dia 28 de setembro, sexta-feira, \u00e0s 19 horas, o t\u00edtulo de Cidad\u00e3o Niteroiense\u00a0ser\u00e1 entregue a\u00a0 Dinarco Reis Filho, membro do Comit\u00ea Central do PCB e presidente da Funda\u00e7\u00e3o Dinarco Reis. A homenagem, de autoria do mandato do vereador Paulo Eduardo Gomes (PSOL), \u00e9 um merecido reconhecimento aos anos de vida dedicados \u00e0 milit\u00e2ncia e \u00e0 constru\u00e7\u00e3o de uma sociedade mais justa. A homenagem \u00e9 co-organizada pelo PCB e contar\u00e1 com as presen\u00e7as de Heitor C\u00e9sar e Marta Bar\u00e7ante.<\/p>\n<p>Vindo ainda crian\u00e7a para Niter\u00f3i, Dinarco construiria nessa cidade a sua milit\u00e2ncia na UJC (Uni\u00e3o da Juventude Comunista) e seus primeiros anos de milit\u00e2ncia no PCB, partido ao qual dedicou sua vida inteira. S\u00f3 sairia de Niter\u00f3i ap\u00f3s o golpe de 1964, quando foi obrigado a entrar para a clandestinidade \u2013 retornando posteriormente para a cidade. Dinarco recebe agora o t\u00edtulo de cidad\u00e3o da cidade que viu nascer o PCB, em 1922!<\/p>\n<p>Na atual conjuntura, em que os fascistas saem novamente \u00e0s ruas, em que o aumento da explora\u00e7\u00e3o e a defesa da opress\u00e3o se misturam a um feroz anticomunismo, n\u00e3o podemos nos calar. Quando os neoliberais anunciam diariamente o fim da hist\u00f3ria, n\u00f3s que lutamos contra o capitalismo e o imperialismo, que buscamos reconstruir o Brasil em dire\u00e7\u00e3o do socialismo, devemos nos lembrar e lembrar ao mundo, que a hist\u00f3ria n\u00e3o acabou.<\/p>\n<p>A mem\u00f3ria dos nossos camaradas, de nossas lutas e bandeiras \u00e9 parte da constru\u00e7\u00e3o de uma consci\u00eancia revolucion\u00e1ria da classe trabalhadora e da resist\u00eancia ao avan\u00e7o conservador!<\/p>\n<p><a href=\"https:\/\/www.facebook.com\/events\/374967493325425\/\" target=\"_blank\" rel=\"noopener\">Confirme a presen\u00e7a no evento do Facebook<\/a><\/p>\n<p><b>QUEM \u00c9 DINARCO REIS FILHO<\/b><\/p>\n<p><img decoding=\"async\" class=\"imagem\" title=\"imagem\" src=\"https:\/\/i0.wp.com\/esquerdaonline.com.br\/wp-content\/uploads\/2018\/09\/Din.-Casa-de-Cor-300x197.jpg\" alt=\"imagem\" \/>Dinarco Reis Filho nasceu em 14 de novembro de 1932, no bairro de Realengo, na Travessa Rodrigues Marques.<\/p>\n<p>\u00c9 filho do tenente de avia\u00e7\u00e3o militar Dinarco Reis e de Lygia Fran\u00e7a Reis. Seu pai participou do levante comunista de 1935, tendo ficado conhecido como o Tenente Vermelho. Preso ap\u00f3s a derrota do levante, Dinarco Reis (pai) partiu para a Espanha, onde teve importante participa\u00e7\u00e3o na Guerra Civil Espanhola, lutando contra os fascistas de Franco. Ap\u00f3s ser capturado, foi mantido em campos de concentra\u00e7\u00e3o na Fran\u00e7a, de onde fugiu e continuou a luta, dessa vez contra o nazismo, junto \u00e0 Resist\u00eancia Francesa.<\/p>\n<p>Apenas em 1944, Dinarco Reis Filho passa a ter maior conviv\u00eancia com seu pai. Na \u00e9poca, mudaram-se para Niter\u00f3i, na Rua Saldanha Marinho, na mesma casa em que moravam Carlos Marighella, David Capistrano e Claudino Jos\u00e9 da Silva, oper\u00e1rio negro, da rede ferrovi\u00e1ria da Leopoldina, deputado constituinte na bancada comunista de 1946. Foi na Pra\u00e7a Ararib\u00f3ia que Dinarco assistiu a grande festa de confraterniza\u00e7\u00e3o que celebrava o fim da Segunda Guerra Mundial.<\/p>\n<p>Em 1948, Dinarco Reis Filho entra para a Uni\u00e3o da Juventude Comunista (UJC) e em 1951 entra no PCB, participando das campanhas do Movimento O Petr\u00f3leo \u00e9 Nosso!<\/p>\n<p>Em 1959 foi admitido na Petrobr\u00e1s, atrav\u00e9s de concurso p\u00fablico. No mesmo ano, acompanha, em Niter\u00f3i, a Revolta das Barcas, importante rebeli\u00e3o popular contra a privatiza\u00e7\u00e3o, os altos pre\u00e7os e p\u00e9ssimos servi\u00e7os oferecidos na Barcas.<\/p>\n<p>Com o golpe empresarial militar de 1964, foi demitido e cassado, no dia 5 de maio, pelo delito de opini\u00e3o, passando a viver na clandestinidade. Em S\u00e3o Paulo foi motorista e seguran\u00e7a do Comit\u00ea Central do Partido Comunista Brasileiro e participou da organiza\u00e7\u00e3o do VI Congresso do PCB, em 1967.<\/p>\n<p>Dinarco Reis Filho atualmente \u00e9 membro do Comit\u00ea Central do PCB e presidente da\u00a0<a href=\"http:\/\/fdinarcoreis.org.br\/fdr\/\" target=\"_blank\" rel=\"noopener\">Funda\u00e7\u00e3o Dinarco Reis.<\/a><\/p>\n<p>*Militante do PCB-RJ<\/p>\n<blockquote class=\"wp-embedded-content\" data-secret=\"B3MPZB5IsU\"><p><a href=\"https:\/\/esquerdaonline.com.br\/2018\/09\/25\/niteroi-tera-homenagem-a-dinarco-reis-filho-militante-historico-do-pcb\/\">Niter\u00f3i ter\u00e1 homenagem \u00e0 Dinarco Reis Filho, militante hist\u00f3rico do PCB<\/a><\/p><\/blockquote>\n<p><iframe loading=\"lazy\" class=\"wp-embedded-content\" sandbox=\"allow-scripts\" security=\"restricted\" style=\"position: absolute; clip: rect(1px, 1px, 1px, 1px);\" src=\"https:\/\/esquerdaonline.com.br\/2018\/09\/25\/niteroi-tera-homenagem-a-dinarco-reis-filho-militante-historico-do-pcb\/embed\/#?secret=B3MPZB5IsU\" data-secret=\"B3MPZB5IsU\" width=\"600\" height=\"338\" title=\"&#8220;Niter\u00f3i ter\u00e1 homenagem \u00e0 Dinarco Reis Filho, militante hist\u00f3rico do PCB&#8221; &#8212; Esquerda Online\" frameborder=\"0\" marginwidth=\"0\" marginheight=\"0\" scrolling=\"no\"><\/iframe><\/p>\n<p>Fonte: Esquerda Online<\/p>\n","protected":false},"excerpt":{"rendered":"<a class=\"moretag\" href=\"https:\/\/pcb.org.br\/portal2\/20943\"> <\/a>","protected":false},"author":1,"featured_media":0,"comment_status":"closed","ping_status":"closed","sticky":false,"template":"","format":"standard","meta":{"jetpack_post_was_ever_published":false,"_jetpack_newsletter_access":"","_jetpack_dont_email_post_to_subs":false,"_jetpack_newsletter_tier_id":0,"_jetpack_memberships_contains_paywalled_content":false,"_jetpack_memberships_contains_paid_content":false,"footnotes":"","jetpack_publicize_message":"","jetpack_publicize_feature_enabled":true,"jetpack_social_post_already_shared":true,"jetpack_social_options":{"image_generator_settings":{"template":"highway","default_image_id":0,"font":"","enabled":false},"version":2}},"categories":[50,46],"tags":[222],"class_list":["post-20943","post","type-post","status-publish","format-standard","hentry","category-c61-cultura-revolucionaria","category-c56-memoria","tag-2b"],"jetpack_publicize_connections":[],"jetpack_featured_media_url":"","jetpack_shortlink":"https:\/\/wp.me\/p659gw-5rN","jetpack-related-posts":[],"jetpack_likes_enabled":true,"jetpack_sharing_enabled":true,"_links":{"self":[{"href":"https:\/\/pcb.org.br\/portal2\/wp-json\/wp\/v2\/posts\/20943","targetHints":{"allow":["GET"]}}],"collection":[{"href":"https:\/\/pcb.org.br\/portal2\/wp-json\/wp\/v2\/posts"}],"about":[{"href":"https:\/\/pcb.org.br\/portal2\/wp-json\/wp\/v2\/types\/post"}],"author":[{"embeddable":true,"href":"https:\/\/pcb.org.br\/portal2\/wp-json\/wp\/v2\/users\/1"}],"replies":[{"embeddable":true,"href":"https:\/\/pcb.org.br\/portal2\/wp-json\/wp\/v2\/comments?post=20943"}],"version-history":[{"count":0,"href":"https:\/\/pcb.org.br\/portal2\/wp-json\/wp\/v2\/posts\/20943\/revisions"}],"wp:attachment":[{"href":"https:\/\/pcb.org.br\/portal2\/wp-json\/wp\/v2\/media?parent=20943"}],"wp:term":[{"taxonomy":"category","embeddable":true,"href":"https:\/\/pcb.org.br\/portal2\/wp-json\/wp\/v2\/categories?post=20943"},{"taxonomy":"post_tag","embeddable":true,"href":"https:\/\/pcb.org.br\/portal2\/wp-json\/wp\/v2\/tags?post=20943"}],"curies":[{"name":"wp","href":"https:\/\/api.w.org\/{rel}","templated":true}]}}