{"id":20967,"date":"2018-09-30T00:15:31","date_gmt":"2018-09-30T03:15:31","guid":{"rendered":"https:\/\/pcb.org.br\/portal2\/?p=20967"},"modified":"2018-10-02T00:00:25","modified_gmt":"2018-10-02T03:00:25","slug":"esta-na-hora-da-virada-todas-unidas-contra-o-fascismo","status":"publish","type":"post","link":"https:\/\/pcb.org.br\/portal2\/20967","title":{"rendered":"Est\u00e1 na hora da virada. Todas unidas contra o fascismo!"},"content":{"rendered":"<p><img decoding=\"async\" class=\"imagem\" title=\"imagem\" src=\"https:\/\/i0.wp.com\/graph.facebook.com\/2329184927314822\/picture\" alt=\"imagem\" \/><!--more-->Temos assistido, com o avan\u00e7o do capital e das pol\u00edticas neoliberais, que v\u00eam solapando direitos hist\u00f3ricos conquistados com muita luta da classe trabalhadora, e em especial atingindo as mulheres, tamb\u00e9m uma ascens\u00e3o da onda conservadora em todo o pa\u00eds.<\/p>\n<p>Hoje, de maneira mais vis\u00edvel, o crescente conservadorismo ganha tons fascistas e se manifesta atrav\u00e9s de um dos candidatos na disputa eleitoral para a presid\u00eancia do pa\u00eds, na qual a polariza\u00e7\u00e3o pol\u00edtica se mostra amea\u00e7adora em especial para n\u00f3s mulheres da classe trabalhadora do campo e da cidade, negras, LGBTs, ind\u00edgenas e quilombolas.<\/p>\n<p>O Brasil \u00e9 um dos lugares mais perigosos para ser mulher no mundo. Segundo levantamentos feitos pela ONU, somos o quinto pa\u00eds com maior n\u00famero de feminic\u00eddios do mundo. Apenas ano passado, mais de 4500 mulheres foram assassinadas, sendo 1133 identificadas como feminic\u00eddio. Os n\u00fameros em rela\u00e7\u00e3o aos casos de estupro tamb\u00e9m s\u00e3o alarmantes: em 2017 passaram de 60 mil, percentual que cresceu 8,4% em rela\u00e7\u00e3o ao ano interior. Infelizmente, a viol\u00eancia contra a mulher n\u00e3o se manifesta apenas em discursos inflamados, mas custa a vida de dezenas de mulheres diariamente.<\/p>\n<p>Acreditamos que o incentivo \u00e0 viol\u00eancia e ao \u00f3dio que vem se instalando no pa\u00eds, estimulado pela extrema-direita, n\u00e3o pode substituir o debate pol\u00edtico e program\u00e1tico em torno do necess\u00e1rio enfrentamento aos problemas e adversidades vividos pela classe trabalhadora e a popula\u00e7\u00e3o brasileira.<br \/>\nN\u00e3o podemos esquecer que esse clima de viol\u00eancia \u00e9 o mesmo que matou Marielle e Anderson, que realizou atentados contra a caravana de Lula no Sul do pa\u00eds e que estimula a\u00e7\u00f5es individuais como a que atingiu o candidato Jair Bolsonaro, do PSL e a poucos dias, o candidato a deputado estadual pelo PT em SP, Renato Almeida, jovem negro que foi baleado a queima-roupa pela PM em uma atividade de campanha, assim como a agress\u00e3o sofrida por Maria Tuca Santiago, uma das administradoras da p\u00e1gina #MulheresContraBolsonaro, por 3 homens num t\u00e1xi armados com rev\u00f3lver no Rio de Janeiro, e tentativas de intimida\u00e7\u00e3o.<\/p>\n<p>N\u00f3s nos posicionamos veementemente contra todos esses atos.<br \/>\nCabe dizer que o dito candidato vem alimentando em seus discursos preconceitos, machismo, homofobia e disseminado propagandas inver\u00eddicas sobre os comunistas, as feministas e organiza\u00e7\u00f5es da classe trabalhadora, o que nesse momento conjuntural de escalada do capital \u00e9 bastante vantajoso para as classes dominantes. Nos \u00faltimos dias, v\u00e1rios grupos de Mulheres Contra o Bolsonaro surgiram nas redes sociais, um deles com a presen\u00e7a de cerca de dois milh\u00f5es de mulheres, e junto a essa alavancada das mulheres, passaram a aumentar as mais diversas manifesta\u00e7\u00f5es com posicionamentos contr\u00e1rios ao candidato da extrema direita, manifesta\u00e7\u00f5es dos mais diversos campos que compreendem tudo o que a figura de Bolsonaro e sua poss\u00edvel vit\u00f3ria nas urnas representar\u00e1 para toda a classe trabalhadora de nosso pa\u00eds.<\/p>\n<p>Contudo, tamb\u00e9m n\u00e3o esquecemos do apassivamento em que a classe trabalhadora foi colocada nos \u00faltimos anos e dizemos n\u00e3o \u00e0 concilia\u00e7\u00e3o de classes. Est\u00e1 na hora da virada.<br \/>\nAs mulheres trabalhadoras sempre estiveram nas ruas e nas frentes da batalha. Depois de ocupar as ruas neste dia 29, continuaremos mobilizadas contra a explora\u00e7\u00e3o de nossa classe, contra o machismo, o racismo, a LGBTfobia, o avan\u00e7o do fascismo e pelo poder popular. #elen\u00e3o.<\/p>\n<p>Coordena\u00e7\u00e3o Nacional do Coletivo Feminista Classista Ana Montenegro<\/p>\n<p>Arte: Secretaria de Agita\u00e7\u00e3o e Propaganda do CFCAM do estado de SP<\/p>\n","protected":false},"excerpt":{"rendered":"<a class=\"moretag\" href=\"https:\/\/pcb.org.br\/portal2\/20967\"> <\/a>","protected":false},"author":1,"featured_media":0,"comment_status":"closed","ping_status":"closed","sticky":false,"template":"","format":"standard","meta":{"jetpack_post_was_ever_published":false,"_jetpack_newsletter_access":"","_jetpack_dont_email_post_to_subs":false,"_jetpack_newsletter_tier_id":0,"_jetpack_memberships_contains_paywalled_content":false,"_jetpack_memberships_contains_paid_content":false,"footnotes":"","jetpack_publicize_message":"","jetpack_publicize_feature_enabled":true,"jetpack_social_post_already_shared":true,"jetpack_social_options":{"image_generator_settings":{"template":"highway","default_image_id":0,"font":"","enabled":false},"version":2}},"categories":[268,180,20],"tags":[219],"class_list":["post-20967","post","type-post","status-publish","format-standard","hentry","category-eleicoes-2018","category-feminista","category-c1-popular","tag-manchete"],"jetpack_publicize_connections":[],"jetpack_featured_media_url":"","jetpack_shortlink":"https:\/\/wp.me\/p659gw-5sb","jetpack-related-posts":[],"jetpack_likes_enabled":true,"jetpack_sharing_enabled":true,"_links":{"self":[{"href":"https:\/\/pcb.org.br\/portal2\/wp-json\/wp\/v2\/posts\/20967","targetHints":{"allow":["GET"]}}],"collection":[{"href":"https:\/\/pcb.org.br\/portal2\/wp-json\/wp\/v2\/posts"}],"about":[{"href":"https:\/\/pcb.org.br\/portal2\/wp-json\/wp\/v2\/types\/post"}],"author":[{"embeddable":true,"href":"https:\/\/pcb.org.br\/portal2\/wp-json\/wp\/v2\/users\/1"}],"replies":[{"embeddable":true,"href":"https:\/\/pcb.org.br\/portal2\/wp-json\/wp\/v2\/comments?post=20967"}],"version-history":[{"count":0,"href":"https:\/\/pcb.org.br\/portal2\/wp-json\/wp\/v2\/posts\/20967\/revisions"}],"wp:attachment":[{"href":"https:\/\/pcb.org.br\/portal2\/wp-json\/wp\/v2\/media?parent=20967"}],"wp:term":[{"taxonomy":"category","embeddable":true,"href":"https:\/\/pcb.org.br\/portal2\/wp-json\/wp\/v2\/categories?post=20967"},{"taxonomy":"post_tag","embeddable":true,"href":"https:\/\/pcb.org.br\/portal2\/wp-json\/wp\/v2\/tags?post=20967"}],"curies":[{"name":"wp","href":"https:\/\/api.w.org\/{rel}","templated":true}]}}