{"id":20986,"date":"2018-09-30T23:46:32","date_gmt":"2018-10-01T02:46:32","guid":{"rendered":"https:\/\/pcb.org.br\/portal2\/?p=20986"},"modified":"2018-10-01T00:04:40","modified_gmt":"2018-10-01T03:04:40","slug":"declaracao-do-partido-comunista-sirio-sobre-a-situacao-no-pais","status":"publish","type":"post","link":"https:\/\/pcb.org.br\/portal2\/20986","title":{"rendered":"Declara\u00e7\u00e3o do Partido Comunista S\u00edrio sobre a situa\u00e7\u00e3o no pa\u00eds"},"content":{"rendered":"<p><img decoding=\"async\" class=\"imagem\" title=\"imagem\" src=\"https:\/\/i0.wp.com\/lh3.googleusercontent.com\/sz--AI3fVzXida2dJpVD5r_6agIL4MUGV8-9sYv_EyNBavmdT-u8hfC26QXykQSrktCQFWvLaq24hsCdLhU21SqCPq-o_oCDdXn09DXir_TxHq3Eh1RZHXlljDwe5ZNvdpfdV2mK4RhDeZRsikYqic4Ynze-wjxHIUlpNjgLb6rUT4SeG9BwKEM8qzCLahCv13KjoOFZgL5P3L4Jhqjcjk8O0Pjwv6lYKPNcB9s4M0LmO0Wj2MifJxU-kC5boqMGz0DLtm5UkU-QRwNDQdadxTTyoTZTMQlHbb7JQkNziAwI2LPivrQuxZRF3Ozd8H4cK6pWHk4eYc3fXQWLu56-Msf8oM8yzsCgrt96YbnevshXGkWppgv71XRlJ3CcrRAyjG3gKjct_nlORHHWQzFBpCLz6a4keo-mkAsCRO3frmQhBlBvgH52oNWhKruz1ScTUj3zaTAR7LYwQF1oaHpKBuRr0PiymISudxCu84cA8qO7oG7U-xOQqJQ5PN64cbsXu0mxoGNk7sTbueFQWs6IKZ5JkaYDdv-lUmXYTBxbQIVHtbkUB31BITNfDjwK7WQTTWBgdqHC_5lGy5vaM2k2FtZDLFXTeJwTYQjDtxoNWI2sCaRYjTXWCFk3QOtdh44J_XvyqUe4jQBG-moZaELIQIJO1wDHe-INh_oBcw2E3Fd74UToRpCSN0byRA=w738-h949-no\" alt=\"imagem\" \/><!--more-->Declara\u00e7\u00e3o do Partido Comunista S\u00edrio sobre a situa\u00e7\u00e3o no pa\u00eds<\/p>\n<p>O Comit\u00ea Central do Partido Comunista S\u00edrio, reunido em agosto de 2018, em Damasco, ressalta a import\u00e2ncia das conquistas das for\u00e7as armadas s\u00edrias para libertar grandes \u00e1reas do pa\u00eds, expulsando as gangues &#8220;rebeldes&#8221; de todas as posi\u00e7\u00f5es ocupadas de Damasco, uma vit\u00f3ria de particular import\u00e2ncia, n\u00e3o s\u00f3 militarmente mas tamb\u00e9m politicamente.<\/p>\n<p>A presen\u00e7a armada dos rebeldes, no centro do pa\u00eds, entre Homs e Hama, tamb\u00e9m foi interrompida. Recentemente, progressos estrat\u00e9gicos significativos foram feitos para libertar as regi\u00f5es do sul do pa\u00eds da domina\u00e7\u00e3o das organiza\u00e7\u00f5es terroristas. Estas importantes realiza\u00e7\u00f5es das for\u00e7as armadas s\u00edrias fortaleceram consideravelmente a firmeza de nosso pa\u00eds contra o ataque sionista imperialista e constituem uma base s\u00f3lida para a batalha do nosso povo pela liberta\u00e7\u00e3o de todo o territ\u00f3rio nacional da ocupa\u00e7\u00e3o dos pa\u00edses coloniais.<\/p>\n<p><img decoding=\"async\" class=\"imagem\" title=\"imagem\" src=\"https:\/\/pcb.org.br\/portal2\/wp-content\/uploads\/2018\/09\/olhar.svg\" alt=\"imagem\" \/>A ocupa\u00e7\u00e3o turca se expandiu no \u00faltimo per\u00edodo. Al\u00e9m das cidades de Al-Bab e Jarablous \u00e1rea de Afrin tamb\u00e9m foi ocupada por este estado opressivo. As autoridades de ocupa\u00e7\u00e3o turcas nos territ\u00f3rios ocupados aplicam m\u00e9todos que s\u00e3o categoricamente proibidos por tratados internacionais, tais como mudan\u00e7as demogr\u00e1ficas, deslocamentos populacionais e a imposi\u00e7\u00e3o da moeda da pot\u00eancia ocupante. Isto foi precedido pela pilhagem maci\u00e7a de territ\u00f3rios pelos ocupantes e seus agentes. O Comit\u00ea Central acredita que a firmeza do povo afrin\u00eas e sua resist\u00eancia \u00e0 injusti\u00e7a das autoridades de ocupa\u00e7\u00e3o \u00e9 um fator importante na luta nacional do povo s\u00edrio.<\/p>\n<p>A maioria da prov\u00edncia de Idlib est\u00e1 sob a autoridade e administra\u00e7\u00e3o da Turquia. Todas as gangues armadas nessas \u00e1reas est\u00e3o de alguma forma ligadas \u00e0 administra\u00e7\u00e3o da ocupa\u00e7\u00e3o turca, implementando seus planos agressivos e expansionistas. As a\u00e7\u00f5es agressivas das autoridades de ocupa\u00e7\u00e3o turcas e seus agentes causaram crescente descontentamento popular entre as massas sob ocupa\u00e7\u00e3o, dando esperan\u00e7a para uma mudan\u00e7a qualitativa na resist\u00eancia a essa ocupa\u00e7\u00e3o brutal.<\/p>\n<p>Os colonos americanos tamb\u00e9m est\u00e3o procurando estabelecer suas \u00e1reas de influ\u00eancia no nordeste da S\u00edria, particularmente na regi\u00e3o de Jazira, mantendo e expandindo a rede de bases militares dos EUA e confiando em organiza\u00e7\u00f5es cooperantes com o ocupante. Mas as massas de nosso povo nessas regi\u00f5es est\u00e3o expressando cada vez mais sua rejei\u00e7\u00e3o da ocupa\u00e7\u00e3o americana e das a\u00e7\u00f5es daqueles que a lideram. Um dos sinais mais significativos desta rejei\u00e7\u00e3o tem sido a queima da bandeira americana em muitas ocasi\u00f5es. Foi isso que os comunistas s\u00edrios fizeram nas cidades da regi\u00e3o de Jazira, expressando o sentimento dos cidad\u00e3os para insistir na resist\u00eancia \u00e0 ocupa\u00e7\u00e3o e enfatizar sua perten\u00e7a nacional.<\/p>\n<p>Embora o terrorismo tenha sido quebrado, os perigos das opera\u00e7\u00f5es terroristas permanecem, como podemos ver na s\u00e9rie de opera\u00e7\u00f5es criminosas realizadas pelos terroristas em Jebel al-Arab, que tiraram a vida de muitos cidad\u00e3os, incluindo idosos, mulheres e crian\u00e7as. A resposta dos habitantes de Djebel el-Arab tem sido rigorosa e clara, refletindo seu patrim\u00f4nio nacional de longa data.<\/p>\n<p>O Comit\u00ea Central enfatiza a corre\u00e7\u00e3o do caminho tra\u00e7ado por nosso partido na situa\u00e7\u00e3o atual, que aponta para a luta pela defesa da independ\u00eancia nacional, a defesa a plena soberania nacional e a luta pela unidade do territ\u00f3rio nacional. Um dos caminhos mais importantes de alcan\u00e7ar este objetivo nacional definitivo \u00e9 a luta pela liberta\u00e7\u00e3o de todo o nosso territ\u00f3rio nacional da ocupa\u00e7\u00e3o colonial.<\/p>\n<p>O Comit\u00ea Central pede a vigil\u00e2ncia contra os planos sionistas e imperialistas para dividir a S\u00edria ou enfraquecer sua unidade. Os c\u00edrculos imperialistas em geral, e os sionistas em particular, acham que \u00e9 uma introdu\u00e7\u00e3o necess\u00e1ria para realizar seu projeto expansionista que eles chamam de &#8220;O Novo Grande Oriente M\u00e9dio&#8221;, ou seja, o projeto de &#8220;Grande Si\u00e3o&#8221;. O que est\u00e1 sendo dito atualmente sobre a &#8220;prioridade da seguran\u00e7a de Israel&#8221; \u00e9 o mesmo que dizer que o apoio \u00e0 agressiva pol\u00edtica expansionista da entidade sionista deve ser mantido. O Comit\u00ea Central est\u00e1 convencido de que a S\u00edria, como \u00e9 conhecida por seu patrim\u00f4nio nacional de longa data e sua resist\u00eancia aos projetos coloniais, continuar\u00e1 sendo um grande obst\u00e1culo \u00e0 tirania colonial e aos planos expansionistas do imperialismo e do sionismo.<\/p>\n<p>O Comit\u00ea Central acredita que \u00e9 importante fortalecer a estabilidade nacional. Isto exige a prote\u00e7\u00e3o, promo\u00e7\u00e3o e desenvolvimento da produ\u00e7\u00e3o nacional e tamb\u00e9m a recupera\u00e7\u00e3o de importantes realiza\u00e7\u00f5es na seguran\u00e7a agr\u00edcola e alimentar, respondendo aos interesses dos produtores e as demandas das massas. Este objetivo pode ser alcan\u00e7ado pela quebra completa das pol\u00edticas econ\u00f4micas liberais e sua sbstitui\u00e7\u00e3o por pol\u00edticas do Estado com impacto social. Isso significa fortalecer o Estado e o setor p\u00fablico nas principais \u00e1reas econ\u00f4micas, a fim de desenvolver a produ\u00e7\u00e3o nacional em geral, melhorando o padr\u00e3o de vida das massas. O papel do Estado \u00e9 essencial para atender \u00e0s necessidades b\u00e1sicas dos cidad\u00e3os e para apoiar e proteger os ramos produtivos b\u00e1sicos da ind\u00fastria e da agricultura. Tudo isto levar\u00e1 a uma reconstru\u00e7\u00e3o eficiente, equilibrada e integrada.<\/p>\n<p>Sobre o que foi anunciado para ativar o processo anticorrup\u00e7\u00e3o, queremos nos referir principalmente ao saque do Estado e do povo juntos pela burguesia parasit\u00e1ria e pela burguesia burocr\u00e1tica. O Comit\u00ea Central acredita que, para que o processo anticorrup\u00e7\u00e3o seja efetivo, deve ser abrangente e dirigido principalmente contra a burguesia compradora, intermedi\u00e1rios, corretores, especuladores e representantes de interesses de capital estrangeiro, bem como seus parceiros no governo.<\/p>\n<p>Na sua considera\u00e7\u00e3o da situa\u00e7\u00e3o internacional, o Comit\u00ea Central considerou que os choques econ\u00f4micos e pol\u00edticos entre os principais centros imperialistas s\u00e3o cont\u00ednuos e profundos. Esses confrontos geralmente assumem a forma de conflito armado, geralmente por meio de agentes e, \u00e0s vezes, de interven\u00e7\u00e3o militar direta. Apesar das in\u00fameras reuni\u00f5es de alto n\u00edvel no cen\u00e1rio internacional, as contradi\u00e7\u00f5es fundamentais entre os principais atores internacionais est\u00e3o se aprofundando. Neste contexto, a pol\u00edtica do imperialismo dos EUA assume uma posi\u00e7\u00e3o particularmente perigosa. Foi anunciado pelos c\u00edrculos do governo americano que o principal inimigo dos Estados Unidos \u00e9 a Rep\u00fablica Popular da China, que \u00e9 o principal rival econ\u00f4mico dos Estados Unidos. Ambas as partes trocaram medidas discriminat\u00f3rias na esfera econ\u00f4mica em geral e no campo comercial em particular. Novas san\u00e7\u00f5es dos EUA tamb\u00e9m foram aplicadas contra a R\u00fassia, que \u00e9 classificada como a inimiga n\u00famero 2 da administra\u00e7\u00e3o dos EUA. H\u00e1 tamb\u00e9m tens\u00f5es s\u00e9rias e declaradas entre o imperialismo dos EUA e o imperialismo da Europa Ocidental. Os Estados Unidos tamb\u00e9m est\u00e3o lan\u00e7ando um enorme ataque multifacetado na Am\u00e9rica Latina para traz\u00ea-lo de volta ao seu &#8220;quintal&#8221;, e tamb\u00e9m est\u00e1 pressionando mais o Ir\u00e3, uma press\u00e3o que enfrenta forte resist\u00eancia. Muitos centros imperialistas continuam a exercer press\u00e3o sobre as massas trabalhadoras para eliminar todos os ganhos obtidos pela longa e teimosa luta daqueles que trabalharam nesses centros durante o s\u00e9culo XX.<\/p>\n<p>Todos estes fatores carregam nas suas marcas o confronto no contexto das contradi\u00e7\u00f5es imperialistas, bem como na contradi\u00e7\u00e3o entre o trabalho e o capital e na contradi\u00e7\u00e3o entre os centros imperialistas e os movimentos de liberta\u00e7\u00e3o nacional nos estados capitalistas. Neste contexto est\u00e1 a resist\u00eancia da S\u00edria e seus aliados para o ataque sionista imperialista, assim como a guerra de liberta\u00e7\u00e3o nacional liderada pelo povo iemenita contra a agress\u00e3o de agentes coloniais como a Ar\u00e1bia Saudita, Emirados \u00c1rabes Unidos e alguns regimes mercen\u00e1rios. A luta das fac\u00e7\u00f5es do Movimento de Liberta\u00e7\u00e3o Nacional \u00c1rabe \u00e9 uma contribui\u00e7\u00e3o subjetiva para a liberta\u00e7\u00e3o e a luta revolucion\u00e1ria dos povos do mundo contra o imperialismo. Na vis\u00e3o do Comit\u00ea Central, a luta contra os regimes que s\u00e3o agentes do imperialismo em nossa regi\u00e3o \u00e9 uma tarefa nacional importante. Especialmente, se as conquistas do movimento de liberta\u00e7\u00e3o nacional aumentarem, a fragilidade dos regimes fantoches se tornar\u00e1 mais clara.<\/p>\n<p>O Comit\u00ea Central denunciou ainda a decis\u00e3o do Knesset Sionista de declarar o car\u00e1ter judaico de seu estado. Esta declara\u00e7\u00e3o \u00e9 mais uma prova de que o &#8220;Israel Sionista&#8221; \u00e9 uma entidade racista expansionista baseada na discrimina\u00e7\u00e3o e opress\u00e3o do povo \u00e1rabe palestino e na constante agress\u00e3o contra sua vizinhan\u00e7a. Este procedimento permitiu assegurar a compatibilidade da forma com o conte\u00fado. Isso quer dizer que o &#8220;Israel sionista&#8221;, em todas as suas caracter\u00edsticas, tornou-se, como a \u00c1frica do Sul em meados do s\u00e9culo passado, um Estado de discrimina\u00e7\u00e3o racial inequ\u00edvoca.<\/p>\n","protected":false},"excerpt":{"rendered":"<a class=\"moretag\" href=\"https:\/\/pcb.org.br\/portal2\/20986\"> <\/a>","protected":false},"author":1,"featured_media":0,"comment_status":"closed","ping_status":"closed","sticky":false,"template":"","format":"standard","meta":{"jetpack_post_was_ever_published":false,"_jetpack_newsletter_access":"","_jetpack_dont_email_post_to_subs":false,"_jetpack_newsletter_tier_id":0,"_jetpack_memberships_contains_paywalled_content":false,"_jetpack_memberships_contains_paid_content":false,"footnotes":"","jetpack_publicize_message":"","jetpack_publicize_feature_enabled":true,"jetpack_social_post_already_shared":true,"jetpack_social_options":{"image_generator_settings":{"template":"highway","default_image_id":0,"font":"","enabled":false},"version":2}},"categories":[100,217],"tags":[228],"class_list":["post-20986","post","type-post","status-publish","format-standard","hentry","category-c113-a-semana-no-olhar-comunista","category-siria","tag-5b"],"jetpack_publicize_connections":[],"jetpack_featured_media_url":"","jetpack_shortlink":"https:\/\/wp.me\/p659gw-5su","jetpack-related-posts":[],"jetpack_likes_enabled":true,"jetpack_sharing_enabled":true,"_links":{"self":[{"href":"https:\/\/pcb.org.br\/portal2\/wp-json\/wp\/v2\/posts\/20986","targetHints":{"allow":["GET"]}}],"collection":[{"href":"https:\/\/pcb.org.br\/portal2\/wp-json\/wp\/v2\/posts"}],"about":[{"href":"https:\/\/pcb.org.br\/portal2\/wp-json\/wp\/v2\/types\/post"}],"author":[{"embeddable":true,"href":"https:\/\/pcb.org.br\/portal2\/wp-json\/wp\/v2\/users\/1"}],"replies":[{"embeddable":true,"href":"https:\/\/pcb.org.br\/portal2\/wp-json\/wp\/v2\/comments?post=20986"}],"version-history":[{"count":0,"href":"https:\/\/pcb.org.br\/portal2\/wp-json\/wp\/v2\/posts\/20986\/revisions"}],"wp:attachment":[{"href":"https:\/\/pcb.org.br\/portal2\/wp-json\/wp\/v2\/media?parent=20986"}],"wp:term":[{"taxonomy":"category","embeddable":true,"href":"https:\/\/pcb.org.br\/portal2\/wp-json\/wp\/v2\/categories?post=20986"},{"taxonomy":"post_tag","embeddable":true,"href":"https:\/\/pcb.org.br\/portal2\/wp-json\/wp\/v2\/tags?post=20986"}],"curies":[{"name":"wp","href":"https:\/\/api.w.org\/{rel}","templated":true}]}}