{"id":21015,"date":"2018-10-05T21:28:10","date_gmt":"2018-10-06T00:28:10","guid":{"rendered":"https:\/\/pcb.org.br\/portal2\/?p=21015"},"modified":"2018-10-05T21:28:10","modified_gmt":"2018-10-06T00:28:10","slug":"nota-da-coordenacao-politica-de-campanha-do-pcb-rj","status":"publish","type":"post","link":"https:\/\/pcb.org.br\/portal2\/21015","title":{"rendered":"Nota da Coordena\u00e7\u00e3o Pol\u00edtica de Campanha do PCB\/RJ"},"content":{"rendered":"<p><img decoding=\"async\" class=\"imagem\" title=\"imagem\" src=\"https:\/\/i0.wp.com\/lh3.googleusercontent.com\/vFWVk043-eFQnr_7_VKlXTacMshE0keOMHZ_MCXxvPC3LqF3MKEW6W0kFFlVQSAcD808biLFAhCzWIy4wcbK2YFiH9HgUjd2IF-pOyJQDpj6Zb9-2-In2UfgRC-bdE42JJi1apWKo9iS3zZSTPJgh57Qlv9SaMvJ4IHM5hFwg8lbpmwwxAHMgIP6XqeiVy1mMd7AYTgiGVAIGF9-VByr-kG1wNgResYGO_aA0U4ivYU8rjaJRyg5LMtcKkUFKq6SKz2yC6KDB6D-3tzwXe2zm1RZRNNnoByjYMjAQt_wYqWTXxIDsLjU-u-umK29Dwfbq_1HNavVccHoB5MKs2wMvUFNPKjVzl4OQw9gwQI1aLhnxeJmwqF6SNxmPS1h0nCglpNtPkIFjyCvevWe-jGukl99HJeOUmH5C2Y3_7hoPvyC6h07uLTZY1b2Ty60CVHC-v45yni8864gdi777yGogM0YnPYX0F8dGydQbRwn7pfw22udhgxYmDwQG55a7rtEHK6TkSI5MkmK77Mhv1O-_NMaaqxPDNU1gvzPPIkHr8yzUQmMOPBZwur2vC-jZ3iV-_wmAepA_HyEwJxcN3XdytYWWdhXhLtHUbMwxtmaIvhfnYKZzZqIiqULKdrjsnSkOux3MMTKd1UuUvbUFKadgei2ErOTUinWC74rPq8jw45osyre0HWQ8UL3TQ=w1423-h949-no\" alt=\"imagem\" \/><!--more-->A Coordena\u00e7\u00e3o Pol\u00edtica do PCB para a campanha eleitoral no Estado do Rio de Janeiro foi procurada por dirigentes do Psol, no sentido de informar-nos acerca de decis\u00f5es a serem implementadas por dirigentes daquele partido.<\/p>\n<p>A informa\u00e7\u00e3o transmitida pelo Psol \u00e9 de que suas figuras p\u00fablicas recomendariam o voto no senador do PT.<\/p>\n<p>O PCB, pautado pela disciplina e lealdade aos compromisso pol\u00edticos assumidos, os quais s\u00e3o garantidores dessa alian\u00e7a pol\u00edtica com o Psol, o MTST e os demais movimentos sociais, para al\u00e9m, inclusive, do processo eleitoral, reafirma seu voto nos candidatos Marta Bar\u00e7ante e Chico Alencar para o senado federal.<\/p>\n<p>Por \u00faltimo, externamos, tamb\u00e9m, nossa preocupa\u00e7\u00e3o com o avan\u00e7o da barb\u00e1rie, o qual somente poder\u00e1 ser contido com a unidade da esquerda revolucion\u00e1ria, representada nessa elei\u00e7\u00e3o do senado por Marta Bar\u00e7ante e Chico Alencar.<\/p>\n","protected":false},"excerpt":{"rendered":"<a class=\"moretag\" href=\"https:\/\/pcb.org.br\/portal2\/21015\"> <\/a>","protected":false},"author":1,"featured_media":0,"comment_status":"closed","ping_status":"closed","sticky":false,"template":"","format":"standard","meta":{"jetpack_post_was_ever_published":false,"_jetpack_newsletter_access":"","_jetpack_dont_email_post_to_subs":false,"_jetpack_newsletter_tier_id":0,"_jetpack_memberships_contains_paywalled_content":false,"_jetpack_memberships_contains_paid_content":false,"footnotes":"","jetpack_publicize_message":"","jetpack_publicize_feature_enabled":true,"jetpack_social_post_already_shared":true,"jetpack_social_options":{"image_generator_settings":{"template":"highway","default_image_id":0,"font":"","enabled":false},"version":2}},"categories":[268],"tags":[224],"class_list":["post-21015","post","type-post","status-publish","format-standard","hentry","category-eleicoes-2018","tag-3b"],"jetpack_publicize_connections":[],"jetpack_featured_media_url":"","jetpack_shortlink":"https:\/\/wp.me\/p659gw-5sX","jetpack-related-posts":[],"jetpack_likes_enabled":true,"jetpack_sharing_enabled":true,"_links":{"self":[{"href":"https:\/\/pcb.org.br\/portal2\/wp-json\/wp\/v2\/posts\/21015","targetHints":{"allow":["GET"]}}],"collection":[{"href":"https:\/\/pcb.org.br\/portal2\/wp-json\/wp\/v2\/posts"}],"about":[{"href":"https:\/\/pcb.org.br\/portal2\/wp-json\/wp\/v2\/types\/post"}],"author":[{"embeddable":true,"href":"https:\/\/pcb.org.br\/portal2\/wp-json\/wp\/v2\/users\/1"}],"replies":[{"embeddable":true,"href":"https:\/\/pcb.org.br\/portal2\/wp-json\/wp\/v2\/comments?post=21015"}],"version-history":[{"count":0,"href":"https:\/\/pcb.org.br\/portal2\/wp-json\/wp\/v2\/posts\/21015\/revisions"}],"wp:attachment":[{"href":"https:\/\/pcb.org.br\/portal2\/wp-json\/wp\/v2\/media?parent=21015"}],"wp:term":[{"taxonomy":"category","embeddable":true,"href":"https:\/\/pcb.org.br\/portal2\/wp-json\/wp\/v2\/categories?post=21015"},{"taxonomy":"post_tag","embeddable":true,"href":"https:\/\/pcb.org.br\/portal2\/wp-json\/wp\/v2\/tags?post=21015"}],"curies":[{"name":"wp","href":"https:\/\/api.w.org\/{rel}","templated":true}]}}