{"id":2105,"date":"2011-11-25T12:04:08","date_gmt":"2011-11-25T12:04:08","guid":{"rendered":"http:\/\/pcb.org.br\/portal2\/?p=2105"},"modified":"2011-11-25T12:04:08","modified_gmt":"2011-11-25T12:04:08","slug":"comandante-da-pm-anuncia-anistia-aos-pracas-excluidos-sargento-soares-comemora","status":"publish","type":"post","link":"https:\/\/pcb.org.br\/portal2\/2105","title":{"rendered":"Comandante da PM anuncia anistia aos pra\u00e7as exclu\u00eddos. Sargento Soares comemora"},"content":{"rendered":"\n<p>O comandante-geral da Pol\u00edcia Militar, coronel Nazareno Marcineiro, anunciou via twitter e por nota na rede interna da PM as resolu\u00e7\u00f5es do Conselho Estrat\u00e9gico da corpora\u00e7\u00e3o referente \u00e0 anistia, que se reuniu na ter\u00e7a-feira, 22 de novembro. A decis\u00e3o coroa 688 dias de luta da Associa\u00e7\u00e3o de Pra\u00e7as (Aprasc), desde que a lei federal de anistia foi promulgada em janeiro de 2010 pelo ex-presidente Luiz In\u00e1cio Lula da Silva.<\/p>\n<p>De acordo com a nota, a decis\u00e3o do colegiado, formado por todos coron\u00e9is da PM, foi baseada em dois pontos principais. O primeiro, jur\u00eddico. &#8220;\u00c9 sabido que, mais cedo ou mais tarde, o entendimento da lei federal [12.191\/2010] prevaleceria ou ent\u00e3o seria ratificado na Assembl\u00e9ia Legislativa atrav\u00e9s de uma lei estadual&#8221;, diz a nota. Segundo ponto, foi a relev\u00e2ncia pol\u00edtico-social da medida. &#8220;Quase todos os momentos em que se mantinha contato com autoridades das diversas for\u00e7as da sociedade, inclusive as pol\u00edticas, o tema sempre era tratado. Verifica-se que a anistia tornou-se um assunto recorrente e que deveria ser resolvido o mais r\u00e1pido poss\u00edvel&#8221;, menciona o texto.<\/p>\n<p>Presidente da Aprasc, o deputado Sargento Amauri Soares leu a \u00edntegra da nota em pronunciamento na Tribuna da Assembleia Legislativa, na tarde de quarta-feira (23). O parlamentar agradeceu a decis\u00e3o do comandante, do conselho de coron\u00e9is e de autoridades militares e civis. \u201cTemos vivido nas \u00faltimas horas momentos de alegria, entusiasmo e emo\u00e7\u00e3o por termos alcan\u00e7ado esse \u00eaxito\u201d, registrou.<\/p>\n<p>Sargento Soares destacou o momento de unidade e reunifica\u00e7\u00e3o da Pol\u00edcia Militar a partir da \u201ccicatriza\u00e7\u00e3o de uma ferida que sangrava h\u00e1 tr\u00eas anos\u201d. \u201cNesse momento a Pol\u00edcia Militar de Santa Catarina j\u00e1 \u00e9 mais forte\u201d, disse.<\/p>\n<p>Fonte:\u00a0<a href=\"http:\/\/www.sargentosoares.com.br\/noticia.php?id=1358\">http:\/\/www.sargentosoares.com.br\/noticia.php?id=1358<\/a><\/p>\n","protected":false},"excerpt":{"rendered":"\n\n\nCr\u00e9dito: Sargento Soares\n\n\n\n\n\n\n\n\nAlexandre Silva Brand\u00e3o\n<a class=\"moretag\" href=\"https:\/\/pcb.org.br\/portal2\/2105\"> <\/a>","protected":false},"author":1,"featured_media":0,"comment_status":"open","ping_status":"open","sticky":false,"template":"","format":"standard","meta":{"jetpack_post_was_ever_published":false,"_jetpack_newsletter_access":"","_jetpack_dont_email_post_to_subs":false,"_jetpack_newsletter_tier_id":0,"_jetpack_memberships_contains_paywalled_content":false,"_jetpack_memberships_contains_paid_content":false,"footnotes":"","jetpack_publicize_message":"","jetpack_publicize_feature_enabled":true,"jetpack_social_post_already_shared":false,"jetpack_social_options":{"image_generator_settings":{"template":"highway","default_image_id":0,"font":"","enabled":false},"version":2}},"categories":[88],"tags":[],"class_list":["post-2105","post","type-post","status-publish","format-standard","hentry","category-c101-criminalizacao"],"jetpack_publicize_connections":[],"jetpack_featured_media_url":"","jetpack_shortlink":"https:\/\/wp.me\/p659gw-xX","jetpack-related-posts":[],"jetpack_likes_enabled":true,"jetpack_sharing_enabled":true,"_links":{"self":[{"href":"https:\/\/pcb.org.br\/portal2\/wp-json\/wp\/v2\/posts\/2105","targetHints":{"allow":["GET"]}}],"collection":[{"href":"https:\/\/pcb.org.br\/portal2\/wp-json\/wp\/v2\/posts"}],"about":[{"href":"https:\/\/pcb.org.br\/portal2\/wp-json\/wp\/v2\/types\/post"}],"author":[{"embeddable":true,"href":"https:\/\/pcb.org.br\/portal2\/wp-json\/wp\/v2\/users\/1"}],"replies":[{"embeddable":true,"href":"https:\/\/pcb.org.br\/portal2\/wp-json\/wp\/v2\/comments?post=2105"}],"version-history":[{"count":0,"href":"https:\/\/pcb.org.br\/portal2\/wp-json\/wp\/v2\/posts\/2105\/revisions"}],"wp:attachment":[{"href":"https:\/\/pcb.org.br\/portal2\/wp-json\/wp\/v2\/media?parent=2105"}],"wp:term":[{"taxonomy":"category","embeddable":true,"href":"https:\/\/pcb.org.br\/portal2\/wp-json\/wp\/v2\/categories?post=2105"},{"taxonomy":"post_tag","embeddable":true,"href":"https:\/\/pcb.org.br\/portal2\/wp-json\/wp\/v2\/tags?post=2105"}],"curies":[{"name":"wp","href":"https:\/\/api.w.org\/{rel}","templated":true}]}}