{"id":21065,"date":"2018-10-10T14:27:06","date_gmt":"2018-10-10T17:27:06","guid":{"rendered":"https:\/\/pcb.org.br\/portal2\/?p=21065"},"modified":"2018-10-10T14:27:06","modified_gmt":"2018-10-10T17:27:06","slug":"sob-impacto","status":"publish","type":"post","link":"https:\/\/pcb.org.br\/portal2\/21065","title":{"rendered":"Sob impacto"},"content":{"rendered":"<p><img decoding=\"async\" class=\"imagem\" title=\"imagem\" src=\"https:\/\/i0.wp.com\/esquerdaonline.com.br\/wp-content\/uploads\/2018\/10\/8ea7567367767e5001da829dd3994e8e-1024x682.jpg\" alt=\"imagem\" \/><!--more-->\u00c9 muito dif\u00edcil escrever sobre essas elei\u00e7\u00f5es proporcionais e sobre o primeiro turno das elei\u00e7\u00f5es presidenciais. A maioria de votos em Jair Bolsonaro era prevista, embora n\u00e3o na propor\u00e7\u00e3o em que apareceu. A estranhar, a grande diferen\u00e7a entre as pesquisas pr\u00e9vias e os resultados do primeiro turno. O segundo turno reabre a contagem e reabre os embates. Reverteremos o cen\u00e1rio.<\/p>\n<p>Nesse momento, \u00e9 hora de unir todas as for\u00e7as democr\u00e1ticas, as for\u00e7as civilizat\u00f3rias, todas as for\u00e7as que conservam a humanidade como valor fundamental, as variadas for\u00e7as da esquerda, todas as for\u00e7as que defendem a vida, para enfrentar algo que todos pens\u00e1vamos ter ficado para tr\u00e1s. Algo que deveria estar no passado distante, como a defesa da tortura, os atos e gestos retomando as pr\u00e1ticas do nazi-fascismo. Ele volta a pairar como amea\u00e7a concreta sobre todos os seres humanos.<\/p>\n<p>Estou trist\u00edssima. E estou com medo. N\u00e3o o medo paralisante, mas o que acende a luz de alerta. O que nos deixa atentos e alertas. Precisamos estar prontos para interferir, para n\u00e3o permitir que um retrocesso dessas propor\u00e7\u00f5es atinja o pa\u00eds. O medo \u00e9 real, pois Bolsonaro sobe em palanque ensinando menininhas a empunhar armas, enquanto seus seguidores n\u00e3o hesitam em humilhar mulheres que cuidam de crian\u00e7as em pra\u00e7as, n\u00e3o t\u00eam vergonha de amedrontar m\u00e3es que amamentam como se isso fosse indecente, nem de espancar seres indefesos. O medo \u00e9 real e acende a luz de perigo.<\/p>\n<p>Medo principalmente pois Bolsonaro, que \u00e9 a continuidade do governo Temer tenta se apresentar como se fosse a mudan\u00e7a. \u00c9 a continuidade econ\u00f4mica, apoiando o ataque feito pelo parlamento-m\u00eddia-empresariado contra os direitos dos de baixo. \u00c9 a continuidade econ\u00f4mica, com olhos de ave de rapina sobre o que Temer ainda n\u00e3o conseguiu destruir do patrim\u00f4nio p\u00fablico, como a previd\u00eancia p\u00fablica que ainda assegura aposentadorias a milh\u00f5es. \u00c9 a continuidade de Temer pela entrega das chaves dos cofres p\u00fablicos aos empres\u00e1rios. Mas, pior ainda, a continuidade de Temer atrav\u00e9s de Bolsonaro \u00e9 a continuidade da crise. Bolsonaro \u00e9 apenas a maior escala da pol\u00edtica de Temer. Que s\u00f3 piorou a crise. Mas com Bolsonaro ela pode ser ainda pior, e derreter a moeda brasileira, como est\u00e1 ocorrendo com a Turquia ou com a Argentina. As magras poupan\u00e7as dos pequenos ser\u00e3o devoradas, mas alguns endinheirados ganhar\u00e3o com a especula\u00e7\u00e3o. Ter\u00e1 valido a pena esse dinheiro cheio de sofrimento? O que restar\u00e1 na terra arrasada?<\/p>\n<p>Bolsonaro \u00e9 a continuidade de Temer, com o aprofundamento da viol\u00eancia e da inseguran\u00e7a. Viol\u00eancia e inseguran\u00e7a que j\u00e1 existem h\u00e1 muitos anos e que pesam mais sobre a maioria da popula\u00e7\u00e3o pobre. Pesa nos trens, nos bairros, nas festas, nas fam\u00edlias. Como se sabe, o Rio de Janeiro continua a ser o laborat\u00f3rio da experi\u00eancia dessa viol\u00eancia de dentro e de fora do Estado, que se veste de roupas de Ex\u00e9rcito, de pol\u00edcia, de mil\u00edcia e do tr\u00e1fico para se impor pelo terror. Contra tudo e contra todos. N\u00e3o h\u00e1 pesquisa, n\u00e3o h\u00e1 investiga\u00e7\u00e3o. Atuam tristemente de maneira parecida. As favelas do Rio conhecem bem essa viol\u00eancia e est\u00e3o fartas dela. Jogar mais bombas e atirar covardemente desde helic\u00f3pteros sobre toda a popula\u00e7\u00e3o, como faz o tr\u00e1fico e fez o governo Temer n\u00e3o diminuiu a viol\u00eancia. Seu aumento brutal nos anos Temer ser\u00e1 continuado por Bolsonaro. A pequena viol\u00eancia dos pequenos furtos nos bairros ricos talvez volte a ser punida com a morte imediata. A frio e sem Justi\u00e7a. J\u00e1 vimos que ousar pensar diferente, ousar enfrentar pelo argumento ou pela Justi\u00e7a pode ser punido com o exterm\u00ednio, como aconteceu com Marielle Franco e com Anderson Gomes no governo Temer. A fam\u00edlia Bolsonaro faz quest\u00e3o de se associar a mais essa viol\u00eancia. Democracia? Estado de direito?<\/p>\n<p>Na sequ\u00eancia do governo Temer, agora na figura de Bolsonaro, ningu\u00e9m sabe se haver\u00e1 alguma Justi\u00e7a. \u00c9 sempre bom lembrar que quando a grande maioria n\u00e3o tem justi\u00e7a nem direitos, as minorias descobrem que suas pr\u00f3prias vidas pouco valem.<\/p>\n<p>Os ricos se cercar\u00e3o de mais de muros, mais arames farpados e concertinas, mais carros e helic\u00f3pteros blindados, pois a viol\u00eancia sobre as maiorias trar\u00e1 o combate a cada dia mais perto. Seguramente muitos fugir\u00e3o para longe, quando a situa\u00e7\u00e3o apertar. Ir\u00e3o para os Estados Unidos ou Europa, onde as leis ainda valem para todos. L\u00e1, sabem que n\u00e3o podem desdenhar os que lhes servem. E aqui? Vigilantes, faxineiros, cozinheiras, bab\u00e1s, manicures, motoristas, enfermeiros, professores\u2026 Ser\u00e3o tratados como gente?<\/p>\n<p>Na corrup\u00e7\u00e3o, Bolsonaro ser\u00e1 diferente de Temer? O MDB de Temer \u00e9 o campe\u00e3o, e lembramos das malas de Geddel. Mas tamb\u00e9m o PT, o PSDB e praticamente todos os partidos foram atingidos. O partido de Bolsonaro mudou de nome, para desvencilhar-se das den\u00fancias. De Partido Social Crist\u00e3o tornou-se Partido Social Liberal\u2026 A hist\u00f3ria brasileira \u00e9 povoada pela corrup\u00e7\u00e3o. Corrup\u00e7\u00e3o come\u00e7a pelo alto, pelos grandes, que n\u00e3o pagam impostos, que t\u00eam descontos para pagar o que deviam quando atrasam, que levam seus dinheiros para o exterior ilegalmente e podem traz\u00ea-los de volta, lavados e limpos de impostos, por ofertas de Temer. Para corromper algu\u00e9m \u00e9 preciso ter dinheiro e em todos os casos, os grandes empres\u00e1rios foram ativos na corrup\u00e7\u00e3o. Ser\u00e1 que um congresso povoado de empres\u00e1rios riqu\u00edssimos e de pol\u00edticos como Bolsonaro, que diz que far\u00e1 tudo o que os empres\u00e1rios querem ser\u00e1 limpo? O mais prov\u00e1vel \u00e9 que um governo Bolsonaro imponha morda\u00e7as e que s\u00f3 apare\u00e7a o que for conveniente para eles. Ser\u00e1 que todos os empres\u00e1rios s\u00e3o iguais? Ou devemos esperar que alguns se levantem contra a monstruosidade que se anuncia?<\/p>\n<p>Ser\u00e1 que essa viol\u00eancia contra os de baixo exprime a religi\u00e3o e a religiosidade do povo brasileiro? Sei que n\u00e3o. Muitas fam\u00edlias querem uma vida mais tranquila, com menos assaltos, com menos sobressaltos. Melhor transporte, melhor sa\u00fade, mais e melhores escolas, universidades para seus filhos e netos. Essas fam\u00edlias t\u00eam raz\u00e3o, e lutaram muito por uma vida correta. N\u00e3o devem o que conseguiram a ningu\u00e9m e se houve pol\u00edticas que as beneficiaram, era apenas uma quest\u00e3o de justi\u00e7a. Como essas fam\u00edlias far\u00e3o quando a injusti\u00e7a dominar com Bolsonaro, como Temer j\u00e1 come\u00e7ou a fazer? Quando Bolsonaro ainda aument\u00e1-la? Como far\u00e3o se desgra\u00e7adamente seus filhos forem agredidos, apenas por morarem em sub\u00farbios ou terem cor de pele diversa de seus agressores? Ter\u00e3o mais uma vez de silenciar, por medo? Seus padres e pastores dizem ter compromisso com o seu sofrimento. Estar\u00e3o do lado de seu sofrimento ou ser\u00e3o prostrados por seus algozes, eles tamb\u00e9m atemorizados?<\/p>\n<p>A censura est\u00e1 \u00e0s portas, e pela viol\u00eancia. Silenciamento acrescido de atemoriza\u00e7\u00e3o direta, pela viol\u00eancia de novos grupos que nem sabemos quem s\u00e3o, pois n\u00e3o se identificam e atacam escondidos\u2026 Mas que j\u00e1 circulam de camisetas \u2018bolsonaro\u2019, que j\u00e1 atiram a esmo nas ruas, que impedem aulas, que intimidam os que discordam, que pro\u00edbem a cultura. O que far\u00e3o quando o chefe estiver no governo?<\/p>\n<p>N\u00e3o tenho d\u00favidas de que em todo o espectro pol\u00edtico h\u00e1 gente digna. Do centro e da direita, das religi\u00f5es e dos clubes dever\u00e3o emergir vozes em defesa do ser humano e das liberdades democr\u00e1ticas. O horror do totalitarismo \u00e9 a \u00fanica coisa democr\u00e1tica a sobreviver quando um pesadelo desse tipo se estabelece. O totalitarismo persegue, discrimina, humilha, tortura e assassina. Em primeiro lugar ataca aqueles que escolhe como inimigos, os que pensam diferente dele. A liberdade de pensamento acaba. Reclamar pode ser uma senten\u00e7a de morte.<\/p>\n<p>Essa viol\u00eancia pode voltar-se contra qualquer um, inclusive os filhos de poderosos, que discordem por uma raz\u00e3o ou outra. O horror pode ser ainda mais arbitr\u00e1rio e designar como inimigos grupos ou setores inteiros da popula\u00e7\u00e3o, at\u00e9 mesmo da pr\u00f3pria classe dominante. Isso j\u00e1 ocorreu na Alemanha, quando os judeus, pobres ou riqu\u00edssimos, foram perseguidos. Foram expropriados, perseguidos, assassinados. Reduzidos ao mesmo p\u00f3 que os demais, os comunistas, os homossexuais, os ciganos e algumas religi\u00f5es. Apenas por existirem.<\/p>\n<p>N\u00e3o \u00e9 poss\u00edvel normalizar e comparar candidaturas como a de Bolsonaro e a de Fernando Haddad. Por mais horror que agora alguns poderosos tenham a Lula, depois de enriquecerem como nunca em seu governo, precisam lembrar que o candidato \u00e9 Fernando Haddad e n\u00e3o Lula. Que os governos Lula jamais impuseram uma ditadura totalit\u00e1ria. E esse \u00e9 o risco brutal que corremos. Se imaginam que conseguir\u00e3o controlar Bolsonaro, que o disciplinar\u00e3o, precisam lembrar-se que sequer o Ex\u00e9rcito conseguiu esse feito.<\/p>\n<p>A imprensa precisaria cumprir seu verdadeiro papel e interrogar sobre o que todos sabem (a viol\u00eancia, a desigualdade, o anti-feminismo, o racismo, a difus\u00e3o de falsas informa\u00e7\u00f5es). Esclarecer sobre os programas, interrog\u00e1-los a fundo e n\u00e3o transformar os debates num pastiche esterilizado.<\/p>\n<p>A imprensa brasileira est\u00e1 acostumada a amedrontar a maioria da popula\u00e7\u00e3o, para garantir suas pr\u00f3prias posi\u00e7\u00f5es. Mas agora, que o medo da barb\u00e1rie \u00e9 real e palp\u00e1vel, finge que n\u00e3o est\u00e1 acontecendo nada. Mesmo seus pares, os jornalistas estrangeiros, se espantam. Como \u00e9 poss\u00edvel tratar a trucul\u00eancia de Bolsonaro e de seus sequazes como se fosse \u2018normal\u2019?<\/p>\n<p>N\u00e3o h\u00e1 d\u00favidas do que fazer. Organizar a defesa da humanidade e construir as brechas que permitam ir al\u00e9m do pesadelo no qual estamos mergulhados. Temos muitas cr\u00edticas ao PT, mas nesse momento ele \u00e9 a \u00fanica possibilidade de que n\u00e3o trucidem tudo o que humanidade conquistou. Todos perderemos algo. \u00c9 pouco diante do imenso abismo com o qual Bolsonaro nos amea\u00e7a.<\/p>\n<p>Esse \u00e9 um grito de alerta. O Brasil n\u00e3o pertence a alguns grandes propriet\u00e1rios nem aos que pregam a viol\u00eancia gratuita. A defesa da vida come\u00e7a com cerrar fileiras com Fernando Haddad, e com todos os que defendem que humanidade e democracia n\u00e3o s\u00e3o palavras vazias. Votar agora \u00e9 mais importante do que nunca.<\/p>\n<p>* Virg\u00ednia Fontes,\u00a0historiadora, professora-pesquisadora da EPSJV e da Universidade Federal Fluminense (UFF), e autora do livro \u201cO Brasil e o capital-imperialismo.<\/p>\n<p>Por: Virg\u00ednia Fontes*, de Niter\u00f3i, RJ<\/p>\n<p>https:\/\/esquerdaonline.com.br\/<wbr \/>2018\/10\/10\/eleicoes-sob-<wbr \/>impacto\/<\/p>\n","protected":false},"excerpt":{"rendered":"<a class=\"moretag\" href=\"https:\/\/pcb.org.br\/portal2\/21065\"> <\/a>","protected":false},"author":1,"featured_media":0,"comment_status":"closed","ping_status":"closed","sticky":false,"template":"","format":"standard","meta":{"jetpack_post_was_ever_published":false,"_jetpack_newsletter_access":"","_jetpack_dont_email_post_to_subs":false,"_jetpack_newsletter_tier_id":0,"_jetpack_memberships_contains_paywalled_content":false,"_jetpack_memberships_contains_paid_content":false,"footnotes":"","jetpack_publicize_message":"","jetpack_publicize_feature_enabled":true,"jetpack_social_post_already_shared":true,"jetpack_social_options":{"image_generator_settings":{"template":"highway","default_image_id":0,"font":"","enabled":false},"version":2}},"categories":[268],"tags":[222],"class_list":["post-21065","post","type-post","status-publish","format-standard","hentry","category-eleicoes-2018","tag-2b"],"jetpack_publicize_connections":[],"jetpack_featured_media_url":"","jetpack_shortlink":"https:\/\/wp.me\/p659gw-5tL","jetpack-related-posts":[],"jetpack_likes_enabled":true,"jetpack_sharing_enabled":true,"_links":{"self":[{"href":"https:\/\/pcb.org.br\/portal2\/wp-json\/wp\/v2\/posts\/21065","targetHints":{"allow":["GET"]}}],"collection":[{"href":"https:\/\/pcb.org.br\/portal2\/wp-json\/wp\/v2\/posts"}],"about":[{"href":"https:\/\/pcb.org.br\/portal2\/wp-json\/wp\/v2\/types\/post"}],"author":[{"embeddable":true,"href":"https:\/\/pcb.org.br\/portal2\/wp-json\/wp\/v2\/users\/1"}],"replies":[{"embeddable":true,"href":"https:\/\/pcb.org.br\/portal2\/wp-json\/wp\/v2\/comments?post=21065"}],"version-history":[{"count":0,"href":"https:\/\/pcb.org.br\/portal2\/wp-json\/wp\/v2\/posts\/21065\/revisions"}],"wp:attachment":[{"href":"https:\/\/pcb.org.br\/portal2\/wp-json\/wp\/v2\/media?parent=21065"}],"wp:term":[{"taxonomy":"category","embeddable":true,"href":"https:\/\/pcb.org.br\/portal2\/wp-json\/wp\/v2\/categories?post=21065"},{"taxonomy":"post_tag","embeddable":true,"href":"https:\/\/pcb.org.br\/portal2\/wp-json\/wp\/v2\/tags?post=21065"}],"curies":[{"name":"wp","href":"https:\/\/api.w.org\/{rel}","templated":true}]}}