{"id":21107,"date":"2018-10-17T22:32:36","date_gmt":"2018-10-18T01:32:36","guid":{"rendered":"https:\/\/pcb.org.br\/portal2\/?p=21107"},"modified":"2018-10-17T02:36:29","modified_gmt":"2018-10-17T05:36:29","slug":"aumenta-retorica-hostil-dos-estados-unidos-contra-cuba","status":"publish","type":"post","link":"https:\/\/pcb.org.br\/portal2\/21107","title":{"rendered":"Aumenta ret\u00f3rica hostil dos Estados Unidos contra Cuba"},"content":{"rendered":"<p><img decoding=\"async\" class=\"imagem\" title=\"imagem\" src=\"https:\/\/i0.wp.com\/pt.granma.cu\/file\/img\/2018\/10\/medium\/f0015451.jpg\" alt=\"imagem\" \/><!--more-->O diretor-geral para os Estados Unidos no Minist\u00e9rio das Rela\u00e7\u00f5es Exteriores de Cuba, Carlos Fern\u00e1ndez de Coss\u00edo, advertiu que nos \u00faltimos meses o governo dos EUA aumentou a ret\u00f3rica hostil contra Cuba.<\/p>\n<p>Granma<\/p>\n<p>O diretor-geral para os Estados Unidos no Minist\u00e9rio das Rela\u00e7\u00f5es Exteriores de Cuba, Carlos Fern\u00e1ndez de Coss\u00edo, advertiu que, nos \u00faltimos meses, o governo dos EUA aumentou a ret\u00f3rica hostil contra Cuba. \u00abLan\u00e7a m\u00e3o de repetidos pronunciamentos de altos funcion\u00e1rios para fabricar pretextos para levar a um clima de maior tens\u00e3o bilateral\u00bb, disse o funcion\u00e1rio.<\/p>\n<p>Coss\u00edo esclareceu que \u00abde maneira muito espec\u00edfica, os Estados Unidos pretendem defender com qualquer recurso a pol\u00edtica unilateral de bloqueio econ\u00f4mico, que \u00e9 alvo do rep\u00fadio universal por sua natureza criminosa e que viola o Direito Internacional\u00bb.<\/p>\n<p>Observou, de acordo com o site Cubaminrex, que o governo dos EUA \u00absabe que \u00e9 um comportamento que n\u00e3o tem o apoio da popula\u00e7\u00e3o norte-americana, ou dos cubanos que residem l\u00e1\u00bb, e apontou que seus l\u00edderes atacam o sistema pol\u00edtico e social livremente escolhido pelo povo cubano, ignorando o direito soberano de cada pa\u00eds de determinar seu destino.<\/p>\n<p>\u00abEles fazem acusa\u00e7\u00f5es infundadas contra Cuba com os chamados incidentes de sa\u00fade, emitindo acusa\u00e7\u00f5es difamat\u00f3rias sobre a seguran\u00e7a de seus diplomatas em Cuba\u00bb, acrescentou Fern\u00e1ndez de Coss\u00edo.<\/p>\n<p>Acrescentou que se pretende retomar a campanha fracassada contra Cuba na \u00e1rea dos direitos humanos.<\/p>\n<p>Observou que \u00ablonge de discutir com base no respeito, como Cuba est\u00e1 disposta a fazer por prop\u00f3sitos de coopera\u00e7\u00e3o e como faz com outros pa\u00edses, o governo dos Estados Unidos lan\u00e7a m\u00e3o de acusa\u00e7\u00f5es fraudulentas e campanhas difamat\u00f3rias\u00bb.<\/p>\n<p>O diplomata lembrou que \u00e9 \u00abo governo que virou as costas \u00e0s Na\u00e7\u00f5es Unidas em termos de direitos humanos\u00bb, que s\u00e3o muitas vezes relatados nos Estados Unidos ou por a\u00e7\u00f5es de seu governo \u00abcasos de abuso com a pena de morte\u00bb da viol\u00eancia policial, de dezenas de milhares de desabrigados, de abuso de crian\u00e7as, de pessoas separadas de seus pais e de atentados que matam civis inocentes em pa\u00edses terceiros, nada disso acontecendo em Cuba ou por causa de Cuba\u00bb.<\/p>\n<p>Segundo o diretor-geral, o governo dos EUA dedica milh\u00f5es de d\u00f3lares todos os anos \u00abpara atentar contra a ordem constitucional cubana, interferir nos assuntos internos e financiar os indiv\u00edduos que atuam como agentes de uma pot\u00eancia estrangeira, que em Cuba \u00e9 ilegal, bem como \u00e9 nos Estados Unidos e em outros pa\u00edses\u00bb.<\/p>\n<p>Fern\u00e1ndez de Coss\u00edo denunciou como \u00abdeclara\u00e7\u00f5es e falsidades irrespons\u00e1veis e provocadoras\u00bb que o governo dos Estados Unidos usa para justificar o rev\u00e9s imposto nas rela\u00e7\u00f5es bilaterais. Ele lembrou que \u00abrecentemente foram incorporadas \u00e0s estruturas de pol\u00edtica externa figuras do Governo de reconhecida trajet\u00f3ria anticubana, capazes, como no passado, de fabricar falsidades que foram desmascaradas e publicamente documentadas, inclusive pelo Congresso dos Estados Unidos\u00bb.<\/p>\n<p>\u00abCuba \u00e9 um pa\u00eds de paz, que desenvolve suas rela\u00e7\u00f5es exteriores com base no respeito e coopera\u00e7\u00e3o, que tem uma trajet\u00f3ria reconhecida de solidariedade e amizade, particularmente com os pa\u00edses em desenvolvimento\u00bb, disse o funcion\u00e1rio, acrescentando que \u00ab\u00e9 a pol\u00edtica dos Estados Unidos para Cuba aquele que sofre isolamento\u00bb.<\/p>\n<p>E ressaltou que, como se ver\u00e1, no pr\u00f3ximo dia 31 de outubro, a comunidade internacional exigir\u00e1 novamente o fim do bloqueio nas Na\u00e7\u00f5es Unidas. \u00abO governo dos Estados Unidos e seu Departamento de Estado devem prestar aten\u00e7\u00e3o a essa reivindica\u00e7\u00e3o universal\u00bb.<\/p>\n<p><strong>Photo:\u00a0<\/strong>Juvenal Bal\u00e1n<\/p>\n<p>http:\/\/pt.granma.cu\/cuba\/2018-10-15\/escalada-na-retorica-hostil-dos-estados-unidos-contra-cuba<\/p>\n","protected":false},"excerpt":{"rendered":"<a class=\"moretag\" href=\"https:\/\/pcb.org.br\/portal2\/21107\"> <\/a>","protected":false},"author":1,"featured_media":0,"comment_status":"closed","ping_status":"closed","sticky":false,"template":"","format":"standard","meta":{"jetpack_post_was_ever_published":false,"_jetpack_newsletter_access":"","_jetpack_dont_email_post_to_subs":false,"_jetpack_newsletter_tier_id":0,"_jetpack_memberships_contains_paywalled_content":false,"_jetpack_memberships_contains_paid_content":false,"footnotes":"","jetpack_publicize_message":"","jetpack_publicize_feature_enabled":true,"jetpack_social_post_already_shared":true,"jetpack_social_options":{"image_generator_settings":{"template":"highway","default_image_id":0,"font":"","enabled":false},"version":2}},"categories":[48,165,38],"tags":[228],"class_list":["post-21107","post","type-post","status-publish","format-standard","hentry","category-c58-cuba","category-eua","category-c43-imperialismo","tag-5b"],"jetpack_publicize_connections":[],"jetpack_featured_media_url":"","jetpack_shortlink":"https:\/\/wp.me\/p659gw-5ur","jetpack-related-posts":[],"jetpack_likes_enabled":true,"jetpack_sharing_enabled":true,"_links":{"self":[{"href":"https:\/\/pcb.org.br\/portal2\/wp-json\/wp\/v2\/posts\/21107","targetHints":{"allow":["GET"]}}],"collection":[{"href":"https:\/\/pcb.org.br\/portal2\/wp-json\/wp\/v2\/posts"}],"about":[{"href":"https:\/\/pcb.org.br\/portal2\/wp-json\/wp\/v2\/types\/post"}],"author":[{"embeddable":true,"href":"https:\/\/pcb.org.br\/portal2\/wp-json\/wp\/v2\/users\/1"}],"replies":[{"embeddable":true,"href":"https:\/\/pcb.org.br\/portal2\/wp-json\/wp\/v2\/comments?post=21107"}],"version-history":[{"count":0,"href":"https:\/\/pcb.org.br\/portal2\/wp-json\/wp\/v2\/posts\/21107\/revisions"}],"wp:attachment":[{"href":"https:\/\/pcb.org.br\/portal2\/wp-json\/wp\/v2\/media?parent=21107"}],"wp:term":[{"taxonomy":"category","embeddable":true,"href":"https:\/\/pcb.org.br\/portal2\/wp-json\/wp\/v2\/categories?post=21107"},{"taxonomy":"post_tag","embeddable":true,"href":"https:\/\/pcb.org.br\/portal2\/wp-json\/wp\/v2\/tags?post=21107"}],"curies":[{"name":"wp","href":"https:\/\/api.w.org\/{rel}","templated":true}]}}