{"id":2120,"date":"2011-11-28T22:23:38","date_gmt":"2011-11-28T22:23:38","guid":{"rendered":"http:\/\/pcb.org.br\/portal2\/?p=2120"},"modified":"2011-11-28T22:23:38","modified_gmt":"2011-11-28T22:23:38","slug":"corrigir-os-erros-fortalecer-a-unidade","status":"publish","type":"post","link":"https:\/\/pcb.org.br\/portal2\/2120","title":{"rendered":"CORRIGIR OS ERROS, FORTALECER A UNIDADE"},"content":{"rendered":"\n<p>O pleno do CC do PCC sa\u00fada a milit\u00e2ncia, partid\u00e1ria e juvenil, os candidatos(as), aliados(as), amigos(as), aos compatriotas que apoiaram nossas propostas na campanha eleitoral culminada em 30 de outubro; a todos(as) os(as) que lutam pela unidade do povo para construir um novo pa\u00eds; e lhes \u00a0convida a compartilhar o di\u00e1logo e o interc\u00e2mbio de ideias e iniciativas com base nas seguintes conclus\u00f5es.<\/p>\n<p>A crise capitalista mundial se estende e se aprofunda em todo o planeta, atingindo a milh\u00f5es de seres humanos, jogando-os no desemprego e na mis\u00e9ria, como a fome na \u00c1frica e em outros continentes, \u00a0ofertando \u00e0 juventude apenas a desesperan\u00e7a e a falta de futuro. Por sua vez, ap\u00f3s a agress\u00e3o e linchamento na L\u00edbia, os Estados Unidos e a OTAN promovem amea\u00e7as guerreiristas contra a S\u00edria, Ir\u00e3 e a RDPC. A fase de resist\u00eancia e de protesto se manifestou nas mobiliza\u00e7\u00f5es e explos\u00f5es sociais, obreiras e juvenis na Europa e est\u00e1 na base das chamadas revolu\u00e7\u00f5es \u00e1rabes.<\/p>\n<p>Muitos destes enfrentamentos de classe n\u00e3o produziram, por agora, mudan\u00e7as avan\u00e7adas nem impediram a reprodu\u00e7\u00e3o de governos de direita. Na Am\u00e9rica Latina os governos progressistas lograram sua perman\u00eancia, mesmo com contradi\u00e7\u00f5es internas e sem dar passos a transforma\u00e7\u00f5es \u00a0Sem embargo, h\u00e1 um novo governo no Peru, Cristina Fern\u00e1ndez foi reeleita na Argentina e o sandinismo conseguiu um per\u00edodo adicional na Nicar\u00e1gua, o que mostra que a tend\u00eancia \u00e0s mudan\u00e7as democr\u00e1ticas n\u00e3o puderam ser contra-atacadas pela direita e nem pelo imperialismo.<\/p>\n<p>O mapa real da luta de classes no pa\u00eds mostra o crescimento da inconformidade, do protesto e a din\u00e2mica das mobiliza\u00e7\u00f5es. Em destaque o processo dos estudantes que alcan\u00e7ou um triunfo importante contra a mercantiliza\u00e7\u00e3o da educa\u00e7\u00e3o. O movimento real, que inclui todas as formas de resist\u00eancia, emana ainda dispers\u00e3o, falta de suficiente coordena\u00e7\u00e3o, despolitiza\u00e7\u00e3o e diversidade de enfoques. O ritmo dos acontecimentos e das lutas desborda os fr\u00e1geis avan\u00e7os unit\u00e1rios de seus destacamentos mais din\u00e2micos e a capacidade diretiva da CUT. Sem embargo, a perspectiva indica que as lutas sociais v\u00e3o prosseguir em amplitude e intensidade.<\/p>\n<p>Nas recentes elei\u00e7\u00f5es locais, o P\u00d3LO, \u00fanica for\u00e7a opositora com express\u00e3o eleitoral, sofreu um retrocesso de seus \u00eaxitos anteriores, entre outros fatores, por sua desconex\u00e3o dos processos de emerg\u00eancia popular. Os resultados eleitorais adversos, em Bogot\u00e1 e outros lugares, n\u00e3o representam o fim da esquerda nem podem ser obst\u00e1culo para a continuidade das tarefas. Extra\u00edmos autocriticamente as li\u00e7\u00f5es que se imp\u00f5em para o presente e o futuro. Saudamos em especial a elei\u00e7\u00e3o de prefeitos, vereadores e deputados em Caquet\u00e1, Arauca, Caldas, Amazonas e Antioquia.<\/p>\n<p>O regime pol\u00edtico tenta recuperar a hegemonia seriamente questionada pela crise com a inten\u00e7\u00e3o mais ou menos exitosa de legitimar a chamada democracia governamental. Contou com o respaldo dos Estados Unidos na aprova\u00e7\u00e3o pelo Congresso yanqui do TLC (Tratado de Livre Com\u00e9rcio) e a prolonga\u00e7\u00e3o do Plano Col\u00f4mbia, a abertura total a investimentos estrangeiros (IE) e o saque dos minerais energ\u00e9ticos do pa\u00eds, as pol\u00edtica de coopta\u00e7\u00e3o dos movimentos sociais e dos defensores dos Direitos Humanos, a militariza\u00e7\u00e3o frente aos protestos dos trabalhadores contra as empresas transnacionais (ETN), as deten\u00e7\u00f5es e outros modos de repress\u00e3o. Os pacotes legislativos aprovados ou em debate e novas ag\u00eancias do aparato estatal refor\u00e7am o autoritarismo e as concess\u00f5es ao militarismo. O narco-paramilitarismo segue de p\u00e9, o que contradiz a afirma\u00e7\u00e3o de que Santos \u201clavou a cara do regime\u201d.<\/p>\n<p>O arcabou\u00e7o institucional guarda rela\u00e7\u00e3o com a necessidade de Santos por destruir em breve prazo as for\u00e7as revolucion\u00e1rias ante o temor de uma agudiza\u00e7\u00e3o da crise nacional. Neste sentido devemos analisar a escalada da guerra e a prioridade da solu\u00e7\u00e3o militar sob a forma da decapita\u00e7\u00e3o seletiva da insurg\u00eancia para fechar estrategicamente as possibilidades de uma solu\u00e7\u00e3o pol\u00edtica negociada. O assassinato de Alfonso Cano, cuja estatura revolucion\u00e1ria silencia a imagem criminosa orquestrada pelo governo, \u00e9 uma severa e veemente nega\u00e7\u00e3o \u00e0 solu\u00e7\u00e3o pol\u00edtica. Justamente por isso, a luta pela paz cobra uma renovada e transcendental import\u00e2ncia, que pode definir o curso das sa\u00eddas \u00e0 crise. O novo \u00e9 que a interven\u00e7\u00e3o da luta popular de massas pode se constituir no fator din\u00e2mico decisivo at\u00e9 a solu\u00e7\u00e3o pol\u00edtica, se avan\u00e7ar positivamente o processo de unidade e a maior coordena\u00e7\u00e3o do conjunto dos movimentos sociais e a oposi\u00e7\u00e3o democr\u00e1tica. N\u00e3o se pode separar o mapa da luta social em ascens\u00e3o do mapa da paz democr\u00e1tica com justi\u00e7a social.<\/p>\n<p>Consequentemente, se faz muito mais urgente a reestrutura\u00e7\u00e3o org\u00e2nica, a reorienta\u00e7\u00e3o como projeto e a amplia\u00e7\u00e3o do P\u00d3LO como parte do processo de supera\u00e7\u00e3o de sua crise. A experi\u00eancia da unidade ensina que se requer uma identidade de objetivos, de m\u00e9todos democr\u00e1ticos e de conviv\u00eancia de projetos afins para as transforma\u00e7\u00f5es sociais e pol\u00edticas. A esquerda n\u00e3o pode ser \u00a0estribo para que outros cavalguem em fun\u00e7\u00e3o de interesses corruptos. Ademais, as propostas da esquerda n\u00e3o s\u00e3o incompat\u00edveis com a unidade mais ampla, o respeito \u00e0 diversidade e o recha\u00e7o ao sectarismo.<\/p>\n<p>O PaCoCol pensa que o debate da crise deve ser com a base do P\u00d3LO em todos os n\u00edveis (local, municipal, de comunas ou localidades). Propomos um semin\u00e1rio ideol\u00f3gico sobre temas centrais: \u00a0o programa e seu compromisso com a luta pela paz como parte insepar\u00e1vel da luta pela democracia; a vincula\u00e7\u00e3o com os processos populares e movimento de v\u00edtimas, o papel das regi\u00f5es, o exame cr\u00edtico e autocr\u00edtico das experi\u00eancias parlamentares e do governo.<\/p>\n<p>O 3\u00ba Congresso Nacional \u00e9 a oportunidade de iniciativas para a a\u00e7\u00e3o unit\u00e1ria, a solidariedade com as lutas em curso, o chamado \u00e0 juventude, \u00e0s mulheres, aos trabalhadores e \u00e0s regi\u00f5es para atuar em conjunto na perspectiva do governo democr\u00e1tico que a Col\u00f4mbia requer.<\/p>\n<p>O pleno aprovou a convocat\u00f3ria do XXI Congresso do PaCoCol. Al\u00e9m do programa e dos estatutos, teremos que abordar profundamente temas como a organiza\u00e7\u00e3o, o crescimento, a rela\u00e7\u00e3o com as massas, as escolas e a forma\u00e7\u00e3o, a identidade comunista, as experi\u00eancias da unidade e as tarefas para materializar sua miss\u00e3o pol\u00edtica e seus objetivos de maior alcance. A prepara\u00e7\u00e3o do congresso se inscreve na batalha de ideias em prol da paz, do socialismo, da solidariedade internacionalista e dos valores \u00e9ticos da luta revolucion\u00e1ria. Expressa, com fraternidade e esp\u00edrito partid\u00e1rio a sauda\u00e7\u00e3o e a convic\u00e7\u00e3o pelo \u00eaxito do XIV Congresso da Juventude Comunista a celebrar-se em Bogot\u00e1 de 09 a 11 de dezembro.<\/p>\n<p>Com todos os setores da esquerda, com o P\u00d3LO, com as organiza\u00e7\u00f5es e processos reunidos na Grande Coaliza\u00e7\u00e3o Democr\u00e1tica e o Comosocol, chamamos todos a potencializar o protesto unit\u00e1rio, as mobiliza\u00e7\u00f5es de massas e a prepara\u00e7\u00e3o da Greve C\u00edvica Nacional.<\/p>\n<p>Bogot\u00e1, novembro de 2011<\/p>\n<p>PARTIDO COMUNISTA COLOMBIANO<\/p>\n<p>COMIT\u00ca CENTRAL<\/p>\n<p>Integrante do PDA<\/p>\n","protected":false},"excerpt":{"rendered":"\n\n\nCr\u00e9dito: PACOCOL\n\n\n\n\n\n\n\n\nDeclara\u00e7\u00e3o do Comit\u00ea Central do Partido Comunista Colombiano\n<a class=\"moretag\" href=\"https:\/\/pcb.org.br\/portal2\/2120\"> <\/a>","protected":false},"author":1,"featured_media":0,"comment_status":"open","ping_status":"open","sticky":false,"template":"","format":"standard","meta":{"jetpack_post_was_ever_published":false,"_jetpack_newsletter_access":"","_jetpack_dont_email_post_to_subs":false,"_jetpack_newsletter_tier_id":0,"_jetpack_memberships_contains_paywalled_content":false,"_jetpack_memberships_contains_paid_content":false,"footnotes":"","jetpack_publicize_message":"","jetpack_publicize_feature_enabled":true,"jetpack_social_post_already_shared":false,"jetpack_social_options":{"image_generator_settings":{"template":"highway","default_image_id":0,"font":"","enabled":false},"version":2}},"categories":[34],"tags":[],"class_list":["post-2120","post","type-post","status-publish","format-standard","hentry","category-c39-colombia"],"jetpack_publicize_connections":[],"jetpack_featured_media_url":"","jetpack_shortlink":"https:\/\/wp.me\/p659gw-yc","jetpack-related-posts":[],"jetpack_likes_enabled":true,"jetpack_sharing_enabled":true,"_links":{"self":[{"href":"https:\/\/pcb.org.br\/portal2\/wp-json\/wp\/v2\/posts\/2120","targetHints":{"allow":["GET"]}}],"collection":[{"href":"https:\/\/pcb.org.br\/portal2\/wp-json\/wp\/v2\/posts"}],"about":[{"href":"https:\/\/pcb.org.br\/portal2\/wp-json\/wp\/v2\/types\/post"}],"author":[{"embeddable":true,"href":"https:\/\/pcb.org.br\/portal2\/wp-json\/wp\/v2\/users\/1"}],"replies":[{"embeddable":true,"href":"https:\/\/pcb.org.br\/portal2\/wp-json\/wp\/v2\/comments?post=2120"}],"version-history":[{"count":0,"href":"https:\/\/pcb.org.br\/portal2\/wp-json\/wp\/v2\/posts\/2120\/revisions"}],"wp:attachment":[{"href":"https:\/\/pcb.org.br\/portal2\/wp-json\/wp\/v2\/media?parent=2120"}],"wp:term":[{"taxonomy":"category","embeddable":true,"href":"https:\/\/pcb.org.br\/portal2\/wp-json\/wp\/v2\/categories?post=2120"},{"taxonomy":"post_tag","embeddable":true,"href":"https:\/\/pcb.org.br\/portal2\/wp-json\/wp\/v2\/tags?post=2120"}],"curies":[{"name":"wp","href":"https:\/\/api.w.org\/{rel}","templated":true}]}}